{"id":23792,"date":"2018-08-17T10:47:53","date_gmt":"2018-08-17T07:47:53","guid":{"rendered":"http:\/\/emlaktuel.com\/?p=23792"},"modified":"2018-08-17T10:49:28","modified_gmt":"2018-08-17T07:49:28","slug":"idealist-cadde-projesi-on-talep-toplamaya-basladi","status":"publish","type":"post","link":"https:\/\/emlaktuel.com\/?p=23792","title":{"rendered":"&#8216;\u0130dealist Cadde&#8217; projesi \u00f6n talep toplamaya ba\u015flad\u0131"},"content":{"rendered":"<p><strong><em>Emlak Konut GYO g\u00fcvencesiyle, \u0130dealist GYO taraf\u0131ndan hayata ge\u00e7irilen \u0130dealist Cadde\u2019de \u00f6n talep d\u00f6nemi ba\u015flad\u0131. <\/em><\/strong><\/p>\n<p>\u0130stanbul\u2019un yeni geli\u015fim aks\u0131nda, Yavuz Sultan Selim K\u00f6pr\u00fcs\u00fc ve 3. \u00c7evreyolu gibi dev yat\u0131r\u0131mlarla de\u011fer kazanan \u015eile\u2019de Emlak Konut GYO g\u00fcvencesiyle yeni bir proje y\u00fckseliyor.<\/p>\n<p>\u0130dealist GYO taraf\u0131ndan in\u015fas\u0131na ba\u015flanan proje ile b\u00f6lgeye 45 konut ve 13 ticari \u00fcnite kazand\u0131r\u0131lacak. \u0130stanbullular\u0131n ye\u015fil ve maviyle bulu\u015ftu\u011fu g\u00f6zde noktalardan \u015eile\u2019de \u0130dealist cadde \u00fczeri d\u00fckkan ile b\u00f6lgenin ihtiya\u00e7lara cevap verecek yeni bir merkez olu\u015fturuluyor.<\/p>\n<p>B\u00f6lgede 3 \u00f6zel \u00fcniversitenin yak\u0131n\u0131nda bulunan \u0130dealist Cadde, \u0130stanbul \u2013 \u015eile Otoyolu ile \u015eile \u0130skelesi\u2019ne yakla\u015f\u0131k 1,5 km mesafede yer al\u0131yor.<\/p>\n<p>\u0130dealist GYO, b\u00f6lgede hayata ge\u00e7irilecek \u201c\u0130dealist\u201d markal\u0131 projelerin ilk halkas\u0131 olan \u0130dealist Cadde\u2019de lansman \u00f6ncesi <a href=\"http:\/\/www.idealistcadde.com\">www.idealistcadde.com<\/a> dan \u00f6n talep toplamaya ba\u015fl\u0131yor.<\/p>\n<h3><strong>Modern mimari ile \u00f6rnek bir proje olacak<\/strong><\/h3>\n<p>Az katl\u0131 ve minimalist bir yakla\u015f\u0131mla b\u00f6lgenin do\u011fal yap\u0131s\u0131na uyumlu \u015fekilde tasarlanan \u0130dealist Cadde, modern mimarisiyle de \u015eile\u2019nin geli\u015fiminde \u00f6rnek te\u015fkil edecek.<\/p>\n<p>\u0130stanbul\u2019un tabiat anlam\u0131nda en g\u00f6zde il\u00e7eleri aras\u0131nda \u00f6ne \u00e7\u0131kan \u015eile\u2019de yer alan \u0130dealist Cadde; Sakl\u0131 G\u00f6l, Deniz Feneri, Kumbaba Plaj\u0131, \u015eile Kalesi gibi b\u00f6lgenin do\u011fal ve tarihi de\u011ferlere sahip lokasyonda yer al\u0131yor.<\/p>\n<p>Yak\u0131n ge\u00e7mi\u015fte \u0130stanbullular\u0131n yazl\u0131k b\u00f6lgeleri aras\u0131nda g\u00f6r\u00fclen \u015eile devlet yat\u0131r\u0131mlar\u0131, hastane ve \u00fcniversiteler gibi yap\u0131larla bug\u00fcn, sakin bir yerle\u015fim alan\u0131 olarak konumland\u0131. Yeni hayata ge\u00e7irilen \u015eile Otoyolu ile \u015fehir merkezine kolay ula\u015f\u0131m imkan\u0131na sahip olan b\u00f6lge gayrimenkul yat\u0131r\u0131mlar\u0131yla dikkat \u00e7ekiyor.<\/p>\n","protected":false},"excerpt":{"rendered":"<p>Emlak Konut GYO g\u00fcvencesiyle, \u0130dealist GYO taraf\u0131ndan hayata ge\u00e7irilen \u0130dealist Cadde\u2019de \u00f6n talep d\u00f6nemi ba\u015flad\u0131. \u0130stanbul\u2019un yeni geli\u015fim aks\u0131nda, Yavuz Sultan Selim K\u00f6pr\u00fcs\u00fc ve 3. \u00c7evreyolu gibi dev yat\u0131r\u0131mlarla de\u011fer kazanan \u015eile\u2019de Emlak Konut GYO g\u00fcvencesiyle yeni bir proje y\u00fckseliyor. \u0130dealist GYO taraf\u0131ndan in\u015fas\u0131na ba\u015flanan proje ile b\u00f6lgeye 45 konut ve 13 ticari \u00fcnite kazand\u0131r\u0131lacak. [&hellip;]<\/p>\n","protected":false},"author":1,"featured_media":23793,"comment_status":"open","ping_status":"open","sticky":false,"template":"","format":"standard","meta":{"ngg_post_thumbnail":0},"categories":[221,219],"tags":[3376,68,62,78,11855,11856,11854],"_links":{"self":[{"href":"https:\/\/emlaktuel.com\/index.php?rest_route=\/wp\/v2\/posts\/23792"}],"collection":[{"href":"https:\/\/emlaktuel.com\/index.php?rest_route=\/wp\/v2\/posts"}],"about":[{"href":"https:\/\/emlaktuel.com\/index.php?rest_route=\/wp\/v2\/types\/post"}],"author":[{"embeddable":true,"href":"https:\/\/emlaktuel.com\/index.php?rest_route=\/wp\/v2\/users\/1"}],"replies":[{"embeddable":true,"href":"https:\/\/emlaktuel.com\/index.php?rest_route=%2Fwp%2Fv2%2Fcomments&post=23792"}],"version-history":[{"count":2,"href":"https:\/\/emlaktuel.com\/index.php?rest_route=\/wp\/v2\/posts\/23792\/revisions"}],"predecessor-version":[{"id":23795,"href":"https:\/\/emlaktuel.com\/index.php?rest_route=\/wp\/v2\/posts\/23792\/revisions\/23795"}],"wp:featuredmedia":[{"embeddable":true,"href":"https:\/\/emlaktuel.com\/index.php?rest_route=\/wp\/v2\/media\/23793"}],"wp:attachment":[{"href":"https:\/\/emlaktuel.com\/index.php?rest_route=%2Fwp%2Fv2%2Fmedia&parent=23792"}],"wp:term":[{"taxonomy":"category","embeddable":true,"href":"https:\/\/emlaktuel.com\/index.php?rest_route=%2Fwp%2Fv2%2Fcategories&post=23792"},{"taxonomy":"post_tag","embeddable":true,"href":"https:\/\/emlaktuel.com\/index.php?rest_route=%2Fwp%2Fv2%2Ftags&post=23792"}],"curies":[{"name":"wp","href":"https:\/\/api.w.org\/{rel}","templated":true}]}}