{"id":23745,"date":"2018-08-11T15:16:57","date_gmt":"2018-08-11T12:16:57","guid":{"rendered":"http:\/\/emlaktuel.com\/?p=23745"},"modified":"2018-08-11T15:16:57","modified_gmt":"2018-08-11T12:16:57","slug":"turkiyede-gayrimenkule-katarli-yatirimcilarin-ilgisi-artti","status":"publish","type":"post","link":"https:\/\/emlaktuel.com\/?p=23745","title":{"rendered":"T\u00fcrkiye&#8217;de gayrimenkul&#8217;e Katarl\u0131 yat\u0131r\u0131mc\u0131lar\u0131n ilgisi artt\u0131"},"content":{"rendered":"<div class=\"hz_top_post\">\n<div class=\"hz_title_and_meta\">\n<div class=\"hz_title\"><\/div>\n<\/div>\n<\/div>\n<div class=\"hz_main_post_content\">\n<div class=\"big_post_content\">\n<h4>T\u00fcrkiye&#8217;nin \u00e7e\u015fitli illerinde son g\u00fcnlerde yaz tatili i\u00e7in gelen Katarl\u0131 turistlerin gyrimenkul al\u0131m\u0131na yo\u011fun ilgi g\u00f6sterdi\u011fine tan\u0131kl\u0131k ediyoruz. Katar&#8217;daki seyahat acenteleri ve T\u00fcrk Hava Yollar\u0131&#8217;n\u0131n Doha&#8217;daki ofisi T\u00fcrkiye&#8217;ye gelmek isteyen turistlerle dolup ta\u015f\u0131yor.<\/h4>\n<h4>Katarl\u0131 turistlerden a\u00e7\u0131klama yapan Adil el-Ha\u015fimi, &#8220;Katarl\u0131 turistlerT\u00fcrkiye&#8217;de ihtiya\u00e7lar\u0131n\u0131 kar\u015f\u0131layacak her \u015feyi bulabilir&#8221; dedi vr \u00f6zellikle \u0130stanbul&#8217;daki Osmanl\u0131 eserleri ve do\u011fal g\u00fczelliklerinden dolay\u0131 T\u00fcrkiye&#8217;yi \u00e7ok sevdi\u011fini s\u00f6yledi. Trabzon&#8217;a ba\u011fl\u0131 Uzung\u00f6l&#8217;e de son y\u0131llarda \u00e7ok ra\u011fbet oldu\u011funu dile getiren Ha\u015fimi, &#8220;Katarl\u0131 turist T\u00fcrkiye&#8217;de kendi zevkine uygun do\u011fa, dinlenme tesisleri, deniz veya gezi gibi konularda \u015fahsi ihtiya\u00e7lar\u0131n\u0131 kar\u015f\u0131layacak her \u015feyi bulabilir.&#8221; \u015feklinde konu\u015ftu.<\/h4>\n<h3>T\u00fcrkiye Katarl\u0131lar i\u00e7in bol se\u00e7enekli<\/h3>\n<p>Yevfik Seyahat Acentesi M\u00fcd\u00fcr\u00fc Reyhan Ali Seyyid de Katarl\u0131 turistlerin \u0130stanbul, Antalya, Bodrum ve Bursa&#8217;n\u0131n tercih etti\u011fi yerler aras\u0131nda oldu\u011funu dile getirdi. T\u00fcrkiye&#8217;ye seyahat talebinin co\u011frafi yak\u0131nl\u0131k, g\u00fczel hava ve helal g\u0131da gibi \u00e7e\u015fitli nedenlerden dolay\u0131 iki kat artt\u0131\u011f\u0131n\u0131 aktaran Seyyid, Katarl\u0131 turistlerin T\u00fcrkiye&#8217;de ge\u00e7irdi\u011fi tatil s\u00fcresinin 1 ile 6 hafta aras\u0131nda de\u011fi\u015fti\u011fini s\u00f6zlerine ekledi.<\/p>\n<h3>T\u00fcrklerin misafirperverli\u011fi Katarl\u0131lar\u0131n dikkatini \u00e7ekiyor<\/h3>\n<p>Katar&#8217;da ya\u015fayan M\u0131s\u0131rl\u0131 Ahmed el-Mursi de her sene yaz\u0131n tatilini T\u00fcrkiye&#8217;de ge\u00e7irmeyi \u00f6nemsedi\u011fini, T\u00fcrkiye&#8217;yi tercih etmesinde ba\u015fl\u0131ca sebebin Avrupal\u0131lar\u0131n aksine T\u00fcrk halk\u0131n\u0131n Araplar\u0131 iyi kar\u015f\u0131lamas\u0131, misafirperverli\u011fi ve nazik davran\u0131\u015f\u0131 oldu\u011funa belirti.<\/p>\n<h3>Katarl\u0131lar ayr\u0131ca emlak sat\u0131n al\u0131p yat\u0131r\u0131m da yap\u0131yorlar<\/h3>\n<p>Ortado\u011fu Turizm ve Seyahat Acenteleri Derne\u011fi Ba\u015fkan\u0131 H\u00fcseyin K\u0131rk da bu sene Katarl\u0131lar\u0131n T\u00fcrkiye&#8217;ye yo\u011fun ilgi g\u00f6sterdi\u011fini, sadece turizm ama\u00e7l\u0131 de\u011fil emlak sat\u0131n almak ve yat\u0131r\u0131m yapmak i\u00e7in de gelenlerin hayli \u00e7ok oldu\u011funu aktard\u0131. Son iki ayda Katarl\u0131 turist say\u0131s\u0131n\u0131n y\u00fczde 200 artt\u0131\u011f\u0131n\u0131 vurgulayan K\u0131rk, Katarl\u0131lar\u0131n estetik ve sa\u00e7 ekimi ba\u015fta olmak \u00fczere T\u00fcrkiye&#8217;deki sa\u011fl\u0131k turizmine de b\u00fcy\u00fck ilgi g\u00f6sterdi\u011fini kaydetti.<\/p>\n<\/div>\n<\/div>\n","protected":false},"excerpt":{"rendered":"<p>T\u00fcrkiye&#8217;nin \u00e7e\u015fitli illerinde son g\u00fcnlerde yaz tatili i\u00e7in gelen Katarl\u0131 turistlerin gyrimenkul al\u0131m\u0131na yo\u011fun ilgi g\u00f6sterdi\u011fine tan\u0131kl\u0131k ediyoruz. Katar&#8217;daki seyahat acenteleri ve T\u00fcrk Hava Yollar\u0131&#8217;n\u0131n Doha&#8217;daki ofisi T\u00fcrkiye&#8217;ye gelmek isteyen turistlerle dolup ta\u015f\u0131yor. Katarl\u0131 turistlerden a\u00e7\u0131klama yapan Adil el-Ha\u015fimi, &#8220;Katarl\u0131 turistlerT\u00fcrkiye&#8217;de ihtiya\u00e7lar\u0131n\u0131 kar\u015f\u0131layacak her \u015feyi bulabilir&#8221; dedi vr \u00f6zellikle \u0130stanbul&#8217;daki Osmanl\u0131 eserleri ve do\u011fal g\u00fczelliklerinden [&hellip;]<\/p>\n","protected":false},"author":1,"featured_media":23746,"comment_status":"open","ping_status":"open","sticky":false,"template":"","format":"standard","meta":{"ngg_post_thumbnail":0},"categories":[26,5388],"tags":[107,11832,96],"_links":{"self":[{"href":"https:\/\/emlaktuel.com\/index.php?rest_route=\/wp\/v2\/posts\/23745"}],"collection":[{"href":"https:\/\/emlaktuel.com\/index.php?rest_route=\/wp\/v2\/posts"}],"about":[{"href":"https:\/\/emlaktuel.com\/index.php?rest_route=\/wp\/v2\/types\/post"}],"author":[{"embeddable":true,"href":"https:\/\/emlaktuel.com\/index.php?rest_route=\/wp\/v2\/users\/1"}],"replies":[{"embeddable":true,"href":"https:\/\/emlaktuel.com\/index.php?rest_route=%2Fwp%2Fv2%2Fcomments&post=23745"}],"version-history":[{"count":2,"href":"https:\/\/emlaktuel.com\/index.php?rest_route=\/wp\/v2\/posts\/23745\/revisions"}],"predecessor-version":[{"id":23748,"href":"https:\/\/emlaktuel.com\/index.php?rest_route=\/wp\/v2\/posts\/23745\/revisions\/23748"}],"wp:featuredmedia":[{"embeddable":true,"href":"https:\/\/emlaktuel.com\/index.php?rest_route=\/wp\/v2\/media\/23746"}],"wp:attachment":[{"href":"https:\/\/emlaktuel.com\/index.php?rest_route=%2Fwp%2Fv2%2Fmedia&parent=23745"}],"wp:term":[{"taxonomy":"category","embeddable":true,"href":"https:\/\/emlaktuel.com\/index.php?rest_route=%2Fwp%2Fv2%2Fcategories&post=23745"},{"taxonomy":"post_tag","embeddable":true,"href":"https:\/\/emlaktuel.com\/index.php?rest_route=%2Fwp%2Fv2%2Ftags&post=23745"}],"curies":[{"name":"wp","href":"https:\/\/api.w.org\/{rel}","templated":true}]}}