{"id":23585,"date":"2018-08-02T09:15:57","date_gmt":"2018-08-02T06:15:57","guid":{"rendered":"http:\/\/emlaktuel.com\/?p=23585"},"modified":"2018-08-02T09:15:57","modified_gmt":"2018-08-02T06:15:57","slug":"istanbulda-ve-anadoluda-en-cok-prim-yapan-semtler","status":"publish","type":"post","link":"https:\/\/emlaktuel.com\/?p=23585","title":{"rendered":"\u0130stanbul&#8217;da ve Anadolu&#8217;da en \u00e7ok prim yapan semtler"},"content":{"rendered":"<p>Forbes T\u00fcrkiye dergisi&#8217;nin yapt\u0131\u011f\u0131 yay\u0131na g\u00f6re &#8216;Emlak Rapoeu&#8217; A\u011fustos ay\u0131 say\u0131s\u0131nda. Forbes T\u00fcrkiye dergisinin analizine g\u00f6re 30 b\u00fcy\u00fck\u015fehir, 185 il\u00e7e, bin 83 mahalle i\u00e7in konut sat\u0131\u015f fiyatlar\u0131 ile kira de\u011ferlerindeki y\u00fckseli\u015fler yap\u0131ld\u0131.<\/p>\n<p>Forbes T\u00fcrkiye&#8217;ye &#8216;Emlak Raporu&#8217;na g\u00f6re g\u00f6re 2017 Hazirn ile 108 Haziran aylar\u0131 aras\u0131ndaki d\u00f6nemi kapsayan son bir y\u0131l i\u00e7indeki konut sat\u0131\u015flar\u0131 \u00fclke genelinde y\u00fczde 2.5 art\u0131\u015f g\u00f6stererek 1 milyon d\u00f6rty\u00fcz bin art\u0131\u015f g\u00f6stermi\u015f. Bu sat\u0131\u015flar\u0131n y\u00fczde 81.8&#8217;i 30 b\u00fcy\u00fck\u015fehirde ger\u00e7ekle\u015fmi\u015f. son 1 y\u0131l i\u00e7inde \u0130stanbul&#8217;da ki sat\u0131\u015f yap\u0131lan konut say\u0131s\u0131nda 4 bin art\u0131\u015f ile 233 bin olmu\u015f. \u0130kinci s\u0131rada ise Ankara 142 bin konut sat\u0131\u015f\u0131 ile geliyor. Ve s\u0131ralama 50 bin sat\u0131\u015f s\u0131n\u0131r\u0131n\u0131 ge\u00e7en ;zmir, Bursa, Antalya iley\u00fckselmeler devam ediyor.<\/p>\n<p>Rapora g\u00f6re 30 b\u00fcy\u00fck\u015fehirden 21&#8217;inde konut fiyatlar\u0131 Haziran 2018 itibari ile y\u00fczde 10&#8217;un ist\u00fcnde y\u00fckseldi. Bal\u0131kesir y\u00fczde 25 art\u0131\u015f ile ilk s\u0131rada yer al\u0131yor. Tekirda\u011f ve Van y\u00fczde 20 art\u0131\u015f ile ikinci s\u0131ralamada. Y\u00fczde 15 ile 19 aras\u0131 art\u0131\u015f oranlar\u0131 ile Malatya. Bursa. \u0130zmir. ve Samsun geliyor.<\/p>\n<h3>Anadolu Kentlerinde y\u00fckseli\u015fler devam ediyor<\/h3>\n<p>Anadolu kentlerinde Tekirda\u011f ve Bal\u0131kesir&#8217;de y\u00fczde 20 \u00fczerinde art\u0131\u015f devam ediyor, Bursa y\u00fczde 18.7, \u0130zmir y\u00fczde 16.8 ile son senelerde \u0130stanbul ve Ankara&#8217;dan dah y\u00fcksek art\u0131\u015f oluyor.<\/p>\n<p>T\u00fcrkiye&#8217;nin b\u00fcy\u00fck \u015fehirlerinden \u0130zmir ve Ankara \u0130stanbul ile aras\u0131ndaki fark\u0131 her ge\u00e7en sene kapatmaya devam ediyor. \u0130zmir&#8217;de bu y\u0131l il defa bir mahallede metrekare fiyat\u0131 6 bin liran\u0131n \u00fczerine \u00e7\u0131kt\u0131. Y\u00fczde 13.3 prim yapan Mavi\u015fehir mahallesinde metrekare fiyat\u0131 6 bin 300 oldu. Yenikale ve Narl\u0131der&#8217;de y\u00fczde 21 art\u0131\u015f oran\u0131 ile metrekare fiyatlar\u0131 5 bin 500&#8217;\u00fc ge\u00e7ti. Bursa ilimizde ise Balat Mahallesi ile Nil\u00fcfer mahallesinde konut metrekare sat\u0131\u015f fiyatlar\u0131 3 bin liran\u0131n \u00fczerisine \u00e7\u0131karak 3 bin 252 oldu.<\/p>\n<h3>En \u00e7ok prim alan 10 b\u00fcy\u00fck\u015fehirimiz<\/h3>\n<h4>Forbes&#8217;\u0131n Emlak Raporu&#8217;na g\u00f6re\u00a0 2018 Haziran ay\u0131n&#8217;da 30 b\u00fcy\u00fck\u015fehirde konut fiyatlar\u0131nda art\u0131\u015fta ilk s\u0131rada Bal\u0131kesir y\u00fczde 26 ile yer ald\u0131. S\u0131ralama y\u00fczde 20 ile Tekirda\u011f, Van sonras\u0131nda y\u00fczde 15 ile 19 aras\u0131 Malatya, Buesa, Samsun ve \u0130zmir yer al\u0131yor.<\/h4>\n<p>SEH\u0130R\u00a0 \u00a0 \u00a0 \u00a0 \u00a0YILLIK GET\u0130R\u0130 %<\/p>\n<p>Bal\u0131kesir\u00a0 \u00a0 \u00a0 26.0<\/p>\n<p>Tekirda\u011f\u00a0 \u00a0 \u00a0 22.2<\/p>\n<p>Van\u00a0 \u00a0 \u00a0 \u00a0 \u00a0 \u00a0 \u00a021.7<\/p>\n<p>Malatya\u00a0 \u00a0 \u00a0 19.5<\/p>\n<p>Bursa\u00a0 \u00a0 \u00a0 \u00a0 \u00a0 18.7<\/p>\n<p>Samsun\u00a0 \u00a0 \u00a0 \u00a017<\/p>\n<p>\u0130zmir\u00a0 \u00a0 \u00a0 \u00a0 \u00a0 16.5<\/p>\n<p>Erzurum\u00a0 \u00a0 14.8<\/p>\n<p>Mu\u011fla\u00a0 \u00a0 \u00a0 \u00a014.4<\/p>\n<p>Diyarbak\u0131r\u00a0 \u00a014.0<\/p>\n<p>Forbes&#8217;\u0131n Emlak Raopruna g\u00f6re \u0130stanbul&#8217;da en de\u011ferli mahalleler ise ilk 10 yer alanlar Be\u015fikta\u015f, Bak\u0131rk\u00f6y ve Sar\u0131yer oldu. En de\u011ferli mahalle ise Bebe oldu metrekare fiyat\u0131 ise 40 bin lira \u00fczerinde \u00e7\u0131kt\u0131.<\/p>\n<p><strong>\u0130STANBUL&#8217;DA EN DE\u011eERL\u0130 10 MAHALLE<\/strong><\/p>\n<p>MAHALLE\u00a0 \u00a0 \u00a0 \u00a0 \u00a0 \u00a0 METREKARE F\u0130YATI<\/p>\n<p>Be\u015fikta\u015f-Bebek\u00a0 \u00a0 \u00a0 \u00a0 \u00a0 \u00a0 \u00a0 \u00a0 \u00a040 bin 869 TL<\/p>\n<p>Be\u015fikta\u015f-Levaz\u0131m\u00a0 \u00a0 \u00a0 \u00a0 \u00a0 \u00a0 28 bin 44 TL<\/p>\n<p>Bak\u0131rk\u00f6y-Atak\u00f6y2-5-6\u00a0 \u00a026 bin TL<\/p>\n<p>Sar\u0131yer-\u0130stniye\u00a0 \u00a0 \u00a0 \u00a0 \u00a0 \u00a0 \u00a0 \u00a0 24 bin 500 TL<\/p>\n<p>Sar\u0131yer-Baltaliman\u0131\u00a0 \u00a0 \u00a0 \u00a0 23 bin 200 TL<\/p>\n<p>Sar\u0131yer-Yenik\u00f6y\u00a0 \u00a0 \u00a0 \u00a0 \u00a0 \u00a0 \u00a023 bin TL<\/p>\n<p>Be\u015fikta\u015f-Akat\u00a0 \u00a0 \u00a0 \u00a0 \u00a0 \u00a0 \u00a0 \u00a0 22 bin 750 TL<\/p>\n<p>Be\u015fikta\u015f-Kuru\u00e7e\u015fme\u00a0 \u00a0 21 bin 900 TL<\/p>\n<p>Sar\u0131yer-Emirgan\u00a0 \u00a0 \u00a0 \u00a0 \u00a0 21 bin<\/p>\n<p>Be\u015fikta\u015f-Levent\u00a0 \u00a0 \u00a0 \u00a0 \u00a0 17 bin 750 TL<\/p>\n<h3>\u0130stanbul&#8217;da en \u00e7ok hangi mahalleler prim yapt\u0131<\/h3>\n<p><img loading=\"lazy\" class=\"aligncenter size-large wp-image-23586\" src=\"http:\/\/emlaktuel.com\/wp-content\/uploads\/2018\/08\/Ekran-Resmi-2018-08-02-09.22.01-514x500.png\" alt=\"\" width=\"514\" height=\"500\" \/><\/p>\n<h3>Anadoul&#8217;da en \u00e7ok hangi mahalleler prim yapt\u0131<\/h3>\n<p><img loading=\"lazy\" class=\"aligncenter size-large wp-image-23587\" src=\"http:\/\/emlaktuel.com\/wp-content\/uploads\/2018\/08\/Ekran-Resmi-2018-08-02-09.23.25-449x500.png\" alt=\"\" width=\"449\" height=\"500\" \/><\/p>\n<p>&nbsp;<\/p>\n<p>&nbsp;<\/p>\n<p>&nbsp;<\/p>\n<p>&nbsp;<\/p>\n","protected":false},"excerpt":{"rendered":"<p>Forbes T\u00fcrkiye dergisi&#8217;nin yapt\u0131\u011f\u0131 yay\u0131na g\u00f6re &#8216;Emlak Rapoeu&#8217; A\u011fustos ay\u0131 say\u0131s\u0131nda. Forbes T\u00fcrkiye dergisinin analizine g\u00f6re 30 b\u00fcy\u00fck\u015fehir, 185 il\u00e7e, bin 83 mahalle i\u00e7in konut sat\u0131\u015f fiyatlar\u0131 ile kira de\u011ferlerindeki y\u00fckseli\u015fler yap\u0131ld\u0131. Forbes T\u00fcrkiye&#8217;ye &#8216;Emlak Raporu&#8217;na g\u00f6re g\u00f6re 2017 Hazirn ile 108 Haziran aylar\u0131 aras\u0131ndaki d\u00f6nemi kapsayan son bir y\u0131l i\u00e7indeki konut sat\u0131\u015flar\u0131 \u00fclke genelinde [&hellip;]<\/p>\n","protected":false},"author":1,"featured_media":23588,"comment_status":"open","ping_status":"open","sticky":false,"template":"","format":"standard","meta":{"ngg_post_thumbnail":0},"categories":[58,5388],"tags":[11755,11754],"_links":{"self":[{"href":"https:\/\/emlaktuel.com\/index.php?rest_route=\/wp\/v2\/posts\/23585"}],"collection":[{"href":"https:\/\/emlaktuel.com\/index.php?rest_route=\/wp\/v2\/posts"}],"about":[{"href":"https:\/\/emlaktuel.com\/index.php?rest_route=\/wp\/v2\/types\/post"}],"author":[{"embeddable":true,"href":"https:\/\/emlaktuel.com\/index.php?rest_route=\/wp\/v2\/users\/1"}],"replies":[{"embeddable":true,"href":"https:\/\/emlaktuel.com\/index.php?rest_route=%2Fwp%2Fv2%2Fcomments&post=23585"}],"version-history":[{"count":1,"href":"https:\/\/emlaktuel.com\/index.php?rest_route=\/wp\/v2\/posts\/23585\/revisions"}],"predecessor-version":[{"id":23589,"href":"https:\/\/emlaktuel.com\/index.php?rest_route=\/wp\/v2\/posts\/23585\/revisions\/23589"}],"wp:featuredmedia":[{"embeddable":true,"href":"https:\/\/emlaktuel.com\/index.php?rest_route=\/wp\/v2\/media\/23588"}],"wp:attachment":[{"href":"https:\/\/emlaktuel.com\/index.php?rest_route=%2Fwp%2Fv2%2Fmedia&parent=23585"}],"wp:term":[{"taxonomy":"category","embeddable":true,"href":"https:\/\/emlaktuel.com\/index.php?rest_route=%2Fwp%2Fv2%2Fcategories&post=23585"},{"taxonomy":"post_tag","embeddable":true,"href":"https:\/\/emlaktuel.com\/index.php?rest_route=%2Fwp%2Fv2%2Ftags&post=23585"}],"curies":[{"name":"wp","href":"https:\/\/api.w.org\/{rel}","templated":true}]}}