{"id":23564,"date":"2018-08-01T22:00:53","date_gmt":"2018-08-01T19:00:53","guid":{"rendered":"http:\/\/emlaktuel.com\/?p=23564"},"modified":"2018-08-01T22:01:54","modified_gmt":"2018-08-01T19:01:54","slug":"mardin-yesillide-kentsel-donusume-baslaniyor","status":"publish","type":"post","link":"https:\/\/emlaktuel.com\/?p=23564","title":{"rendered":"Mardin Ye\u015filli&#8217;de &#8216;Kentsel d\u00f6n\u00fc\u015f\u00fcm&#8217;e ba\u015flan\u0131yor"},"content":{"rendered":"<div class=\"hz_top_post\">\n<div class=\"hz_title_and_meta\">\n<div class=\"hz_title\">\n<h3><strong>Mardin&#8217;in Ye\u015filli \u0130l\u00e7esinde \u00c7evre ve \u015eehircilik Bakanl\u0131\u011f\u0131 ile Ye\u015filli Belediyesi&#8217;nin ortak hayata ge\u00e7irdi\u011fi proje kapsam\u0131nda kentsel dn\u00fc\u015f\u00fcm i\u00e7in toplam 501 yap\u0131n\u0131n y\u0131k\u0131m \u00e7al\u0131\u015fmalar\u0131na ba\u015fland\u0131&#8230;<\/strong><\/h3>\n<\/div>\n<\/div>\n<\/div>\n<div class=\"hz_main_post_content\">\n<div class=\"big_post_content\">Mardin&#8217;in Ye\u015filli il\u00e7esinde, \u00c7evre ve \u015eehircilik Bakanl\u0131\u011f\u0131&#8217;n\u0131n birlikte yapaca\u011f\u0131 kentsel d\u00f6n\u00fc\u015f\u00fcm projesi kapsam\u0131nda bu arazi \u00fczerinde bulunan 501 binan\u0131n y\u0131k\u0131m\u0131na ba\u015fland\u0131.<\/div>\n<\/div>\n<h3>Riskli binalar y\u0131k\u0131lacak<\/h3>\n<div class=\"hz_main_post_content\">\n<div>\u00a0Ye\u015filli Belediye Ba\u015fkan\u0131 Hayrettin Demir, \u00c7evre ve \u015eehircilik Bakanl\u0131\u011f\u0131 ile Ye\u015filli Belediyesi&#8217;nin birlikte yapm\u0131\u015f oldu\u011fu uygulama hayata ge\u00e7iriliyor. Yap\u0131lacak olan kentsel d\u00f6n\u00fc\u015f\u00fcm projesi kapsam\u0131nda, Tepeba\u015f\u0131 vr G\u00fcl mahallelerindeki riskli oturulmaz raporu verilen\u00a0 binalar\u0131n y\u0131k\u0131m \u00e7al\u0131\u015fmalar\u0131n\u0131 gelerek yerinde takip etti. Demir, kentsel d\u00f6n\u00fc\u015f\u00fcm kapsam\u0131nda Ye\u015filli&#8217;de 400 konut, 70 d\u00fckkan, 68 harabe, 2 cami, t\u00fcrbe, Kur&#8217;an kursu ve taksi dura\u011f\u0131 olmak \u00fczere toplam olarak 501 yap\u0131n\u0131n y\u0131k\u0131laca\u011f\u0131n\u0131 s\u00f6yledi.<\/div>\n<h3><strong>D\u00f6n\u00fc\u015f\u00fcm alanlar\u0131m\u0131zla ya\u015fan\u0131r bir il\u00e7e in\u015fa edece\u011fiz<\/strong><\/h3>\n<div class=\"big_post_content\">Hayrettin Demir, yap\u0131lan bu \u00e7al\u0131\u015fmalarla \u00e7ok k\u0131sa s\u00fcrede \u015fehrimizde \u00e7arp\u0131k kentle\u015fmeden modern kentle\u015fmeye do\u011fru h\u0131zl\u0131 bir \u015fekilde ilerleyeceklerini s\u00f6ylede ve \u015f\u00f6yle devam etti <strong>&#8220;D\u00fcn bir s\u00f6ylemdi, bug\u00fcn ise eylemdeyiz. \u0130n\u015fallah yeni d\u00f6n\u00fc\u015f\u00fcm alanlar\u0131m\u0131zla ya\u015fan\u0131r bir il\u00e7e in\u015fa edece\u011fiz. Modern il\u00e7e olma yolunda ad\u0131m att\u0131k.&#8221;<\/strong> ifadelerini kulland\u0131.<\/div>\n<div><\/div>\n<div class=\"big_post_content\">Ye\u015filli Belediye Ba\u015fkan\u0131 Hayrettin Demir, hak sahiplerini ma\u011fdur etmemek i\u00e7in elimizden gelen t\u00fcm gayreti g\u00f6steriyoruz dedi ve \u015f\u00f6yle devam etti: <strong>&#8220;Hi\u00e7bir vatanda\u015f\u0131m\u0131z\u0131 ma\u011fdur etmeyece\u011fiz. Vatanda\u015flar\u0131m\u0131z daha g\u00fczel bir il\u00e7ede ya\u015fam\u0131 imkan\u0131 bulacak. B\u00fct\u00fcn hak sahipleri ile tek tek g\u00f6r\u00fc\u015fece\u011fiz. \u00c7evre ve \u015eehircilik Bakanl\u0131\u011f\u0131n\u0131n \u00f6nc\u00fcl\u00fc\u011f\u00fcnde yapt\u0131\u011f\u0131m\u0131z bu proje, Mardin&#8217;de bir ilk olacak. Buran\u0131n camisi ve \u00e7ar\u015f\u0131s\u0131, ya\u015fam alanlar\u0131 bile Mardin&#8217;in en g\u00fczel il\u00e7elerden biri olacak. Etap etap ba\u015flayaca\u011f\u0131z. \u00d6nce bo\u015f ve metruk binalar\u0131 y\u0131kaca\u011f\u0131z. Bir yandan in\u015faat\u0131m\u0131z\u0131 yaparken, bir yandan da vatanda\u015flar\u0131m\u0131zla g\u00f6r\u00fc\u015fmelerimizi yapaca\u011f\u0131z.&#8221;<\/strong><\/div>\n<\/div>\n","protected":false},"excerpt":{"rendered":"<p>Mardin&#8217;in Ye\u015filli \u0130l\u00e7esinde \u00c7evre ve \u015eehircilik Bakanl\u0131\u011f\u0131 ile Ye\u015filli Belediyesi&#8217;nin ortak hayata ge\u00e7irdi\u011fi proje kapsam\u0131nda kentsel dn\u00fc\u015f\u00fcm i\u00e7in toplam 501 yap\u0131n\u0131n y\u0131k\u0131m \u00e7al\u0131\u015fmalar\u0131na ba\u015fland\u0131&#8230; Mardin&#8217;in Ye\u015filli il\u00e7esinde, \u00c7evre ve \u015eehircilik Bakanl\u0131\u011f\u0131&#8217;n\u0131n birlikte yapaca\u011f\u0131 kentsel d\u00f6n\u00fc\u015f\u00fcm projesi kapsam\u0131nda bu arazi \u00fczerinde bulunan 501 binan\u0131n y\u0131k\u0131m\u0131na ba\u015fland\u0131. Riskli binalar y\u0131k\u0131lacak \u00a0Ye\u015filli Belediye Ba\u015fkan\u0131 Hayrettin Demir, \u00c7evre ve [&hellip;]<\/p>\n","protected":false},"author":1,"featured_media":23565,"comment_status":"open","ping_status":"open","sticky":false,"template":"","format":"standard","meta":{"ngg_post_thumbnail":0},"categories":[97,5388],"tags":[88,11749],"_links":{"self":[{"href":"https:\/\/emlaktuel.com\/index.php?rest_route=\/wp\/v2\/posts\/23564"}],"collection":[{"href":"https:\/\/emlaktuel.com\/index.php?rest_route=\/wp\/v2\/posts"}],"about":[{"href":"https:\/\/emlaktuel.com\/index.php?rest_route=\/wp\/v2\/types\/post"}],"author":[{"embeddable":true,"href":"https:\/\/emlaktuel.com\/index.php?rest_route=\/wp\/v2\/users\/1"}],"replies":[{"embeddable":true,"href":"https:\/\/emlaktuel.com\/index.php?rest_route=%2Fwp%2Fv2%2Fcomments&post=23564"}],"version-history":[{"count":2,"href":"https:\/\/emlaktuel.com\/index.php?rest_route=\/wp\/v2\/posts\/23564\/revisions"}],"predecessor-version":[{"id":23567,"href":"https:\/\/emlaktuel.com\/index.php?rest_route=\/wp\/v2\/posts\/23564\/revisions\/23567"}],"wp:featuredmedia":[{"embeddable":true,"href":"https:\/\/emlaktuel.com\/index.php?rest_route=\/wp\/v2\/media\/23565"}],"wp:attachment":[{"href":"https:\/\/emlaktuel.com\/index.php?rest_route=%2Fwp%2Fv2%2Fmedia&parent=23564"}],"wp:term":[{"taxonomy":"category","embeddable":true,"href":"https:\/\/emlaktuel.com\/index.php?rest_route=%2Fwp%2Fv2%2Fcategories&post=23564"},{"taxonomy":"post_tag","embeddable":true,"href":"https:\/\/emlaktuel.com\/index.php?rest_route=%2Fwp%2Fv2%2Ftags&post=23564"}],"curies":[{"name":"wp","href":"https:\/\/api.w.org\/{rel}","templated":true}]}}