{"id":23425,"date":"2018-07-14T20:15:35","date_gmt":"2018-07-14T17:15:35","guid":{"rendered":"http:\/\/emlaktuel.com\/?p=23425"},"modified":"2018-07-14T20:16:26","modified_gmt":"2018-07-14T17:16:26","slug":"23425","status":"publish","type":"post","link":"https:\/\/emlaktuel.com\/?p=23425","title":{"rendered":"S\u00fcleyman \u00c7etinsaya: 15 Temmuz \u015fehitlerimizi bir kez daha rahmet ve minnetle an\u0131yorum"},"content":{"rendered":"<p>Evet yak\u0131n bir zamanda \u00fclke olarak hepimiz hem yabanc\u0131 hem de yerli sermayenin yat\u0131r\u0131mlarda frene bast\u0131\u011f\u0131, belirsizliklerin oldu\u011fu bir zamandan ge\u00e7tik. Gezi olaylar\u0131nda ve hain 15 Temmuz darbe giri\u015fiminde \u00fclkemizin sa\u011flam giden istikrar\u0131 hedef al\u0131nm\u0131\u015ft\u0131. Milletimiz, bu her iki olayda da dik duru\u015f g\u00f6stererek devletine, \u00fclkesine, milletine, bayra\u011f\u0131na ve ekonomisine sahip \u00e7\u0131kt\u0131. Geriye d\u00f6n\u00fcp bakt\u0131\u011f\u0131m\u0131zda 15 Temmuz bizlere; milli birli\u011fimizi, beraberli\u011fimizi, kenetleni\u015fimizi, m\u00fccadele azmimizi, ekonomimizdeki sa\u011flaml\u0131\u011f\u0131 g\u00f6zler \u00f6n\u00fcne seriyor. Arta\u015f Grubu olarak o d\u00f6nemde bizde \u00fclkemizin rekabet g\u00fcc\u00fcn\u00fc ve b\u00fcy\u00fcme potansiyelini iyile\u015ftirmek, ekonomideki ivme kayb\u0131n\u0131 telafi etmek \u00fczere gayrimenkul sekt\u00f6r\u00fcnde at\u0131lacak t\u00fcm ad\u0131mlar\u0131 \u00fclkemizin gelece\u011fine yat\u0131r\u0131m olarak g\u00f6rd\u00fck. Bu sebeple ekonomik b\u00fcy\u00fcmeye destek olmak ve gayrimenkul sekt\u00f6r\u00fcne h\u0131z kazand\u0131rmak amac\u0131yla yap\u0131lan b\u00fct\u00fcn kampanyalarda yer ald\u0131k.<\/p>\n<h3><strong>15 Temmuz \u015fehitlerimizi bir kez daha rahmet ve minnetle an\u0131yorum<\/strong><\/h3>\n<p>2016 y\u0131l\u0131nda ya\u015fad\u0131klar\u0131m\u0131z bug\u00fcne yans\u0131mas\u0131 \u015f\u00fcphesiz ki; T\u00fcrk milletinin g\u00fcc\u00fcn\u00fcn ve T\u00fcrkiye\u2019nin istikrar\u0131n\u0131n \u00e7ok b\u00fcy\u00fck bir ispat\u0131d\u0131r. Milletimizin kararl\u0131l\u0131\u011f\u0131 ve inanc\u0131 da bize g\u00f6steriyor ki; \u00fclkemizde bir daha b\u00f6ylesine hain sald\u0131r\u0131lara f\u0131rsat vermeyecektir. Buradan vatan ve bayrak sevdal\u0131s\u0131 15 Temmuz \u015fehitlerimizi bir kez daha rahmet ve minnetle an\u0131yorum. B\u00f6ylesine b\u00fcy\u00fck bir darbe giri\u015fimini atlatmam\u0131za ra\u011fmen ekonomimiz b\u00fcy\u00fcmesini s\u00fcrd\u00fcrd\u00fc ve bir\u00e7ok alanda rekorlara imza att\u0131. Her t\u00fcrl\u00fc olumsuzlu\u011fa kar\u015f\u0131 dik ve inan\u00e7l\u0131 duru\u015f sergileyen milletimizin \u00fclkemizin yar\u0131nlar\u0131na olan g\u00fcveni tam.<\/p>\n<h3>\u00dclkemizin ve milletimizin refah\u0131 i\u00e7in olumlu<\/h3>\n<p>24 Haziran 2018 Cumhurba\u015fkanl\u0131\u011f\u0131 Se\u00e7imi ve Milletvekili Genel Se\u00e7imlerinde millet iradesi sand\u0131\u011fa istikrar olarak yans\u0131d\u0131. Ortaya \u00e7\u0131kan tablonun \u00fclkemizin ve milletimizin refah\u0131 y\u00f6n\u00fcnde olumlu bir sonu\u00e7 oldu\u011fu kanaatindeyim.<\/p>\n<p>Art\u0131k T\u00fcrkiye\u2019de yeni bir d\u00f6nem ba\u015fl\u0131yor. Bu d\u00f6nemde T\u00fcrkiye\u2019nin \u00f6n\u00fcn\u00fc hem ekonomik, hem de stratejik at\u0131l\u0131mlar anlam\u0131nda \u00e7ok a\u00e7\u0131k g\u00f6r\u00fcyorum. Bug\u00fcnden sonra T\u00fcrkiye\u2019nin y\u00fckseli\u015fi g\u00fc\u00e7l\u00fc ekonomisi ve alt yap\u0131s\u0131yla \u00e7ok daha h\u0131zl\u0131 olacakt\u0131r. \u00dclkemiz, ekonominin t\u00fcm akslar\u0131 ve lokomotif konumundaki in\u015faat sekt\u00f6r\u00fc ile 2023 hedeflerine emin ad\u0131mlarla ilerleyecektir.<\/p>\n<p>Biz de Arta\u015f Grubu olarak \u00f6n\u00fcm\u00fczdeki d\u00f6nemde ba\u015flad\u0131\u011f\u0131m\u0131z projeleri tamamlarken, sekt\u00f6rdeki yat\u0131r\u0131mlar\u0131m\u0131z\u0131 art\u0131rarak s\u00fcrd\u00fcrece\u011fiz.<\/p>\n<p>&nbsp;<\/p>\n","protected":false},"excerpt":{"rendered":"<p>Evet yak\u0131n bir zamanda \u00fclke olarak hepimiz hem yabanc\u0131 hem de yerli sermayenin yat\u0131r\u0131mlarda frene bast\u0131\u011f\u0131, belirsizliklerin oldu\u011fu bir zamandan ge\u00e7tik. Gezi olaylar\u0131nda ve hain 15 Temmuz darbe giri\u015fiminde \u00fclkemizin sa\u011flam giden istikrar\u0131 hedef al\u0131nm\u0131\u015ft\u0131. Milletimiz, bu her iki olayda da dik duru\u015f g\u00f6stererek devletine, \u00fclkesine, milletine, bayra\u011f\u0131na ve ekonomisine sahip \u00e7\u0131kt\u0131. Geriye d\u00f6n\u00fcp bakt\u0131\u011f\u0131m\u0131zda [&hellip;]<\/p>\n","protected":false},"author":1,"featured_media":23426,"comment_status":"open","ping_status":"open","sticky":false,"template":"","format":"standard","meta":{"ngg_post_thumbnail":0},"categories":[5388],"tags":[11712,130],"_links":{"self":[{"href":"https:\/\/emlaktuel.com\/index.php?rest_route=\/wp\/v2\/posts\/23425"}],"collection":[{"href":"https:\/\/emlaktuel.com\/index.php?rest_route=\/wp\/v2\/posts"}],"about":[{"href":"https:\/\/emlaktuel.com\/index.php?rest_route=\/wp\/v2\/types\/post"}],"author":[{"embeddable":true,"href":"https:\/\/emlaktuel.com\/index.php?rest_route=\/wp\/v2\/users\/1"}],"replies":[{"embeddable":true,"href":"https:\/\/emlaktuel.com\/index.php?rest_route=%2Fwp%2Fv2%2Fcomments&post=23425"}],"version-history":[{"count":2,"href":"https:\/\/emlaktuel.com\/index.php?rest_route=\/wp\/v2\/posts\/23425\/revisions"}],"predecessor-version":[{"id":23428,"href":"https:\/\/emlaktuel.com\/index.php?rest_route=\/wp\/v2\/posts\/23425\/revisions\/23428"}],"wp:featuredmedia":[{"embeddable":true,"href":"https:\/\/emlaktuel.com\/index.php?rest_route=\/wp\/v2\/media\/23426"}],"wp:attachment":[{"href":"https:\/\/emlaktuel.com\/index.php?rest_route=%2Fwp%2Fv2%2Fmedia&parent=23425"}],"wp:term":[{"taxonomy":"category","embeddable":true,"href":"https:\/\/emlaktuel.com\/index.php?rest_route=%2Fwp%2Fv2%2Fcategories&post=23425"},{"taxonomy":"post_tag","embeddable":true,"href":"https:\/\/emlaktuel.com\/index.php?rest_route=%2Fwp%2Fv2%2Ftags&post=23425"}],"curies":[{"name":"wp","href":"https:\/\/api.w.org\/{rel}","templated":true}]}}