{"id":23253,"date":"2018-07-04T11:42:11","date_gmt":"2018-07-04T08:42:11","guid":{"rendered":"http:\/\/emlaktuel.com\/?p=23253"},"modified":"2018-07-05T18:07:44","modified_gmt":"2018-07-05T15:07:44","slug":"babacan-holdingin-ulusal-kampanyasi-tum-hiziyla-devam-ediyor","status":"publish","type":"post","link":"https:\/\/emlaktuel.com\/?p=23253","title":{"rendered":"Babacan Holding&#8217;in ulusal kampanyas\u0131 t\u00fcm h\u0131z\u0131yla devam ediyor"},"content":{"rendered":"<p><strong>Babacan Holding, bu d\u00f6nemde faizlerdeki y\u00fckseli\u015fe ra\u011fmen ba\u015flatm\u0131\u015f oldu\u011fu Ulusal Kampanya\u2019ya devam ederek 1 ay daha uzatt\u0131.<\/strong><\/p>\n<p><strong>G\u00fcvenilir ve kaliteli konut projeleriyle sekt\u00f6rde ilkleri kazand\u0131ran g\u00fcvenli in\u015faat firmas\u0131 Babacan Holding\u2019te ba\u015flat\u0131lan Ulusal Kampanya s\u00fcreci tam h\u0131z\u0131yla devam ediyor. Ge\u00e7ti\u011fimiz ay biten kampanyada 3 projesiyle yer alan Holding, kampanyay\u0131 kendi b\u00fcnyesinde 1 ay daha uzatma karar\u0131 ald\u0131.\u00a0<\/strong><strong>Sat\u0131\u015f\u0131 devam eden\u00a0<\/strong><strong>Babacan Premium, Babacan Port Royal ve Babacan Palace projeleriyle kampanyaya en b\u00fcy\u00fck desteklerden birini veren \u015firket, kredi faiz oranlar\u0131ndaki y\u00fckseli\u015f e\u011filimine ra\u011fmen y\u00fczde 20 indirim, y\u00fczde 0.98 faiz oran\u0131 sunmaya devam edecek<\/strong><\/p>\n<p>Hayata ge\u00e7irdi\u011fi projelerle konut sahibi olmak isteyenleri ve yat\u0131r\u0131mc\u0131lar\u0131 g\u00fcvenilir ve y\u00fcksek katma de\u011fer sa\u011flayan f\u0131rsatlarla bulu\u015fturan Babacan Holding, kredi faiz oranlar\u0131ndaki y\u00fckseli\u015fe ra\u011fmen Ulusal Kampanya\u2019y\u0131 temmuz ay\u0131 boyunca da s\u00fcrd\u00fcrecek ve kampanya kapsam\u0131nda y\u00fczde 20 indirim, y\u00fczde 0.98 faiz oran\u0131 sunmaya devem edecek.Bug\u00fcne kadar sekt\u00f6re kazand\u0131rd\u0131\u011f\u0131 benzersiz kampanyalarla yat\u0131r\u0131mc\u0131lar\u0131n g\u00fcvenilir konuta kolay yoldan ula\u015fmalar\u0131n\u0131 sa\u011flayan \u015firket, bu ad\u0131m\u0131yla yat\u0131r\u0131mc\u0131lar\u0131na avantajl\u0131 yat\u0131r\u0131m f\u0131rsat\u0131 sunma konusundaki kararl\u0131l\u0131\u011f\u0131n\u0131 bir kez daha g\u00f6zler \u00f6n\u00fcne seriyor.Kampanya kapsam\u0131ndayat\u0131r\u0131mc\u0131lar, Babacan Premium Projesi\u2019nden 319.000 TL&#8217;ye, Babacan Port Royal projesinden de 341.000 TL &#8216;ye ev sahibi olabiliyor.<a name=\"m_-7192508163320499389__GoBack\"><\/a><\/p>\n<h3><img loading=\"lazy\" class=\"aligncenter size-large wp-image-23255\" src=\"http:\/\/emlaktuel.com\/wp-content\/uploads\/2018\/07\/babacan-750x500.jpg\" alt=\"\" width=\"600\" height=\"400\" \/><\/h3>\n<h3><strong>Mehmet Babacan:\u00a0<\/strong><strong>\u201cAvantajl\u0131 yat\u0131r\u0131m ayr\u0131cal\u0131\u011f\u0131 devam ediyor\u201d<\/strong><\/h3>\n<p>Kampanyan\u0131n ba\u015flad\u0131\u011f\u0131 ilk g\u00fcnden bu yana g\u00fcnden bu yana projeleriyle en dikkat \u00e7eken \u015firketlerden biri olduklar\u0131n\u0131 vurgulayan\u00a0<strong>Babacan Holding CEO\u2019su Mehmet Babacan<\/strong>, kredi faiz oranlar\u0131ndaki y\u00fckseli\u015fe ra\u011fmen kampanyay\u0131 bir ay daha uzatma karar\u0131 ald\u0131klar\u0131n\u0131 a\u00e7\u0131klad\u0131. Babacan konuya ili\u015fkin \u015funlar\u0131 payla\u015ft\u0131:<\/p>\n<p>\u201cUlusal Kampanya s\u00fcrecinin ba\u015flad\u0131\u011f\u0131 ilk g\u00fcnden itibaren kampanyaya en b\u00fcy\u00fck desteklerden birini veren bir \u015firket olarak yat\u0131r\u0131mc\u0131lar\u0131m\u0131z\u0131n g\u00f6z\u00fcnde olu\u015fturdu\u011fumuz g\u00fcveni zirveye ta\u015f\u0131d\u0131k. Projelerimize y\u00f6nelik talepte ciddi art\u0131\u015f yakalad\u0131k. Kampanya sona ermesine ra\u011fmen, yat\u0131r\u0131mc\u0131lar\u0131m\u0131zdan gelen taleplere sessiz kalamad\u0131k. Bu nedenle onlara sundu\u011fumuz avantajl\u0131 yat\u0131r\u0131m ayr\u0131cal\u0131\u011f\u0131n\u0131 devam ettirme karar\u0131 ald\u0131k. Yat\u0131r\u0131mc\u0131lar\u0131m\u0131z, ald\u0131\u011f\u0131m\u0131z bu karar neticesinde y\u00fczde 0.98 faiz oran\u0131 ve y\u00fczde 20 indirim ayr\u0131cal\u0131\u011f\u0131n\u0131 bir ay daha ya\u015fayabilecekler.\u201d<\/p>\n<h3><strong>ULUSAL KAMPANYADA YER ALAN PROJELER<\/strong><\/h3>\n<p><strong>Babacan Premium<\/strong><\/p>\n<p>Lokasyon: Beylikd\u00fcz\u00fc E-5 \u00dczeri<\/p>\n<p>Konut adeti: 1010<\/p>\n<p>Teslim Tarihi: \u0130lk teslimler A\u011fustos 2018\u2019de ba\u015fl\u0131yor<\/p>\n<p><strong>Babacan Port Royal<\/strong><\/p>\n<p>Lokasyon: K\u00fc\u00e7\u00fck\u00e7ekmece E-5 \u00dczeri<\/p>\n<p>Konut adeti: 814<\/p>\n<p>Teslim Tarihi: \u0130lk Teslimler Eyl\u00fcl 2019\u2019da ba\u015fl\u0131yor<\/p>\n<p><strong>Babacan Palace<\/strong><\/p>\n<p>Lokasyon: Beylikd\u00fcz\u00fc E-5 \u00dczeri<\/p>\n<p>Konut adeti: 248<\/p>\n<p>Teslim Tarihi: Hemen Teslim<\/p>\n","protected":false},"excerpt":{"rendered":"<p>Babacan Holding, bu d\u00f6nemde faizlerdeki y\u00fckseli\u015fe ra\u011fmen ba\u015flatm\u0131\u015f oldu\u011fu Ulusal Kampanya\u2019ya devam ederek 1 ay daha uzatt\u0131. G\u00fcvenilir ve kaliteli konut projeleriyle sekt\u00f6rde ilkleri kazand\u0131ran g\u00fcvenli in\u015faat firmas\u0131 Babacan Holding\u2019te ba\u015flat\u0131lan Ulusal Kampanya s\u00fcreci tam h\u0131z\u0131yla devam ediyor. Ge\u00e7ti\u011fimiz ay biten kampanyada 3 projesiyle yer alan Holding, kampanyay\u0131 kendi b\u00fcnyesinde 1 ay daha uzatma karar\u0131 [&hellip;]<\/p>\n","protected":false},"author":1,"featured_media":23254,"comment_status":"open","ping_status":"open","sticky":false,"template":"","format":"standard","meta":{"ngg_post_thumbnail":0},"categories":[221,97,5388],"tags":[69,3376,6659,2040,2534,1194,2807,11417,2434,544,7006,11100,11520,106,11261],"_links":{"self":[{"href":"https:\/\/emlaktuel.com\/index.php?rest_route=\/wp\/v2\/posts\/23253"}],"collection":[{"href":"https:\/\/emlaktuel.com\/index.php?rest_route=\/wp\/v2\/posts"}],"about":[{"href":"https:\/\/emlaktuel.com\/index.php?rest_route=\/wp\/v2\/types\/post"}],"author":[{"embeddable":true,"href":"https:\/\/emlaktuel.com\/index.php?rest_route=\/wp\/v2\/users\/1"}],"replies":[{"embeddable":true,"href":"https:\/\/emlaktuel.com\/index.php?rest_route=%2Fwp%2Fv2%2Fcomments&post=23253"}],"version-history":[{"count":1,"href":"https:\/\/emlaktuel.com\/index.php?rest_route=\/wp\/v2\/posts\/23253\/revisions"}],"predecessor-version":[{"id":23256,"href":"https:\/\/emlaktuel.com\/index.php?rest_route=\/wp\/v2\/posts\/23253\/revisions\/23256"}],"wp:featuredmedia":[{"embeddable":true,"href":"https:\/\/emlaktuel.com\/index.php?rest_route=\/wp\/v2\/media\/23254"}],"wp:attachment":[{"href":"https:\/\/emlaktuel.com\/index.php?rest_route=%2Fwp%2Fv2%2Fmedia&parent=23253"}],"wp:term":[{"taxonomy":"category","embeddable":true,"href":"https:\/\/emlaktuel.com\/index.php?rest_route=%2Fwp%2Fv2%2Fcategories&post=23253"},{"taxonomy":"post_tag","embeddable":true,"href":"https:\/\/emlaktuel.com\/index.php?rest_route=%2Fwp%2Fv2%2Ftags&post=23253"}],"curies":[{"name":"wp","href":"https:\/\/api.w.org\/{rel}","templated":true}]}}