{"id":23176,"date":"2018-06-30T14:29:13","date_gmt":"2018-06-30T11:29:13","guid":{"rendered":"http:\/\/emlaktuel.com\/?p=23176"},"modified":"2018-07-05T18:07:06","modified_gmt":"2018-07-05T15:07:06","slug":"gayrimenkul-sektoru-yaza-merhaba-partisinde-biraraya-geldi","status":"publish","type":"post","link":"https:\/\/emlaktuel.com\/?p=23176","title":{"rendered":"Gayrimenkul sekt\u00f6r\u00fc yaza merhaba partisi\u2019nde biraraya geldi"},"content":{"rendered":"<p><strong><i>Gayrimenkul sekt\u00f6r\u00fc, ULI T\u00fcrkiye, ULI Next, ULI Young Leaders, Gayrimenkulde Kad\u0131n Liderler ve Gayrimenkul T\u00fcrkiye\u2019nin Ferko Signature Assembly\u2019deortakla\u015fa d\u00fczenledi\u011fi \u2018Yaza Merhaba Partisi\u2019nde biraraya geldi.<\/i><\/strong><\/p>\n<p>ULI T\u00fcrkiye (Urban Land Instutite), GKL (Gayrimenkul Kad\u0131n Liderler) Platformu ve GMTR (Gayrimenkul T\u00fcrkiye) taraf\u0131ndan d\u00fczenlenen \u201cYaza Merhaba Partisi\u201d, ULI ve GKL tan\u0131t\u0131m\u0131 ve \u201cSanat ve Gayrimenkul: Etki ve Etkile\u015fimler\u201d paneli ile ba\u015flad\u0131. Yo\u011fun ilgi g\u00f6ren etkinlik, ULI T\u00fcrkiye Ba\u015fkan\u0131 Zafer Baysal, Krea Gayrimenkul Y\u00f6netim Kurulu Ba\u015fkan\u0131 Hakan Kodal, Ferko Y\u00f6netim Kurulu Ba\u015fkan\u0131 Ferit Meri\u00e7ten, Arya Yat\u0131r\u0131m Platformu ve Casa Dell\u2019Arte\u2019nin Kurucusu Ahu Serter gibi sekt\u00f6r\u00fcn \u00f6nde gelen isimlerini a\u011f\u0131rlad\u0131.<\/p>\n<p>A\u00e7\u0131l\u0131\u015f b\u00f6l\u00fcm\u00fcnde, ULI T\u00fcrkiye Ba\u015fkan\u0131 Zafer Baysal\u2019\u0131n a\u00e7\u0131\u015f konu\u015fmas\u0131ndan sonra, ULI Young Leaders E\u015fba\u015fkan\u0131 Kemal \u00c7etin, ULI NEXT Grubu E\u015fba\u015fkanlar\u0131 Didem Erendil ve Hakan Malak, Gayrimenkulde Kad\u0131n Liderler Platformu \u0130cra Kurulu \u00dcyesi Buket Hayret\u00e7i ve ULI Gayrimenkul Y\u00f6netimi \u0130lgi Grubu\u2019ndan Merter G\u00fcrg\u00fcn gruplar\u0131n\u0131n \u00e7al\u0131\u015fmalar\u0131 hakk\u0131nda bilgi verdiler.<\/p>\n<p>ULI T\u00fcrkiye Ba\u015fkan\u0131 Zafer Baysal s\u00f6zlerine toplant\u0131ya evsahipli\u011fi yapan Ferko Signature Assembly\u2019e misafirperverlikleri i\u00e7in te\u015fekk\u00fcr ederek ba\u015flad\u0131. Baysal, gayrimenkul sekt\u00f6r\u00fcn\u00fc amac\u0131 arazi kullan\u0131m\u0131, gayrimenkul, kentle\u015fme ve s\u00fcrd\u00fcr\u00fclebilirlik alan\u0131nda sorumlu bir \u015fekilde \u00f6nderlik yaparak \u00e7evreyi bir b\u00fct\u00fcn olarak zenginle\u015ftirmek olan ULI T\u00fcrkiye \u00fcyesi olmaya \u00e7a\u011f\u0131rd\u0131. Gayrimenkul sekt\u00f6r\u00fcn\u00fc geli\u015ftirmek ad\u0131na \u00e7ok say\u0131da komite olu\u015fturduklar\u0131n\u0131 ifade eden Zafer Baysal, \u201c Gayrimenkul sekt\u00f6r\u00fcne giri\u015f kurallar\u0131, kurumsalla\u015fma, sertifikasyon, gayrimenkul sekt\u00f6r\u00fc standartlar\u0131 ve tan\u0131mlar\u0131, gayrimenkul sekt\u00f6r\u00fcn\u00fcn etik kurallar\u0131 bir hukuk platformu kat m\u00fclkiyeti, gayrimenkul y\u00f6netimi, gayrimenkul finans\u0131 ve sigortalama, gayrimenkul ihtisas maddeleri, yeni teknolojiden yola \u00e7\u0131karak yeni geli\u015fmeleri kar\u015f\u0131layacak hukuk alt yap\u0131s\u0131, istatistik, veri toplama ve veri merkezi, kent geli\u015fimi, imar, planlama, kentsel d\u00f6n\u00fc\u015f\u00fcm, afet \u00f6nlemleri ve y\u00f6netimi, vergi ve te\u015fvikler yabanc\u0131 yat\u0131r\u0131mlar\u0131 konular\u0131 \u00fczerinde \u00e7al\u0131\u015fmaktay\u0131z. Sekt\u00f6r\u00fcm\u00fcz\u00fcn t\u00fcm payda\u015flar\u0131n\u0131 destek vermeleri \u00fczere aram\u0131zda g\u00f6rmek istiyoruz.\u201ddedi.<\/p>\n<p>Konu\u015fmalar\u0131n ard\u0131ndan Krea Gayrimenkul Y\u00f6netim Kurulu Ba\u015fkan\u0131 Hakan Kodal\u2019\u0131n moderat\u00f6rl\u00fc\u011f\u00fcnde Ferko Y\u00f6netim Kurulu Ba\u015fkan\u0131 Ferit Meri\u00e7ten ve Arya Yat\u0131r\u0131m Platformu Kurucusu Ahu Serter\u2019in konu\u015fmac\u0131 olarak yerald\u0131\u011f\u0131 \u2018Sanat ve Gayrimenkul: Etki ve Etkile\u015fimler\u2019 Paneli yap\u0131ld\u0131.<\/p>\n<h3><strong>\u201cGayrimenkul\u00fc hep metrekare olarak d\u00fc\u015f\u00fcn\u00fcyoruz ama gayrimenkul metrekarenin \u00e7ok \u00f6tesinde bir yere do\u011fru gidiyor.\u201d<\/strong><\/h3>\n<p>Sanat ve gayrimenkul konusunun bir arada i\u015flendi\u011fine dikkat \u00e7eken Hakan Kodal, D\u00fcnya\u2019da da bu anlay\u0131\u015fa do\u011fru yol al\u0131nd\u0131\u011f\u0131n\u0131 belirtti. Kodal, yap\u0131m\u0131 2013 y\u0131l\u0131nda ba\u015flayan, Karak\u00f6y\u2019e ortalama 3dk mesafede bulunan ve Tophane ile Beyo\u011flu\u2019nun aras\u0131na in\u015faa edilen Tomtom Design projesine de\u011findi. Projenin Galata Port\u2019ta bulunan \u0130stanbul Modern M\u00fczesi\u2019nin yak\u0131n\u0131nda olmas\u0131 ve b\u00f6lgenin eski dokusunu koruyarak yap\u0131la\u015fmas\u0131 dolay\u0131s\u0131yla bir sanat ve tasar\u0131m projesi oldu\u011funa dikkat \u00e7eken Kodal, \u201cTomtom Garden, \u00f6n\u00fcm\u00fczdeki d\u00f6nemde bir tasar\u0131m mahallesi olan sanat merkezi haline gelecek\u201d dedi. Projedeki ama\u00e7lar\u0131n\u0131n sanat\u00e7\u0131lar\u0131n da deste\u011fini alarak s\u00fcrd\u00fcr\u00fclebilir bir proje yaratmak oldu\u011funu belirten Kodal, \u201cBir etkinlik program\u0131 haz\u0131rlayarak bunlar\u0131 temalara ta\u015f\u0131d\u0131k. Tasar\u0131m Tomtom Sokak\u2019ta \u00e7e\u015fitli etkinlikler ger\u00e7ekle\u015ftirmekteyiz. Web sitemizin, y\u00fczde 81\u2019i kad\u0131nlar\u0131m\u0131zdan olu\u015fan \u00e7ok say\u0131da takip\u00e7isi var\u201d dedi.<\/p>\n<h3><strong>\u201c\u00dclkemize y\u0131lda 40-50 milyon turist \u00e7ekmekten bahsediyorsak; \u0130stanbul Modern M\u00fczesi d\u0131\u015f\u0131nda da m\u00fczeler in\u015fa etmeliyiz.\u201d<\/strong><\/h3>\n<p>Son on y\u0131lda mesle\u011fiyle sanat\u0131 birle\u015ftirdi\u011fini s\u00f6yleyen Ferit Meri\u00e7ten, 34 y\u0131ldan bu yana koleksiyoner oldu\u011funu s\u00f6yledi. Assembly\u2019de bir katta 1200m2 sergi alan\u0131 haz\u0131rlad\u0131klar\u0131n\u0131 ve Eyl\u00fcl sonunda a\u00e7\u0131laca\u011f\u0131n\u0131 s\u00f6yleyen Meri\u00e7ten, sanata olan merak\u0131 sayesinde yurtd\u0131\u015f\u0131ndan bir\u00e7ok dost da edindi\u011fi belirtti ve \u015f\u00f6yle devam etti: \u201cSanat ayn\u0131 zamanda turizmin de bir kolu. \u00dclkemize y\u0131lda 40-50 milyon turist \u00e7ekmekten bahsediyorsak; \u0130stanbul Modern M\u00fczesi d\u0131\u015f\u0131nda da m\u00fczeler in\u015fa etmeliyiz. Bizde maalesef tersine galeriler kapan\u0131yor.\u201d dedi. Yap\u0131n\u0131n, mimarinin en \u00f6nemli kollar\u0131ndan biri oldu\u011funu belirten Ferit Meri\u00e7ten, \u201cFrans\u0131z mimar\u00a0<em>Jean<\/em>, \u2018Nouvel mimari g\u00f6zle g\u00f6r\u00fclen \u015fiirdir.\u2019 der. \u00c7\u00fcnk\u00fc iyi yap\u0131lm\u0131\u015f bir binay\u0131 ben seyrediyorum, detaylar\u0131na kadar bak\u0131yorum ve bir haz veriyor. Bu sanat\u0131 \u00f6z\u00fcmsemektir. Benim yap\u0131y\u0131 ve in\u015fay\u0131 mimariyle birle\u015ftirme fikrim oradan do\u011fdu, daha iyisini de yapaca\u011f\u0131ma inan\u0131yorum.\u201d \u015feklinde s\u00f6zlerini sonland\u0131rd\u0131.<\/p>\n<h3><strong>\u201cMarkan\u0131z m\u0131 sizi yarat\u0131r yoksa siz mi markan\u0131z\u0131 yarat\u0131rs\u0131n\u0131z?\u201d<\/strong><\/h3>\n<p>Sanat\u00e7\u0131 bir aileden geldi\u011fini, babas\u0131n\u0131n koleksiyoner oldu\u011funu s\u00f6yleyen Ahu Serter, \u00e7ocuklar\u0131na da para puldan ziyade sanatla alakal\u0131 bir \u015feyler b\u0131rakmak gayesini ta\u015f\u0131d\u0131\u011f\u0131n\u0131 s\u00f6yledi. T\u00fcrkiye\u2019de otomotiv sekt\u00f6r\u00fcnde hizmet veren \u015firketinde \u00e7al\u0131\u015f\u0131rken, Paris\u2019te koleksiyonerlerin kat\u0131ld\u0131\u011f\u0131 bir sunumda, \u201cSanat i\u00e7in ne yapt\u0131n\u0131z?\u201d sorusuna, \u201cSanat ailem i\u00e7in ne yapt\u0131?\u201d cevab\u0131n\u0131 vermesiyle birlikte daha sonra yapt\u0131\u011f\u0131 i\u015flerin hikayesini yazd\u0131\u011f\u0131n\u0131 belirten Serter, sanatla ilgili olman\u0131n i\u015f d\u00fcnyas\u0131nda ve ailenin sosyolojik geli\u015fimine \u00e7ok b\u00fcy\u00fck katk\u0131s\u0131 oldu\u011funu s\u00f6yledi. Serter, sanat\u0131n kendisine ilham verdi\u011fini, otomotiv ve finans d\u00fcnyas\u0131 d\u0131\u015f\u0131nda sanatla yaratt\u0131\u011f\u0131 g\u00fczel bir d\u00fcnyas\u0131 oldu\u011funu ifade etti. Sanata olan merak\u0131 ile birlikte Lizbon\u2019da Casa Dell\u2019Arte isimli ilk sanat otelini kurdu\u011funu, buraya yabanc\u0131 ve T\u00fcrk bir\u00e7ok sanat\u00e7\u0131n\u0131n tablolar\u0131n\u0131 koyduklar\u0131n\u0131 ve \u00e7ok g\u00fczel tepkiler ald\u0131klar\u0131n\u0131 s\u00f6yleyen Serter, buradan hareketle Bodrum Torbal\u0131\u2019da a\u00e7t\u0131\u011f\u0131 Casa Dell\u2019Arte\u2019nin bulundu\u011fu b\u00f6lgeye de katk\u0131 sa\u011flayarak, b\u00f6lgeyi geli\u015ftirdi\u011fini belirtti.<\/p>\n<div>\n<hr \/>\n<\/div>\n","protected":false},"excerpt":{"rendered":"<p>Gayrimenkul sekt\u00f6r\u00fc, ULI T\u00fcrkiye, ULI Next, ULI Young Leaders, Gayrimenkulde Kad\u0131n Liderler ve Gayrimenkul T\u00fcrkiye\u2019nin Ferko Signature Assembly\u2019deortakla\u015fa d\u00fczenledi\u011fi \u2018Yaza Merhaba Partisi\u2019nde biraraya geldi. ULI T\u00fcrkiye (Urban Land Instutite), GKL (Gayrimenkul Kad\u0131n Liderler) Platformu ve GMTR (Gayrimenkul T\u00fcrkiye) taraf\u0131ndan d\u00fczenlenen \u201cYaza Merhaba Partisi\u201d, ULI ve GKL tan\u0131t\u0131m\u0131 ve \u201cSanat ve Gayrimenkul: Etki ve Etkile\u015fimler\u201d paneli [&hellip;]<\/p>\n","protected":false},"author":1,"featured_media":23177,"comment_status":"open","ping_status":"open","sticky":false,"template":"","format":"standard","meta":{"ngg_post_thumbnail":0},"categories":[221,5388],"tags":[107,1923,869,88,556,2659,316],"_links":{"self":[{"href":"https:\/\/emlaktuel.com\/index.php?rest_route=\/wp\/v2\/posts\/23176"}],"collection":[{"href":"https:\/\/emlaktuel.com\/index.php?rest_route=\/wp\/v2\/posts"}],"about":[{"href":"https:\/\/emlaktuel.com\/index.php?rest_route=\/wp\/v2\/types\/post"}],"author":[{"embeddable":true,"href":"https:\/\/emlaktuel.com\/index.php?rest_route=\/wp\/v2\/users\/1"}],"replies":[{"embeddable":true,"href":"https:\/\/emlaktuel.com\/index.php?rest_route=%2Fwp%2Fv2%2Fcomments&post=23176"}],"version-history":[{"count":1,"href":"https:\/\/emlaktuel.com\/index.php?rest_route=\/wp\/v2\/posts\/23176\/revisions"}],"predecessor-version":[{"id":23178,"href":"https:\/\/emlaktuel.com\/index.php?rest_route=\/wp\/v2\/posts\/23176\/revisions\/23178"}],"wp:featuredmedia":[{"embeddable":true,"href":"https:\/\/emlaktuel.com\/index.php?rest_route=\/wp\/v2\/media\/23177"}],"wp:attachment":[{"href":"https:\/\/emlaktuel.com\/index.php?rest_route=%2Fwp%2Fv2%2Fmedia&parent=23176"}],"wp:term":[{"taxonomy":"category","embeddable":true,"href":"https:\/\/emlaktuel.com\/index.php?rest_route=%2Fwp%2Fv2%2Fcategories&post=23176"},{"taxonomy":"post_tag","embeddable":true,"href":"https:\/\/emlaktuel.com\/index.php?rest_route=%2Fwp%2Fv2%2Ftags&post=23176"}],"curies":[{"name":"wp","href":"https:\/\/api.w.org\/{rel}","templated":true}]}}