{"id":23174,"date":"2018-06-30T13:53:53","date_gmt":"2018-06-30T10:53:53","guid":{"rendered":"http:\/\/emlaktuel.com\/?p=23174"},"modified":"2018-07-05T18:07:04","modified_gmt":"2018-07-05T15:07:04","slug":"dis-ticaret-acik-yuzde-5-7-yukseldi","status":"publish","type":"post","link":"https:\/\/emlaktuel.com\/?p=23174","title":{"rendered":"D\u0131\u015f ticaret a\u00e7\u0131k y\u00fczde 5.7 y\u00fckseldi"},"content":{"rendered":"<div class=\"clear\">T\u00dc\u0130K 2018 y\u0131l\u0131 May\u0131s ay\u0131na ili\u015fkin d\u0131\u015f ticaret istatistiklerini sundu. A\u00e7\u0131klanan verilere g\u00f6re, ihracat 2018 y\u0131l\u0131 May\u0131s ay\u0131nda, 2017 y\u0131l\u0131n\u0131n ayn\u0131 ay\u0131na g\u00f6re y\u00fczde 5.3 art\u0131\u015f g\u00f6stererek 14 milyar 306 milyon dolar, ithalat ise y\u00fczde 5.5 art\u0131\u015f g\u00f6stererek 22 milyar 65 milyon dolara \u00e7\u0131kt\u0131.<\/div>\n<div class=\"entry\">\n<p>\u00dclkemizde may\u0131s ay\u0131 i\u00e7inde d\u0131\u015f ticaret a\u00e7\u0131\u011f\u0131 y\u00fczde 5.7 y\u00fckselerek 7 milyar 759 milyon dolara \u00e7\u0131kt\u0131. \u0130hracat\u0131n ithalat\u0131 kar\u015f\u0131lama oran\u0131 2017 May\u0131s ay\u0131 i\u00e7inde y\u00fczde 64.9 iken, 2018 May\u0131s ay\u0131nda y\u00fczde 64.8\u2019e d\u00fc\u015ft\u00fc.<\/p>\n<p>2017 y\u0131l\u0131n\u0131n ayn\u0131 ay\u0131na g\u00f6re Avrupa Birli\u011fi\u2019ne yap\u0131lan ihracat, y\u00fczde 19.3 artarak 7 milyar 287 milyon dolar oldu. AB\u2019nin ihracattaki pay\u0131 2017 May\u0131s ay\u0131nda y\u00fczde 45 iken, 2018 May\u0131s ay\u0131nda y\u00fczde 50.9 oldu.<\/p>\n<p>Almanya\u2019ya yap\u0131lan ihracat 2018 May\u0131s ay\u0131nda 1 milyar 357 milyon dolar, 8Almanya&#8217;y\u0131 885 milyon dolar ile \u0130talya, 858 milyon dolar ile \u0130ngiltere ve 759 milyon dolar ile \u0130spanya takip etti. \u00c7in\u2019den ithalat, 2018 y\u0131l\u0131 May\u0131s ay\u0131nda 2 milyar 80 milyon dolar oldu. Bu \u00fclkeyi s\u0131ras\u0131yla 2 milyar 18 milyon dolar ile Almanya, 1 milyar 732 milyon dolar ile Rusya ve 1 milyar 439 milyon dolar ile \u0130ngiltere takip etti.<\/p>\n<\/div>\n<div class=\"share-post\"><\/div>\n","protected":false},"excerpt":{"rendered":"<p>T\u00dc\u0130K 2018 y\u0131l\u0131 May\u0131s ay\u0131na ili\u015fkin d\u0131\u015f ticaret istatistiklerini sundu. A\u00e7\u0131klanan verilere g\u00f6re, ihracat 2018 y\u0131l\u0131 May\u0131s ay\u0131nda, 2017 y\u0131l\u0131n\u0131n ayn\u0131 ay\u0131na g\u00f6re y\u00fczde 5.3 art\u0131\u015f g\u00f6stererek 14 milyar 306 milyon dolar, ithalat ise y\u00fczde 5.5 art\u0131\u015f g\u00f6stererek 22 milyar 65 milyon dolara \u00e7\u0131kt\u0131. \u00dclkemizde may\u0131s ay\u0131 i\u00e7inde d\u0131\u015f ticaret a\u00e7\u0131\u011f\u0131 y\u00fczde 5.7 y\u00fckselerek 7 [&hellip;]<\/p>\n","protected":false},"author":1,"featured_media":18329,"comment_status":"open","ping_status":"open","sticky":false,"template":"","format":"standard","meta":{"ngg_post_thumbnail":0},"categories":[5213],"tags":[11360,298,7086,11064,11243,11105,11063,612,11547],"_links":{"self":[{"href":"https:\/\/emlaktuel.com\/index.php?rest_route=\/wp\/v2\/posts\/23174"}],"collection":[{"href":"https:\/\/emlaktuel.com\/index.php?rest_route=\/wp\/v2\/posts"}],"about":[{"href":"https:\/\/emlaktuel.com\/index.php?rest_route=\/wp\/v2\/types\/post"}],"author":[{"embeddable":true,"href":"https:\/\/emlaktuel.com\/index.php?rest_route=\/wp\/v2\/users\/1"}],"replies":[{"embeddable":true,"href":"https:\/\/emlaktuel.com\/index.php?rest_route=%2Fwp%2Fv2%2Fcomments&post=23174"}],"version-history":[{"count":1,"href":"https:\/\/emlaktuel.com\/index.php?rest_route=\/wp\/v2\/posts\/23174\/revisions"}],"predecessor-version":[{"id":23175,"href":"https:\/\/emlaktuel.com\/index.php?rest_route=\/wp\/v2\/posts\/23174\/revisions\/23175"}],"wp:featuredmedia":[{"embeddable":true,"href":"https:\/\/emlaktuel.com\/index.php?rest_route=\/wp\/v2\/media\/18329"}],"wp:attachment":[{"href":"https:\/\/emlaktuel.com\/index.php?rest_route=%2Fwp%2Fv2%2Fmedia&parent=23174"}],"wp:term":[{"taxonomy":"category","embeddable":true,"href":"https:\/\/emlaktuel.com\/index.php?rest_route=%2Fwp%2Fv2%2Fcategories&post=23174"},{"taxonomy":"post_tag","embeddable":true,"href":"https:\/\/emlaktuel.com\/index.php?rest_route=%2Fwp%2Fv2%2Ftags&post=23174"}],"curies":[{"name":"wp","href":"https:\/\/api.w.org\/{rel}","templated":true}]}}