{"id":23165,"date":"2018-06-29T22:54:50","date_gmt":"2018-06-29T19:54:50","guid":{"rendered":"http:\/\/emlaktuel.com\/?p=23165"},"modified":"2018-07-05T18:06:54","modified_gmt":"2018-07-05T15:06:54","slug":"ozhaseki-imar-barisi-icin-her-gun-100-bin-basvuru-geliyor","status":"publish","type":"post","link":"https:\/\/emlaktuel.com\/?p=23165","title":{"rendered":"\u00d6zhaseki: \u201c\u0130mar Bar\u0131\u015f\u0131 i\u00e7in her g\u00fcn 100 bin ba\u015fvuru geliyor\u201d"},"content":{"rendered":"<div class=\"td-post-header\"><\/div>\n<div class=\"td-post-content\">\n<p>\u00c7evre ve \u015eehircilik Bakan\u0131 Mehmet \u00d6zhaseki, d\u00fczenlenen \u0130mar Bar\u0131\u015f\u0131 i\u00e7in vatanda\u015flardan her g\u00fcn ortalama 100 bin ba\u015fvuru geldi\u011fini s\u00f6yledi.<\/p>\n<p>\u00c7evre ve \u015eehircilik Bakan\u0131 Mehmet \u00d6zhaseki, d\u00fcn Kayseri Gazeteciler Cemiyeti Ba\u015fkan\u0131 Veli Alt\u0131nkaya\u2019y\u0131 ziyaret ederek burada 24 Haziran se\u00e7im sonu\u00e7lar\u0131n\u0131 de\u011ferlendirdi. \u00d6zhaseki \u0130mar Bar\u0131\u015f\u0131 ile ilgili de \u00f6nemli bilgiler verdi.<\/p>\n<p>B\u00f6lgede yerel bas\u0131n kendi ayaklar\u0131n\u0131n \u00fczerinde durabilmek i\u00e7in b\u00fcy\u00fck \u00e7aba sarf ediyor diyen \u00d6zhaseki, sorunlar\u0131n\u0131n \u00e7\u00f6z\u00fcm\u00fc i\u00e7in gerekli \u00e7al\u0131\u015fmalar\u0131n yap\u0131ld\u0131\u011f\u0131n\u0131 s\u00f6yledi.<\/p>\n<p>Se\u00e7im sonu\u00e7lar\u0131 hakk\u0131ndada konu\u015fan \u00d6zhaseki, T\u00fcrkiye\u2019nin demokrasi s\u0131nav\u0131ndan aln\u0131n\u0131n ak\u0131yla \u00e7\u0131kt\u0131\u011f\u0131n\u0131 dile getirerek, <strong>\u201cKayseri\u2019deki se\u00e7im sonu\u00e7lar\u0131yla ilgili bir de\u011ferlendirme yapaca\u011f\u0131z.\u00a0\u0130ttifak i\u00e7inde se\u00e7imlere girdik. 8 milletvekiliyle projeleri ve \u00e7al\u0131\u015fmalar\u0131 y\u00fcr\u00fctece\u011fiz.\u201d <\/strong>dedi.<\/p>\n<p>Bakan Mehmet \u00d6zhaseki, \u0130mar Bar\u0131\u015f\u0131\u2019nda ba\u015fvurular\u0131n bekledikleri gibi gitti\u011fini ifade ederek, <strong>\u201cBug\u00fcne kadar bir milyon 650 bin m\u00fcracaat oldu. Her g\u00fcn 100 binden fazla ba\u015fvuruda bulunuluyor.\u201d<\/strong> diye konu\u015ftu.<\/p>\n<\/div>\n","protected":false},"excerpt":{"rendered":"<p>\u00c7evre ve \u015eehircilik Bakan\u0131 Mehmet \u00d6zhaseki, d\u00fczenlenen \u0130mar Bar\u0131\u015f\u0131 i\u00e7in vatanda\u015flardan her g\u00fcn ortalama 100 bin ba\u015fvuru geldi\u011fini s\u00f6yledi. \u00c7evre ve \u015eehircilik Bakan\u0131 Mehmet \u00d6zhaseki, d\u00fcn Kayseri Gazeteciler Cemiyeti Ba\u015fkan\u0131 Veli Alt\u0131nkaya\u2019y\u0131 ziyaret ederek burada 24 Haziran se\u00e7im sonu\u00e7lar\u0131n\u0131 de\u011ferlendirdi. \u00d6zhaseki \u0130mar Bar\u0131\u015f\u0131 ile ilgili de \u00f6nemli bilgiler verdi. B\u00f6lgede yerel bas\u0131n kendi ayaklar\u0131n\u0131n \u00fczerinde [&hellip;]<\/p>\n","protected":false},"author":1,"featured_media":4417,"comment_status":"open","ping_status":"open","sticky":false,"template":"","format":"standard","meta":{"ngg_post_thumbnail":0},"categories":[221,5388],"tags":[11061,11504,11253,10995,11356,316],"_links":{"self":[{"href":"https:\/\/emlaktuel.com\/index.php?rest_route=\/wp\/v2\/posts\/23165"}],"collection":[{"href":"https:\/\/emlaktuel.com\/index.php?rest_route=\/wp\/v2\/posts"}],"about":[{"href":"https:\/\/emlaktuel.com\/index.php?rest_route=\/wp\/v2\/types\/post"}],"author":[{"embeddable":true,"href":"https:\/\/emlaktuel.com\/index.php?rest_route=\/wp\/v2\/users\/1"}],"replies":[{"embeddable":true,"href":"https:\/\/emlaktuel.com\/index.php?rest_route=%2Fwp%2Fv2%2Fcomments&post=23165"}],"version-history":[{"count":1,"href":"https:\/\/emlaktuel.com\/index.php?rest_route=\/wp\/v2\/posts\/23165\/revisions"}],"predecessor-version":[{"id":23166,"href":"https:\/\/emlaktuel.com\/index.php?rest_route=\/wp\/v2\/posts\/23165\/revisions\/23166"}],"wp:featuredmedia":[{"embeddable":true,"href":"https:\/\/emlaktuel.com\/index.php?rest_route=\/wp\/v2\/media\/4417"}],"wp:attachment":[{"href":"https:\/\/emlaktuel.com\/index.php?rest_route=%2Fwp%2Fv2%2Fmedia&parent=23165"}],"wp:term":[{"taxonomy":"category","embeddable":true,"href":"https:\/\/emlaktuel.com\/index.php?rest_route=%2Fwp%2Fv2%2Fcategories&post=23165"},{"taxonomy":"post_tag","embeddable":true,"href":"https:\/\/emlaktuel.com\/index.php?rest_route=%2Fwp%2Fv2%2Ftags&post=23165"}],"curies":[{"name":"wp","href":"https:\/\/api.w.org\/{rel}","templated":true}]}}