{"id":23161,"date":"2018-06-29T22:46:49","date_gmt":"2018-06-29T19:46:49","guid":{"rendered":"http:\/\/emlaktuel.com\/?p=23161"},"modified":"2018-07-05T18:06:51","modified_gmt":"2018-07-05T15:06:51","slug":"sur-yapi-marka-avmde-alisveris-yapti-cekilisten-ev-kazandi","status":"publish","type":"post","link":"https:\/\/emlaktuel.com\/?p=23161","title":{"rendered":"Sur Yap\u0131 Marka AVM\u2019de al\u0131\u015fveri\u015f yapt\u0131, \u00e7ekili\u015ften ev kazand\u0131"},"content":{"rendered":"<p><strong>Sur Yap\u0131 Marka AVM\u2019nin d\u00fczenledi\u011fi ev kazand\u0131ran kampanyada mutlu son. Kampanya kapsam\u0131nda ger\u00e7ekle\u015ftirilen \u00e7ekili\u015fin kazanan talihlisi Ebru G\u00fcney,\u00a0<\/strong><strong>22 Haziran\u2019da manzaral\u0131 l\u00fcks rezidans\u0131n sahibi oldu.<\/strong><\/p>\n<p>Sur Yap\u0131 Marka AVM\u2019de d\u00fczenlenen ev kampanyas\u0131n\u0131n kazanan\u0131, Bursa\u2019n\u0131n en prestijli evine kavu\u015ftu. 4 May\u0131s\u2019ta noter huzurunda ger\u00e7ekle\u015ftirilen \u00e7ekili\u015fin talihlisi Ebru G\u00fcney, Sur Yap\u0131 Marka Rezidans\u2019\u0131n 18\u2019inci kat\u0131ndaki 83 m\u00b2\u2019lik muhte\u015fem manzaral\u0131 l\u00fcks rezidans\u0131n sahibi oldu.<\/p>\n<p>G\u00fcney\u2019e 22 Haziran\u2019da evinin anahtar\u0131 teslim edildi. A\u00e7\u0131ld\u0131\u011f\u0131 g\u00fcnden beri gerek ula\u015f\u0131m gerekse ma\u011faza \u00e7e\u015fitlili\u011fi nedeniyle Sur Yap\u0131 Marka AVM\u2019yi tercih etti\u011fini belirten G\u00fcney, \u201c\u00c7ok mutlu oldum. \u00c7ok \u015fa\u015f\u0131rd\u0131m. Sur Yap\u0131 Marka AVM\u2019ye te\u015fekk\u00fcr ediyorum\u201d s\u00f6zleriyle hislerini dile getirdi.<\/p>\n<p>Aral\u0131k ay\u0131nda ba\u015flayan ve Sur Yap\u0131 Marka AVM\u2019deki ma\u011fazalardan toplamda 250 TL ve \u00fczeri al\u0131\u015fveri\u015f yapanlar\u0131n kat\u0131lmaya hak kazand\u0131\u011f\u0131 kampanya 30 Nisan\u2019da sona ermi\u015fti.<\/p>\n","protected":false},"excerpt":{"rendered":"<p>Sur Yap\u0131 Marka AVM\u2019nin d\u00fczenledi\u011fi ev kazand\u0131ran kampanyada mutlu son. Kampanya kapsam\u0131nda ger\u00e7ekle\u015ftirilen \u00e7ekili\u015fin kazanan talihlisi Ebru G\u00fcney,\u00a022 Haziran\u2019da manzaral\u0131 l\u00fcks rezidans\u0131n sahibi oldu. Sur Yap\u0131 Marka AVM\u2019de d\u00fczenlenen ev kampanyas\u0131n\u0131n kazanan\u0131, Bursa\u2019n\u0131n en prestijli evine kavu\u015ftu. 4 May\u0131s\u2019ta noter huzurunda ger\u00e7ekle\u015ftirilen \u00e7ekili\u015fin talihlisi Ebru G\u00fcney, Sur Yap\u0131 Marka Rezidans\u2019\u0131n 18\u2019inci kat\u0131ndaki 83 m\u00b2\u2019lik muhte\u015fem [&hellip;]<\/p>\n","protected":false},"author":1,"featured_media":23163,"comment_status":"open","ping_status":"open","sticky":false,"template":"","format":"standard","meta":{"ngg_post_thumbnail":0},"categories":[221,5388],"tags":[61,671,544,11146,468,813,11060],"_links":{"self":[{"href":"https:\/\/emlaktuel.com\/index.php?rest_route=\/wp\/v2\/posts\/23161"}],"collection":[{"href":"https:\/\/emlaktuel.com\/index.php?rest_route=\/wp\/v2\/posts"}],"about":[{"href":"https:\/\/emlaktuel.com\/index.php?rest_route=\/wp\/v2\/types\/post"}],"author":[{"embeddable":true,"href":"https:\/\/emlaktuel.com\/index.php?rest_route=\/wp\/v2\/users\/1"}],"replies":[{"embeddable":true,"href":"https:\/\/emlaktuel.com\/index.php?rest_route=%2Fwp%2Fv2%2Fcomments&post=23161"}],"version-history":[{"count":1,"href":"https:\/\/emlaktuel.com\/index.php?rest_route=\/wp\/v2\/posts\/23161\/revisions"}],"predecessor-version":[{"id":23164,"href":"https:\/\/emlaktuel.com\/index.php?rest_route=\/wp\/v2\/posts\/23161\/revisions\/23164"}],"wp:featuredmedia":[{"embeddable":true,"href":"https:\/\/emlaktuel.com\/index.php?rest_route=\/wp\/v2\/media\/23163"}],"wp:attachment":[{"href":"https:\/\/emlaktuel.com\/index.php?rest_route=%2Fwp%2Fv2%2Fmedia&parent=23161"}],"wp:term":[{"taxonomy":"category","embeddable":true,"href":"https:\/\/emlaktuel.com\/index.php?rest_route=%2Fwp%2Fv2%2Fcategories&post=23161"},{"taxonomy":"post_tag","embeddable":true,"href":"https:\/\/emlaktuel.com\/index.php?rest_route=%2Fwp%2Fv2%2Ftags&post=23161"}],"curies":[{"name":"wp","href":"https:\/\/api.w.org\/{rel}","templated":true}]}}