{"id":23146,"date":"2018-06-27T21:03:12","date_gmt":"2018-06-27T18:03:12","guid":{"rendered":"http:\/\/emlaktuel.com\/?p=23146"},"modified":"2018-07-05T18:06:34","modified_gmt":"2018-07-05T15:06:34","slug":"konut-alimi-icin-bekleyenler-harekete-gececek","status":"publish","type":"post","link":"https:\/\/emlaktuel.com\/?p=23146","title":{"rendered":"Konut al\u0131m\u0131 i\u00e7in bekleyenler harekete ge\u00e7ecek"},"content":{"rendered":"<h4>\u0130lk \u00e7eyrekte y\u00fczde 6,9 b\u00fcy\u00fcyen in\u015faat sekt\u00f6r\u00fc, y\u0131l\u0131n ikinci yar\u0131s\u0131nda \u00f6nemli bir s\u0131\u00e7rama ya\u015fayacak<\/h4>\n<p><strong><i>Y\u00fczlerce alt sekt\u00f6r\u00fc b\u00fcnyesinde bar\u0131nd\u0131ran in\u015faat sekt\u00f6r\u00fcn\u00fcn T\u00fcrkiye ekonomisinin lokomotifi konumunda oldu\u011funu ifade eden Silta\u015f Yap\u0131 Y\u00f6netim Kurulu Ba\u015fkan Yard\u0131mc\u0131s\u0131 Murat \u00d6zdemir, se\u00e7im sonras\u0131 siyasi ve ekonomik istikrar\u0131n sa\u011flanmas\u0131yla birlikte sekt\u00f6r\u00fcn geli\u015fimini h\u0131zla s\u00fcrd\u00fcrece\u011fini belirtti. T\u00dc\u0130K verilerine g\u00f6re 2018 y\u0131l\u0131n\u0131n ilk \u00e7eyre\u011finde in\u015faat sekt\u00f6r\u00fcn\u00fcn y\u00fczde 6,9 b\u00fcy\u00fcd\u00fc\u011f\u00fcn\u00fc hat\u0131rlatan \u00d6zdemir, se\u00e7im s\u00fcrecinin tamamlanmas\u0131n\u0131n ard\u0131ndan karars\u0131z ve beklemede olan t\u00fcketicilerin de harekete ge\u00e7mesiyle y\u0131l\u0131n ikinci yar\u0131s\u0131nda sekt\u00f6rde \u00f6nemli bir s\u0131\u00e7rama ya\u015fanaca\u011f\u0131n\u0131n alt\u0131n\u0131 \u00e7izdi.<\/i><\/strong><\/p>\n<p>T\u00fcrkiye \u0130statistik Kurumu (T\u00dc\u0130K) verilerine g\u00f6re, 2018 y\u0131l\u0131n\u0131n ilk \u00e7eyre\u011finde in\u015faat sekt\u00f6r\u00fcn\u00fcn y\u00fczde 6,9\u2019luk ba\u015far\u0131l\u0131 bir b\u00fcy\u00fcme performans\u0131 sergileyerek T\u00fcrkiye ekonomisine b\u00fcy\u00fck katk\u0131 sa\u011flad\u0131\u011f\u0131na dikkat \u00e7eken\u00a0<strong><i>Silta\u015f Yap\u0131 Y\u00f6netim Kurulu Ba\u015fkan Yard\u0131mc\u0131s\u0131 Murat \u00d6zdemir,\u00a0<\/i><\/strong>son d\u00f6nemlerdeki te\u015fvikler ve kampanyalarla konut sekt\u00f6r\u00fcn\u00fcn canlanmaya ba\u015flad\u0131\u011f\u0131n\u0131 s\u00f6yledi. Ancak se\u00e7im \u00f6ncesi bekleyi\u015f s\u00fcreci nedeniyle sekt\u00f6r\u00fcn tam olarak beklenen hareketi sa\u011flayamad\u0131\u011f\u0131n\u0131 ifade eden \u00d6zdemir, se\u00e7im sonras\u0131 in\u015faat sekt\u00f6r\u00fcndeki b\u00fcy\u00fcme beklentisiyle ilgili a\u00e7\u0131klamalarda bulundu.<\/p>\n<h3><strong>KDV ve faiz oranlar\u0131nda yap\u0131lan indirimlerin s\u00fcreklili\u011fi sa\u011flanmal\u0131<\/strong><\/h3>\n<p>Se\u00e7im s\u00fcrecinin tamamlanmas\u0131n\u0131n ard\u0131ndan ekonomik ve siyasi istikrar\u0131n sa\u011flanmas\u0131 ile birlikte in\u015faat sekt\u00f6r\u00fcnde \u00f6n\u00fcm\u00fczdeki d\u00f6nemde \u00e7ok daha h\u0131zl\u0131 bir ivme ile b\u00fcy\u00fcme ya\u015fanaca\u011f\u0131na dikkat \u00e7eken \u00d6zdemir, \u201cD\u00f6viz kurlar\u0131nda ya\u015fanan y\u00fckseli\u015f ve d\u00fcnyadaki ekonomik dalgalanmalar sekt\u00f6r\u00fcm\u00fcz\u00fcn h\u0131zl\u0131 b\u00fcy\u00fcmesini zorla\u015ft\u0131rsa da T\u00fcrkiye\u2019nin lokomotifi konumunda olan in\u015faat sekt\u00f6r\u00fc her daim y\u00fckseli\u015fte olmaya devam edecek. Se\u00e7im \u00f6ncesinde karars\u0131z ve bekleyi\u015f i\u00e7inde olan t\u00fcketiciler de yak\u0131n d\u00f6nemde harekete ge\u00e7ecek. Dolay\u0131s\u0131yla y\u0131l\u0131n ikinci yar\u0131s\u0131nda sekt\u00f6rde \u00f6nemli bir s\u0131\u00e7rama ya\u015fanaca\u011f\u0131na ve sekt\u00f6r\u00fcn bu y\u0131l\u0131 b\u00fcy\u00fck bir ba\u015far\u0131 sergileyerek y\u00fcksek sat\u0131\u015f oran\u0131 ile kapataca\u011f\u0131na inan\u0131yoruz. KDV ve faiz oranlar\u0131nda yap\u0131lan indirimlerin, demir, \u00e7imento, yal\u0131t\u0131m, yap\u0131 kimyasallar\u0131, kap\u0131, pencere, asans\u00f6r, boya, beyaz e\u015fya, mobilya gibi y\u00fczlerce alt sekt\u00f6r\u00fc etkileyen in\u015faat sekt\u00f6r\u00fcn\u00fcn b\u00fcy\u00fcmesine ve istihdama \u00f6nemli \u00f6l\u00e7\u00fcde katk\u0131 sa\u011flamas\u0131 nedeniyle s\u00fcrekli olarak uygulanmas\u0131n\u0131n \u00e7ok faydal\u0131 olaca\u011f\u0131n\u0131 d\u00fc\u015f\u00fcn\u00fcyoruz\u201d \u015feklinde konu\u015farak s\u00f6zlerini sonland\u0131rd\u0131.<\/p>\n","protected":false},"excerpt":{"rendered":"<p>\u0130lk \u00e7eyrekte y\u00fczde 6,9 b\u00fcy\u00fcyen in\u015faat sekt\u00f6r\u00fc, y\u0131l\u0131n ikinci yar\u0131s\u0131nda \u00f6nemli bir s\u0131\u00e7rama ya\u015fayacak Y\u00fczlerce alt sekt\u00f6r\u00fc b\u00fcnyesinde bar\u0131nd\u0131ran in\u015faat sekt\u00f6r\u00fcn\u00fcn T\u00fcrkiye ekonomisinin lokomotifi konumunda oldu\u011funu ifade eden Silta\u015f Yap\u0131 Y\u00f6netim Kurulu Ba\u015fkan Yard\u0131mc\u0131s\u0131 Murat \u00d6zdemir, se\u00e7im sonras\u0131 siyasi ve ekonomik istikrar\u0131n sa\u011flanmas\u0131yla birlikte sekt\u00f6r\u00fcn geli\u015fimini h\u0131zla s\u00fcrd\u00fcrece\u011fini belirtti. T\u00dc\u0130K verilerine g\u00f6re 2018 y\u0131l\u0131n\u0131n ilk [&hellip;]<\/p>\n","protected":false},"author":1,"featured_media":23148,"comment_status":"open","ping_status":"open","sticky":false,"template":"","format":"standard","meta":{"ngg_post_thumbnail":0},"categories":[221,5388],"tags":[8426,11107,67,1258,80,2659,10964,316,11108],"_links":{"self":[{"href":"https:\/\/emlaktuel.com\/index.php?rest_route=\/wp\/v2\/posts\/23146"}],"collection":[{"href":"https:\/\/emlaktuel.com\/index.php?rest_route=\/wp\/v2\/posts"}],"about":[{"href":"https:\/\/emlaktuel.com\/index.php?rest_route=\/wp\/v2\/types\/post"}],"author":[{"embeddable":true,"href":"https:\/\/emlaktuel.com\/index.php?rest_route=\/wp\/v2\/users\/1"}],"replies":[{"embeddable":true,"href":"https:\/\/emlaktuel.com\/index.php?rest_route=%2Fwp%2Fv2%2Fcomments&post=23146"}],"version-history":[{"count":1,"href":"https:\/\/emlaktuel.com\/index.php?rest_route=\/wp\/v2\/posts\/23146\/revisions"}],"predecessor-version":[{"id":23149,"href":"https:\/\/emlaktuel.com\/index.php?rest_route=\/wp\/v2\/posts\/23146\/revisions\/23149"}],"wp:featuredmedia":[{"embeddable":true,"href":"https:\/\/emlaktuel.com\/index.php?rest_route=\/wp\/v2\/media\/23148"}],"wp:attachment":[{"href":"https:\/\/emlaktuel.com\/index.php?rest_route=%2Fwp%2Fv2%2Fmedia&parent=23146"}],"wp:term":[{"taxonomy":"category","embeddable":true,"href":"https:\/\/emlaktuel.com\/index.php?rest_route=%2Fwp%2Fv2%2Fcategories&post=23146"},{"taxonomy":"post_tag","embeddable":true,"href":"https:\/\/emlaktuel.com\/index.php?rest_route=%2Fwp%2Fv2%2Ftags&post=23146"}],"curies":[{"name":"wp","href":"https:\/\/api.w.org\/{rel}","templated":true}]}}