{"id":23138,"date":"2018-06-27T16:48:53","date_gmt":"2018-06-27T13:48:53","guid":{"rendered":"http:\/\/emlaktuel.com\/?p=23138"},"modified":"2018-07-05T18:06:29","modified_gmt":"2018-07-05T15:06:29","slug":"istanbul-uluslararasi-finans-merkezi-calismalari-ne-durumda","status":"publish","type":"post","link":"https:\/\/emlaktuel.com\/?p=23138","title":{"rendered":"\u0130stanbul Uluslararas\u0131 Finans Merkezi \u00e7al\u0131\u015fmalar\u0131 ne durumda"},"content":{"rendered":"<div class=\"td-post-header\">\n<header class=\"td-post-title\">\n<h3 class=\"td-post-sub-title\">T\u00fcrkiye&#8217;nin ve D\u00fcnya&#8217;n\u0131n \u00f6nemli Finans merkezlerinden olacak \u0130stanbul Uluslararas\u0131 Finans Merkezi&#8217;nde yap\u0131lan \u00e7al\u0131\u015fmalar\u0131n ne durumda oldu\u011fu ve Finans merkezin bu b\u00f6lgeye katm\u0131\u015f oldu\u011fu de\u011feri ortaya koymak i\u00e7in \u00f6nemli isimlerin de r\u00f6portajlar\u0131na yer verilen bir videolu bir haber \u00e7al\u0131\u015fmas\u0131 haz\u0131rland:<\/h3>\n<\/header>\n<\/div>\n<div class=\"td-post-content\">\n<h3>\u0130stanbul\u2019u d\u00fcnyada say\u0131l\u0131 finans merkezleri aras\u0131nda ileri seviyelere ta\u015f\u0131mak amac\u0131yla 690 bin metrekare alan \u00fczerinde hayata ge\u00e7irilen \u0130stanbul Uluslararas\u0131 Finans Merkezinde \u00e7al\u0131\u015fmalar h\u0131z kesmeden aral\u0131ks\u0131z devam ediyor.<\/h3>\n<h3>\u00c7al\u0131\u015fmalar\u0131n devam etti\u011fi projenin 2020 y\u0131l\u0131nda tamamlanmas\u0131 planlan\u0131yor. Son olarak da projeyle ilgili videolu bir haber haz\u0131rlanarak duyuruldu.<\/h3>\n<p><iframe loading=\"lazy\" width=\"600\" height=\"450\" src=\"https:\/\/www.youtube.com\/embed\/FNsC9MEHMlg?feature=oembed\" frameborder=\"0\" allow=\"autoplay; encrypted-media\" allowfullscreen><\/iframe><\/p>\n<h3>Videolu haberde, Emlak Konut Gayrimenkul Yat\u0131r\u0131m Ortakl\u0131\u011f\u0131 (GYO) Genel M\u00fcd\u00fcr\u00fc Murat Kurum, \u00dcmraniye Belediye Ba\u015fkan\u0131 Hasan Can, Halk GYO Genel M\u00fcd\u00fcr\u00fc Dr. Feyzullah Yetgin, TSKB Gayrimenkul De\u011ferleme Genel M\u00fcd\u00fcr\u00fc Makbule Y\u00f6nel Maya, Sinpa\u015f Y\u00f6netim Kurulu \u00dcyesi Mahmut Sefa \u00c7elik\u2019in yorumlar\u0131 de yer al\u0131yor.<\/h3>\n<h3><\/h3>\n<h3><\/h3>\n<div class=\"td-a-rec td-a-rec-id-content_bottom td_uid_3_5b33708c832dc_rand td_block_template_1\">\n<h3 id=\"wpcf7-f167807-p205560-o1\" class=\"wpcf7\" dir=\"ltr\" lang=\"tr-TR\" role=\"form\"><\/h3>\n<\/div>\n<\/div>\n","protected":false},"excerpt":{"rendered":"<p>T\u00fcrkiye&#8217;nin ve D\u00fcnya&#8217;n\u0131n \u00f6nemli Finans merkezlerinden olacak \u0130stanbul Uluslararas\u0131 Finans Merkezi&#8217;nde yap\u0131lan \u00e7al\u0131\u015fmalar\u0131n ne durumda oldu\u011fu ve Finans merkezin bu b\u00f6lgeye katm\u0131\u015f oldu\u011fu de\u011feri ortaya koymak i\u00e7in \u00f6nemli isimlerin de r\u00f6portajlar\u0131na yer verilen bir videolu bir haber \u00e7al\u0131\u015fmas\u0131 haz\u0131rland: \u0130stanbul\u2019u d\u00fcnyada say\u0131l\u0131 finans merkezleri aras\u0131nda ileri seviyelere ta\u015f\u0131mak amac\u0131yla 690 bin metrekare alan \u00fczerinde hayata [&hellip;]<\/p>\n","protected":false},"author":1,"featured_media":23139,"comment_status":"open","ping_status":"open","sticky":false,"template":"","format":"standard","meta":{"ngg_post_thumbnail":0},"categories":[221,5388],"tags":[459,11201,11202,4167,2927,3071,73,4166,9272,11488,11467,4446],"_links":{"self":[{"href":"https:\/\/emlaktuel.com\/index.php?rest_route=\/wp\/v2\/posts\/23138"}],"collection":[{"href":"https:\/\/emlaktuel.com\/index.php?rest_route=\/wp\/v2\/posts"}],"about":[{"href":"https:\/\/emlaktuel.com\/index.php?rest_route=\/wp\/v2\/types\/post"}],"author":[{"embeddable":true,"href":"https:\/\/emlaktuel.com\/index.php?rest_route=\/wp\/v2\/users\/1"}],"replies":[{"embeddable":true,"href":"https:\/\/emlaktuel.com\/index.php?rest_route=%2Fwp%2Fv2%2Fcomments&post=23138"}],"version-history":[{"count":3,"href":"https:\/\/emlaktuel.com\/index.php?rest_route=\/wp\/v2\/posts\/23138\/revisions"}],"predecessor-version":[{"id":23142,"href":"https:\/\/emlaktuel.com\/index.php?rest_route=\/wp\/v2\/posts\/23138\/revisions\/23142"}],"wp:featuredmedia":[{"embeddable":true,"href":"https:\/\/emlaktuel.com\/index.php?rest_route=\/wp\/v2\/media\/23139"}],"wp:attachment":[{"href":"https:\/\/emlaktuel.com\/index.php?rest_route=%2Fwp%2Fv2%2Fmedia&parent=23138"}],"wp:term":[{"taxonomy":"category","embeddable":true,"href":"https:\/\/emlaktuel.com\/index.php?rest_route=%2Fwp%2Fv2%2Fcategories&post=23138"},{"taxonomy":"post_tag","embeddable":true,"href":"https:\/\/emlaktuel.com\/index.php?rest_route=%2Fwp%2Fv2%2Ftags&post=23138"}],"curies":[{"name":"wp","href":"https:\/\/api.w.org\/{rel}","templated":true}]}}