{"id":2296,"date":"2016-06-29T12:04:51","date_gmt":"2016-06-29T09:04:51","guid":{"rendered":"http:\/\/emlaktuel.com\/?p=2296"},"modified":"2018-07-05T14:10:19","modified_gmt":"2018-07-05T11:10:19","slug":"kuleli-bomonti-evleri-aralik-2016da-teslim-edilecek","status":"publish","type":"post","link":"https:\/\/emlaktuel.com\/?p=2296","title":{"rendered":"Kuleli Bomonti evleri Aral\u0131k 2016\u2019da teslim edilecek!"},"content":{"rendered":"<div class=\"entry\">\n<p><strong>\u00a0<\/strong><\/p>\n<p><strong>Kuleli Evleri Bomonti projesinde sona yakla\u015f\u0131l\u0131yor. \u0130stanbul\u2019un k\u00f6kl\u00fc ve merkezi bir semtinde modern hayat\u0131n getirdi\u011fi ihtiya\u00e7lar\u0131 kar\u015f\u0131layan butik projede sat\u0131\u015flar devam ediyor. Kuleli Bomonti evleri de\u011ferlenen konumu ve kolay ula\u015f\u0131m olanaklar\u0131 ile merkezde olman\u0131n ayr\u0131cal\u0131\u011f\u0131n\u0131 katlayacak.<br \/>\n<\/strong><\/p>\n<p><strong>\u00a0<\/strong><\/p>\n<p>1972 y\u0131l\u0131ndan bu yana in\u015faat sekt\u00f6r\u00fcnde hizmet veren <strong>Y\u0131ld\u0131r\u0131m Yap\u0131 Grubu<\/strong> imzas\u0131 ile y\u00fckselen <strong>Kuleli Evleri Bomonti<\/strong> projesi \u0130stanbul\u2019un se\u00e7kin semtlerden biri olan Bomonti\u2019ye de\u011fer kat\u0131yor. B\u00fcy\u00fck \u015fehirde olman\u0131n avantajlar\u0131n\u0131 katlayacak proje ya\u015fam standartlar\u0131n\u0131 geli\u015ftirmeyi hedefliyor. Aral\u0131k 2016\u2019da teslimi ger\u00e7ekle\u015fecek 69 konutluk butik projenin pe\u015fin al\u0131mlarda y\u00fczde 10 indirim uygulan\u0131yor.<\/p>\n<p><strong><u>Pe\u015fin al\u0131mlarda y\u00fczde 10 indirim avantaj\u0131<\/u><\/strong><\/p>\n<p>Kuleli Evleri Bomonti\u2019de toplam 7 bin 80 metrekare in\u015faat alan\u0131 i\u00e7erisinde b\u00fcy\u00fckl\u00fckleri 65 metrekare ile 159 metrekare aras\u0131nda de\u011fi\u015fen toplam 69 adet 1+1 normal, 2+1 normal ve terasl\u0131 ve 3+1 terasl\u0131 dubleks konut se\u00e7ene\u011finin yan\u0131 s\u0131ra 13 adet farkl\u0131 metrekarelerde d\u00fckkan se\u00e7enekleri sunuyor.<\/p>\n<p><strong>\u015eehrin merkezinde park sorununa son verecek<\/strong><\/p>\n<p>Lokasyonu ve sundu\u011fu imkanlarla ya\u015fam standartlar\u0131n\u0131 geli\u015ftiren proje, sehrin merkezinde ya\u015fayanlar\u0131n otopark sorununa \u00f6zel kapal\u0131 otopark alan\u0131 ile \u00e7\u00f6z\u00fcm sunuyor. \u00a0\u0130stanbul\u2019un kalbi \u015ei\u015fli\u2019de konumland\u0131r\u0131lan Kuleli Evleri Bomonti, toplu ta\u015f\u0131maya olan yak\u0131nl\u0131\u011f\u0131 ve ula\u015f\u0131m alternatiflerinin \u00e7oklu\u011fu ile de dikkat \u00e7ekiyor. Ula\u015f\u0131m hatlar\u0131 sayesinde \u0130stanbul\u2019un e\u015fsiz Bo\u011faz keyfini tatmak isteyen sakinler, iki dakikal\u0131k t\u00fcnel seyahati ile Be\u015fikta\u015f\u2019a ula\u015fabiliyor.\u00a0 Kuleli Evleri Bomonti, E5 karayoluna 1 km, Metro duraklar\u0131; Osmanbey, Perpa, Mecidiyek\u00f6y 1 km, Be\u015fikta\u015f\u2019a 2 km, Ni\u015fanta\u015f\u0131\u2019na 3 km, Taksim\u2019e 2 km, K\u00e2\u011f\u0131thane\u2019ye 2 km, Bomonti-Be\u015fikta\u015f t\u00fcneline 500 m, \u00c7a\u011flayan Adliye Saray\u0131\u2019na 1 km mesafede yer al\u0131yor.<\/p>\n<p><img loading=\"lazy\" class=\"alignnone wp-image-2298\" src=\"http:\/\/emlaktuel.com\/wp-content\/uploads\/2016\/06\/bomonti_-726951-300x167.jpg\" alt=\"bomonti_ 726951\" width=\"704\" height=\"392\" \/><\/p>\n<p><img loading=\"lazy\" class=\"alignnone wp-image-2299\" src=\"http:\/\/emlaktuel.com\/wp-content\/uploads\/2016\/06\/img1462780281-300x193.jpg\" alt=\"img1462780281\" width=\"701\" height=\"451\" \/><\/p>\n<p><img loading=\"lazy\" class=\"alignnone wp-image-2300\" src=\"http:\/\/emlaktuel.com\/wp-content\/uploads\/2016\/06\/img1462780232-300x193.jpg\" alt=\"img1462780232\" width=\"699\" height=\"450\" \/><\/p>\n<p>Proje, sahip oldu\u011fu kamera sistemi ve 7\/24 g\u00fcvenlik hizmetleri ile \u015fehrin merkezinde huzurlu bir ya\u015fam vadediyor.<\/p>\n<p>&nbsp;<\/p>\n<p><em>Y\u0131ld\u0131r\u0131m Yap\u0131 Grubu taraf\u0131ndan in\u015fa edilen Kuleli Evleri projesinin son etab\u0131 olan Bomonti se\u00e7kin daire ve cazip \u00f6deme planlar\u0131yla sat\u0131\u015fa sunulmaktad\u0131r. Projeler hakk\u0131nda detayl\u0131 bilgi, haftan\u0131n 7 g\u00fcn\u00fc 09.00 ile 18.00 saatleri aras\u0131nda Kuleli Evleri sat\u0131\u015f dan\u0131\u015fmanlar\u0131ndan al\u0131nabiliyor.<\/em><\/p>\n<\/div>\n","protected":false},"excerpt":{"rendered":"<p>\u00a0 Kuleli Evleri Bomonti projesinde sona yakla\u015f\u0131l\u0131yor. \u0130stanbul\u2019un k\u00f6kl\u00fc ve merkezi bir semtinde modern hayat\u0131n getirdi\u011fi ihtiya\u00e7lar\u0131 kar\u015f\u0131layan butik projede sat\u0131\u015flar devam ediyor. Kuleli Bomonti evleri de\u011ferlenen konumu ve kolay ula\u015f\u0131m olanaklar\u0131 ile merkezde olman\u0131n ayr\u0131cal\u0131\u011f\u0131n\u0131 katlayacak. \u00a0 1972 y\u0131l\u0131ndan bu yana in\u015faat sekt\u00f6r\u00fcnde hizmet veren Y\u0131ld\u0131r\u0131m Yap\u0131 Grubu imzas\u0131 ile y\u00fckselen Kuleli Evleri Bomonti [&hellip;]<\/p>\n","protected":false},"author":1,"featured_media":2297,"comment_status":"open","ping_status":"open","sticky":false,"template":"","format":"standard","meta":{"ngg_post_thumbnail":0},"categories":[221,1,26,219,220],"tags":[11370,4846,459,11183,1258,11084,11371,1295,1294,1302,1298,1300,1297,1299,1301,1296,4474,106,11113],"_links":{"self":[{"href":"https:\/\/emlaktuel.com\/index.php?rest_route=\/wp\/v2\/posts\/2296"}],"collection":[{"href":"https:\/\/emlaktuel.com\/index.php?rest_route=\/wp\/v2\/posts"}],"about":[{"href":"https:\/\/emlaktuel.com\/index.php?rest_route=\/wp\/v2\/types\/post"}],"author":[{"embeddable":true,"href":"https:\/\/emlaktuel.com\/index.php?rest_route=\/wp\/v2\/users\/1"}],"replies":[{"embeddable":true,"href":"https:\/\/emlaktuel.com\/index.php?rest_route=%2Fwp%2Fv2%2Fcomments&post=2296"}],"version-history":[{"count":2,"href":"https:\/\/emlaktuel.com\/index.php?rest_route=\/wp\/v2\/posts\/2296\/revisions"}],"predecessor-version":[{"id":2302,"href":"https:\/\/emlaktuel.com\/index.php?rest_route=\/wp\/v2\/posts\/2296\/revisions\/2302"}],"wp:featuredmedia":[{"embeddable":true,"href":"https:\/\/emlaktuel.com\/index.php?rest_route=\/wp\/v2\/media\/2297"}],"wp:attachment":[{"href":"https:\/\/emlaktuel.com\/index.php?rest_route=%2Fwp%2Fv2%2Fmedia&parent=2296"}],"wp:term":[{"taxonomy":"category","embeddable":true,"href":"https:\/\/emlaktuel.com\/index.php?rest_route=%2Fwp%2Fv2%2Fcategories&post=2296"},{"taxonomy":"post_tag","embeddable":true,"href":"https:\/\/emlaktuel.com\/index.php?rest_route=%2Fwp%2Fv2%2Ftags&post=2296"}],"curies":[{"name":"wp","href":"https:\/\/api.w.org\/{rel}","templated":true}]}}