{"id":22915,"date":"2018-06-08T15:58:27","date_gmt":"2018-06-08T12:58:27","guid":{"rendered":"http:\/\/emlaktuel.com\/?p=22915"},"modified":"2018-07-05T18:03:25","modified_gmt":"2018-07-05T15:03:25","slug":"bayram-kisa-da-surse-istanbullulara-biraz-nefes-olacak","status":"publish","type":"post","link":"https:\/\/emlaktuel.com\/?p=22915","title":{"rendered":"Bayram k\u0131sa da s\u00fcrse \u0130stanbullulara biraz nefes olacak"},"content":{"rendered":"<p><strong>\u00a0<\/strong><strong>Bu y\u0131l Ramazan Bayram\u0131 tatili haftasonu hari\u00e7 sadece bir bu\u00e7uk g\u00fcn olsa da, gerek mevsimin uygunlu\u011fu, gerekse erken se\u00e7im nedeniyle y\u0131ll\u0131k tatillerini 08 Temmuz sonras\u0131na erteleyen tatilciler i\u00e7in \u00f6nemli bir nefes alma f\u0131rsat\u0131na d\u00f6n\u00fc\u015ft\u00fc.<\/strong><\/p>\n<p>Barem, bu konuda CAWI (Bilgisayar Destekli web G\u00f6r\u00fc\u015fmesi) y\u00f6ntemiyle \u0130stanbul\u2019da ya\u015fayan ABC1 sosyoekonomik stat\u00fc gruplar\u0131ndan 322 ki\u015fiyle bir ara\u015ft\u0131rma ger\u00e7ekle\u015ftirdi.<\/p>\n<h3><strong>Bayram tatilnde aile ve akraba ziyaretleri \u00f6ncelikli olacak<\/strong><\/h3>\n<p>Ara\u015ft\u0131rmaya g\u00f6re bu bayramda b\u00fcy\u00fck \u00e7o\u011funluk (y\u00fczde 83) aile ve akraba ziyareti yapmay\u0131 planl\u0131yor. Ziyaretler a\u011f\u0131rl\u0131kl\u0131 olarak (y\u00fczde 59) ya\u015fad\u0131klar\u0131 \u015fehir olan \u0130stanbul\u2019da yap\u0131lacak. Ancak ziyaretleri ba\u015fka bir \u015fehirde (y\u00fczde 22) ya da yurtd\u0131\u015f\u0131nda (2) ger\u00e7ekle\u015ftirecek olanlar da var.<\/p>\n<p>G\u00f6r\u00fc\u015f\u00fclen ki\u015filer aras\u0131nda bayram ziyaretleri yerine veya sonras\u0131nda tatile gitmeyi planlayanlar\u0131n oran\u0131 y\u00fczde 30. Tatil i\u00e7in genellikle ba\u015fka bir \u015fehre gitmek (y\u00fczde 22) planlansa da, ayn\u0131 \u015fehirdeki yazl\u0131k eve (y\u00fczde 4) ve ba\u015fka bir \u00fclkeye (y\u00fczde 4) gidecekler de var.<\/p>\n<h3><strong>Erken rezervasyon indirimleri \u00e7ok<\/strong><\/h3>\n<p>Bayram tatili ge\u00e7irmek i\u00e7in \u00e7o\u011funluk (y\u00fczde 65) oteli tercih ediyor.<\/p>\n<p>Bu tatilde otel, tatil k\u00f6y\u00fc gibi yerleri tercih edenlerin \u00fc\u00e7te ikisi (y\u00fczde 66) erken rezervasyon ve benzeri indirim kampanyalar\u0131ndan faydalan\u0131yor.<\/p>\n<p>Tatilinin tamam\u0131n\u0131 ya da bir b\u00f6l\u00fcm\u00fcn\u00fc arkada\u015f\/ tan\u0131d\u0131k evinde ge\u00e7irece\u011fini belirtenlerin oran\u0131 (y\u00fczde 54) da olduk\u00e7a y\u00fcksek<\/p>\n<h3><strong>\u00a0<\/strong><strong>Tatilde \u00e7o\u011funlukla \u00f6zel otomobil kullan\u0131lacak<\/strong><\/h3>\n<p>Otob\u00fcs (y\u00fczde 28) ve havayolu (y\u00fczde 27) ile tatile gidecekler benzer oranlarda iken denizyolu ile seyahat edeceklerin( y\u00fczde 13) \u00e7o\u011fu feribot kullanacak. Demiryolunu tercih edenler ise yaln\u0131zca y\u00fczde 2 oran\u0131nda. K\u00fc\u00e7\u00fck bir kesim (y\u00fczde 4) ara\u00e7 kiralamay\u0131 d\u00fc\u015f\u00fcn\u00fcrken \u00e7o\u011funluk (y\u00fczde 71) tatile giderken ve tatilde kendisinin veya bir tan\u0131d\u0131\u011f\u0131n\u0131n otomobilini de kullanacak.<\/p>\n<p>U\u00e7akla seyahat edenlerin b\u00fcy\u00fck \u00e7o\u011funlu\u011fu (y\u00fczde 76) u\u00e7ak biletini erken tarihte veya fiyat avantaj\u0131 sa\u011flayan farkl\u0131 bir yolla sat\u0131n al\u0131yor.<\/p>\n<h3><strong>\u00a0<\/strong><strong>3.5 g\u00fcnl\u00fck ramazan bayram\u0131 ortalama 6 g\u00fcn s\u00fcrecek<\/strong><\/h3>\n<p>Tatile gidecek olanlar\u0131n yaln\u0131zca yakla\u015f\u0131k \u00fc\u00e7te biri (y\u00fczde 35) tatilini d\u00f6rt g\u00fcn ile k\u0131s\u0131tlamay\u0131, yar\u0131s\u0131 ise tatili 5-7 g\u00fcne \u00e7\u0131kmay\u0131 d\u00fc\u015f\u00fcn\u00fcyor. Tatilini daha da uzatacak daha k\u00fc\u00e7\u00fck bir kitle de var (y\u00fczde 15)<\/p>\n<h3><strong>\u00a0<\/strong><strong>Gene\u015f olarak tatile y\u0131ll\u0131k izinde \u00e7\u0131k\u0131yoruz<\/strong><\/h3>\n<p>Genel olarak bak\u0131ld\u0131\u011f\u0131nda g\u00f6r\u00fc\u015f\u00fclen ki\u015filerin \u00fc\u00e7te biri (y\u00fczde 66) y\u0131ll\u0131k izinde, y\u00fczde 30\u2019u bayramlarda tatile gidiyor. D\u00f6rt ki\u015fiden biri i\u00e7in tatile gitmenin farkl\u0131 illerdeki arkada\u015flar\u0131 ve akrabalar\u0131 g\u00f6rmek (y\u00fczde 24), be\u015f ki\u015fiden biri (y\u00fczde 20) i\u00e7in de memleketini ziyaret etmek gibi ama\u00e7lar\u0131 da var. Yine 5 ki\u015fiden biri (y\u00fczde 19), ara ara da olsa, hafta sonlar\u0131nda da tatil ama\u00e7l\u0131 seyahat ediyor.<\/p>\n<p>\u00c7o\u011funluk (y\u00fczde 62) y\u0131lda 2 ve daha fazla kez tatile \u00e7\u0131k\u0131yor<\/p>\n<h3><strong>\u00a0<\/strong><strong>Tatil demek deniz demek<\/strong><\/h3>\n<p>G\u00f6r\u00fc\u015f\u00fclen ki\u015filere ilk \u00fc\u00e7 tatil t\u00fcr\u00fc tercihleri soruldu. \u00c7o\u011funlu\u011fun (y\u00fczde 75) ilk \u00fc\u00e7 tatil tercihi aras\u0131nda deniz tatili var. Onu dinlenme\/ kafa dinleme ama\u00e7l\u0131 tatil (y\u00fczde 62) izliyor. Gezi\/ k\u00fclt\u00fcr (y\u00fczde 44), e\u011flence (y\u00fczde 34) ve E\u015f\/dost ziyareti (y\u00fczde 30) de pop\u00fcler tatil t\u00fcrleri aras\u0131nda.<\/p>\n<h3><strong>\u00a0Ekonomik stat\u00fc tatil tercihi<\/strong><\/h3>\n<p>Ara\u015ft\u0131rmada tatil yeri se\u00e7mek i\u00e7in en \u00e7ok \u00f6nem verilen kriterlerin fiyata ba\u011fl\u0131 oldu\u011fu g\u00f6r\u00fcl\u00fcyor; Fiyat\u0131n\u0131n uygunlu\u011fu (y\u00fczde 27), \u201cHer \u015fey dahil\u201d (y\u00fczde 24) ve fiyat avantajl\u0131 kampanyalar (y\u00fczde 9). Ayr\u0131ca tatil yerinin deniz kenar\u0131nda olmas\u0131 (y\u00fczde 14) ve ilk kez gidilecek bir yer olmas\u0131 (y\u00fczde 12) da \u00f6nemli.<\/p>\n<p>Tatil organizasyonunu kendi yapanlar\u0131n oran\u0131 y\u00fczde 45 iken, acentalarla \u00e7al\u0131\u015fan y\u00fczde 10, zaman zaman her iki yolu da kullananlar y\u00fczde 45.<\/p>\n<p>Tatil i\u00e7in tan\u0131d\u0131k tavsiyesi (60) en \u00f6nemli kanal. Onu web siteleri (y\u00fczde 23) ve TV reklamlar\u0131 (y\u00fczde 11) izliyor.<\/p>\n<p><strong>\u00a0<\/strong><\/p>\n<p>&nbsp;<\/p>\n<p><strong>\u00a0<\/strong><\/p>\n","protected":false},"excerpt":{"rendered":"<p>\u00a0Bu y\u0131l Ramazan Bayram\u0131 tatili haftasonu hari\u00e7 sadece bir bu\u00e7uk g\u00fcn olsa da, gerek mevsimin uygunlu\u011fu, gerekse erken se\u00e7im nedeniyle y\u0131ll\u0131k tatillerini 08 Temmuz sonras\u0131na erteleyen tatilciler i\u00e7in \u00f6nemli bir nefes alma f\u0131rsat\u0131na d\u00f6n\u00fc\u015ft\u00fc. Barem, bu konuda CAWI (Bilgisayar Destekli web G\u00f6r\u00fc\u015fmesi) y\u00f6ntemiyle \u0130stanbul\u2019da ya\u015fayan ABC1 sosyoekonomik stat\u00fc gruplar\u0131ndan 322 ki\u015fiyle bir ara\u015ft\u0131rma ger\u00e7ekle\u015ftirdi. Bayram [&hellip;]<\/p>\n","protected":false},"author":1,"featured_media":22916,"comment_status":"open","ping_status":"open","sticky":false,"template":"","format":"standard","meta":{"ngg_post_thumbnail":0},"categories":[26],"tags":[1532,11165,11304,73,11245,11022,11266],"_links":{"self":[{"href":"https:\/\/emlaktuel.com\/index.php?rest_route=\/wp\/v2\/posts\/22915"}],"collection":[{"href":"https:\/\/emlaktuel.com\/index.php?rest_route=\/wp\/v2\/posts"}],"about":[{"href":"https:\/\/emlaktuel.com\/index.php?rest_route=\/wp\/v2\/types\/post"}],"author":[{"embeddable":true,"href":"https:\/\/emlaktuel.com\/index.php?rest_route=\/wp\/v2\/users\/1"}],"replies":[{"embeddable":true,"href":"https:\/\/emlaktuel.com\/index.php?rest_route=%2Fwp%2Fv2%2Fcomments&post=22915"}],"version-history":[{"count":1,"href":"https:\/\/emlaktuel.com\/index.php?rest_route=\/wp\/v2\/posts\/22915\/revisions"}],"predecessor-version":[{"id":22917,"href":"https:\/\/emlaktuel.com\/index.php?rest_route=\/wp\/v2\/posts\/22915\/revisions\/22917"}],"wp:featuredmedia":[{"embeddable":true,"href":"https:\/\/emlaktuel.com\/index.php?rest_route=\/wp\/v2\/media\/22916"}],"wp:attachment":[{"href":"https:\/\/emlaktuel.com\/index.php?rest_route=%2Fwp%2Fv2%2Fmedia&parent=22915"}],"wp:term":[{"taxonomy":"category","embeddable":true,"href":"https:\/\/emlaktuel.com\/index.php?rest_route=%2Fwp%2Fv2%2Fcategories&post=22915"},{"taxonomy":"post_tag","embeddable":true,"href":"https:\/\/emlaktuel.com\/index.php?rest_route=%2Fwp%2Fv2%2Ftags&post=22915"}],"curies":[{"name":"wp","href":"https:\/\/api.w.org\/{rel}","templated":true}]}}