{"id":22912,"date":"2018-06-08T15:33:46","date_gmt":"2018-06-08T12:33:46","guid":{"rendered":"http:\/\/emlaktuel.com\/?p=22912"},"modified":"2018-07-05T18:03:22","modified_gmt":"2018-07-05T15:03:22","slug":"sign-of-the-city-awards-5-yil-heyecani-juri-bulusmasiyla-basladi","status":"publish","type":"post","link":"https:\/\/emlaktuel.com\/?p=22912","title":{"rendered":"Sign Of The City Awards  5. Y\u0131l Heyecan\u0131 J\u00fcri Bulu\u015fmas\u0131yla Ba\u015flad\u0131"},"content":{"rendered":"<p><strong>T\u00fcrk gayrimenkul sekt\u00f6r\u00fcn\u00fc en iyiye te\u015fvik etmek amac\u0131yla ger\u00e7ekle\u015ftirilen Sign of the City Awards (SotCA) gayrimenkul \u00f6d\u00fclleri i\u00e7in ilk haz\u0131rl\u0131klar ba\u015flad\u0131. Ba\u015fvurular\u0131n 18 Haziran\u2019da ba\u015flayaca\u011f\u0131 yar\u0131\u015fma i\u00e7in sekt\u00f6r\u00fcn \u00f6nde gelen isimlerinden olu\u015fan 18 ki\u015filik j\u00fcrisi ilk kez bir araya geldi.<\/strong><\/p>\n<p>H\u00fcrriyet\u2019in \u00f6nc\u00fcl\u00fc\u011f\u00fcnde ger\u00e7ekle\u015fecek olan Sign of the City Awards (SOTCA) gayrimenkul yar\u0131\u015fmas\u0131n\u0131n be\u015fincisi i\u00e7in \u00e7al\u0131\u015fmalar ba\u015flad\u0131. Kas\u0131m ay\u0131nda ger\u00e7ekle\u015fecek yar\u0131\u015fman\u0131n j\u00fcri \u00fcyeleri, ilk toplant\u0131lar\u0131n\u0131 Divan Otel\u2019de ger\u00e7ekle\u015ftirdi. J\u00fcri Ba\u015fkan\u0131 se\u00e7imi, yar\u0131\u015fma kategorileri, ba\u015fvuru ve kat\u0131l\u0131m ko\u015fullar\u0131 ve de\u011ferlendirme s\u00fcrecinin ele al\u0131nd\u0131\u011f\u0131 toplant\u0131n\u0131n a\u00e7\u0131l\u0131\u015f\u0131n\u0131 H\u00fcrriyet Reklam Direkt\u00f6r\u00fc ve \u0130cra Kurulu \u00dcyesi Zeynep Tando\u011fan yapt\u0131. Tando\u011fan; gayrimenkul ve in\u015faat sekt\u00f6r\u00fcn\u00fcn en iyi projelerinin se\u00e7ilece\u011fi yar\u0131\u015fman\u0131n art\u0131k sekt\u00f6r i\u00e7inde prestij kabul edildi\u011fini ve bu ba\u015far\u0131n\u0131n t\u00fcm sekt\u00f6re ait oldu\u011funu s\u00f6yledi. \u201cYar\u0131\u015fman\u0131n sekt\u00f6r i\u00e7inde kabul edilmesi ve benimsenmesi bize b\u00fcy\u00fck sorumluluk katt\u0131. Biz de bu sorumlulu\u011fu payla\u015ft\u0131\u011f\u0131m\u0131z de\u011ferli j\u00fcri \u00fcyelerimizle birlikte yar\u0131\u015fman\u0131n 5. senesinde yine sekt\u00f6r\u00fc \u015fekillendirmeye devam edece\u011fiz. \u0130nan\u0131yorum ki g\u00f6rd\u00fc\u011f\u00fc ilgiyi her ge\u00e7en g\u00fcn ivmeyle artt\u0131ran SotCA, bu y\u0131l yine rekor kat\u0131l\u0131ma sahip olacakt\u0131r\u201d dedi.<\/p>\n<h3><strong>Ba\u015fvurular 18 Haziran\u2019da Ba\u015flayacak<\/strong><\/h3>\n<p>Yar\u0131\u015fmaya ba\u015fvurmak isteyen ki\u015fi ve kurumlar, 18 Haziran-15 A\u011fustos 2018 tarihleri aras\u0131nda ba\u015fvurular\u0131n\u0131 ger\u00e7ekle\u015ftirebilecek. 01.01.2013-14.09.2018 tarihleri aras\u0131nda tamamlanm\u0131\u015f ya da proje yap\u0131m a\u015famas\u0131nda olan projeler aday olabilecek. Bir proje s\u0131n\u0131rs\u0131z say\u0131da kategoride aday olabilecek. Ba\u015fvuru s\u00fcrecinin sona ermesinin ard\u0131ndan; EY T\u00fcrkiye taraf\u0131ndan yap\u0131lacak teknik bir de\u011ferlendirmeyle,t\u00fcm ba\u015fvurular\u0131n kat\u0131l\u0131m ko\u015fullar\u0131na uygunlu\u011fu denetlenecek. J\u00fcri \u00fcyeleri, teknik elemeyi ge\u00e7en projeler aras\u0131ndan, online olarak yapaca\u011f\u0131 \u00f6n eleme yapacak ve her kategori i\u00e7in 5 finalist belirleyecek. \u0130kinci a\u015famay\u0131 ge\u00e7en 5 proje, b\u00fct\u00fcn j\u00fcri \u00fcyelerinin de\u011ferlendirmesine sunulacak. Ba\u015fvuru yapan projeler, ge\u00e7en y\u0131l oldu\u011fu gibi bu y\u0131l da j\u00fcri toplant\u0131s\u0131nda de\u011ferlendirme s\u0131ras\u0131nda projelerini anlatabilecek. T\u00fcm de\u011ferlendirmeler sonucunda her kategoriden sadece 1 proje \u201cSign of the City\u201d se\u00e7ilecek.<\/p>\n<h3><strong>J\u00fcri Ba\u015fkanlar\u0131 Se\u00e7ildi<\/strong><\/h3>\n<p>T\u00fcm J\u00fcri \u00fcyelerinin oy birli\u011fiyle;<strong>\u00a0Prof. Dr. G\u00fczin Konuk (<\/strong>Y\u00fcksek Mimar ve Kent Tasar\u0131mc\u0131s\u0131 ) ve\u00a0<strong>Prof. Dr. Suha \u00d6zkan\u2019\u0131n (<\/strong>World Architecture Community Kurucu Ba\u015fkan\u0131) ge\u00e7ti\u011fimiz sene oldu\u011fu gibi bu y\u0131l da e\u015f ba\u015fkan se\u00e7ildiler. SotCA 2018 J\u00fcrisinde yer alan di\u011fer isimler ise;\u00a0<strong>Ali<\/strong>\u00a0<strong>Faruk G\u00f6ksu\u00a0<\/strong>(Kentsel Strateji Kurucu Orta\u011f\u0131),\u00a0<strong>Ali Pamir<\/strong>(Pamir &amp; Soyuer Y\u00f6netim Kurulu Ba\u015fkan\u0131),\u00a0<strong>Altan Elmas<\/strong>\u00a0(KONUTDER Ba\u015fkan\u0131),\u00a0<strong>Avi Alka\u015f\u00a0<\/strong>(JLL \u00dclke Ba\u015fkan\u0131),\u00a0<strong>Aytek \u0130tez\u00a0<\/strong>(T\u00fcrk Serbest Mimarlar Derne\u011fi Ba\u015fkan\u0131),\u00a0<strong>Ay\u015fe Hasol<\/strong>\u00a0<strong>Erktin<\/strong>\u00a0(Urban Land Institute (ULI) ve T\u00fcrkiye \u0130cra Kurulu \u00dcyesi &amp; \u0130stanbul Serbest Mimarlar Derne\u011fi Y\u00f6netim Kurulu \u00dcyesi),\u00a0<strong>Ercan Ecemi\u015f\u00a0<\/strong>(Lineadecor Y\u00f6netim Kurulu Ba\u015fkan\u0131),\u00a0<strong>Ferdi Erdo\u011fan<\/strong>\u00a0(T\u00fcrkiye \u0130MSAD Ba\u015fkan\u0131),\u00a0<strong>F\u00fcsun Y\u0131lmaz Phillipson (<\/strong>GYODER Y\u00f6netim Kurulu Ba\u015fkan Yard\u0131mc\u0131s\u0131),\u00a0<strong>Haluk Sur(<\/strong>GYODER Y\u00f6netim Kurulu Ba\u015fkan Yard\u0131mc\u0131s\u0131),\u00a0<strong>H\u00fcseyin Arslan<\/strong>\u00a0(T\u00fcrkiye M\u00fcteahhitler Birli\u011fi Ba\u015fkan Vekili),\u00a0<strong>Do\u00e7. Dr. Lale \u00d6zgenel<\/strong>\u00a0(T\u00fcrk Mimarlar Derne\u011fi 1927),\u00a0<strong>Nazmi Durbakay\u0131m\u00a0<\/strong>(\u0130NDER Ba\u015fkan\u0131),\u00a0<strong>Ne\u015fecan \u00c7ekici<\/strong>\u00a0(GYODER Y\u00f6netim Kurulu Ba\u015fkan Yard\u0131mc\u0131s\u0131),\u00a0<strong>Makbule Y\u00f6nel Maya<\/strong>\u00a0(TSKB Gayrimenkul De\u011ferleme A.\u015e. Genel M\u00fcd\u00fcr\u00fc),\u00a0<strong>Zafer Baysal\u00a0<\/strong>(ULI Turkey Ba\u015fkan\u0131) oldu.<\/p>\n<p><strong>Lineadecor\u00a0<\/strong>proje ortakl\u0131\u011f\u0131nda,\u00a0<strong>Schindler Asans\u00f6r<\/strong>\u00a0ve<strong>\u00a0Vestel\u2019in\u00a0<\/strong>platin<strong>\u00a0<\/strong>sponsorlu\u011funda<strong>\u00a0<\/strong>ve\u00a0<strong>Emlak Konut<\/strong>\u2019un katk\u0131lar\u0131yla ger\u00e7ekle\u015ftirilecek olan Sign of the City Awards\u2019a kat\u0131lacak projeler, yar\u0131\u015fma ba\u015fvurular\u0131n\u0131\u00a0<a href=\"http:\/\/www.signofthecity.com\/\" target=\"_blank\" rel=\"noopener\" data-saferedirecturl=\"https:\/\/www.google.com\/url?hl=tr&amp;q=http:\/\/www.signofthecity.com\/&amp;source=gmail&amp;ust=1528546323835000&amp;usg=AFQjCNFrRnIwkNvbLMaKGDwtWyvX9eKCpw\">http:\/\/www.signofthecity.com\/<\/a>\u00a0web sitesinden yapabilecekler, ayn\u0131 zamanda kat\u0131l\u0131m ko\u015fullar\u0131, bu y\u0131lki kategorilerin detaylar\u0131 ve duyurular\u0131n\u0131 ba\u015fvuru tarihinden itibaren siteden takip edebilecekler.<\/p>\n<h3><strong>SotCA 2018 Kategorileri<\/strong><\/h3>\n<p><strong>\u2022 En iyi Konut Projeleri Kategorisi<\/strong><\/p>\n<p><strong>En \u0130yi Konut<\/strong><\/p>\n<p><strong>En \u0130yi \u00c7ok Katl\u0131 Konut<\/strong><\/p>\n<p><strong>En \u0130yi M\u00fcstakil Konut<\/strong><\/p>\n<p><strong>En \u0130yi Rezidans<\/strong><\/p>\n<p><strong>\u2022 En \u0130yi Ticari Projeler Kategorisi<\/strong><\/p>\n<p><strong>En \u0130yi Ofis<\/strong><\/p>\n<p><strong>En \u0130yi Yerel Merkezli AVM<\/strong><\/p>\n<p><strong>En \u0130yi B\u00f6lgesel Merkezli AVM<\/strong><\/p>\n<p><strong>En \u0130yi End\u00fcstriyel \/ Lojistik Yap\u0131<\/strong><\/p>\n<p><strong>En \u0130yi Karma Kullan\u0131ml\u0131 Proje<\/strong><\/p>\n<p><strong>\u2022 En \u0130yi Hizmet Yap\u0131lar\u0131 Kategorisi<\/strong><\/p>\n<p><strong>En \u0130yi Sa\u011fl\u0131k Binas\u0131<\/strong><\/p>\n<p><strong>En \u0130yi E\u011fitim Binas\u0131 \/ Kamp\u00fcs\u00fc<\/strong><\/p>\n<p><strong>En \u0130yi Sosyo K\u00fclt\u00fcrel Yap\u0131<\/strong><\/p>\n<p><strong>En \u0130yi Turizm \/ Hizmet Yap\u0131lar\u0131<\/strong><\/p>\n<p><strong>En \u0130yi Ula\u015f\u0131m Hizmetleri \/ Altyap\u0131 Projesi<\/strong><\/p>\n<p><strong>\u2022 Kent ve Mimarl\u0131k Kategorisi<\/strong><\/p>\n<p><strong>En \u0130yi Mimari Tasar\u0131m (Kamu)<\/strong><\/p>\n<p><strong>En \u0130yi Mimari Tasar\u0131m ( \u00d6zel Sekt\u00f6r )<\/strong><\/p>\n<p><strong>Gen\u00e7 Mimar Te\u015fvik<\/strong><\/p>\n<p><strong>En \u0130yi Kentsel Tasar\u0131m<\/strong><\/p>\n<p><strong>En \u0130yi Kentsel D\u00f6n\u00fc\u015f\u00fcm Projesi<\/strong><\/p>\n<p><strong>En Ye\u015fil Bina<\/strong><\/p>\n<p><strong>En \u0130yi K\u00fclt\u00fcrel ve Do\u011fal Miras\u0131 Koruma\/Ya\u015fatma Projesi<\/strong><\/p>\n<p><strong>\u2022 Di\u011fer Kategoriler<\/strong><\/p>\n<p><strong>En \u0130yi Pazarlama Kampanyas\u0131<\/strong><\/p>\n<p><strong>En \u0130yi Gayrimenkul Y\u00f6netimi<\/strong><\/p>\n<p><strong>En \u0130yi Sosyal Sorumluluk Projesi<\/strong><\/p>\n<p><strong>Y\u0131l\u0131n Fark Yaratanlar\u0131<\/strong><\/p>\n","protected":false},"excerpt":{"rendered":"<p>T\u00fcrk gayrimenkul sekt\u00f6r\u00fcn\u00fc en iyiye te\u015fvik etmek amac\u0131yla ger\u00e7ekle\u015ftirilen Sign of the City Awards (SotCA) gayrimenkul \u00f6d\u00fclleri i\u00e7in ilk haz\u0131rl\u0131klar ba\u015flad\u0131. Ba\u015fvurular\u0131n 18 Haziran\u2019da ba\u015flayaca\u011f\u0131 yar\u0131\u015fma i\u00e7in sekt\u00f6r\u00fcn \u00f6nde gelen isimlerinden olu\u015fan 18 ki\u015filik j\u00fcrisi ilk kez bir araya geldi. H\u00fcrriyet\u2019in \u00f6nc\u00fcl\u00fc\u011f\u00fcnde ger\u00e7ekle\u015fecek olan Sign of the City Awards (SOTCA) gayrimenkul yar\u0131\u015fmas\u0131n\u0131n be\u015fincisi i\u00e7in \u00e7al\u0131\u015fmalar [&hellip;]<\/p>\n","protected":false},"author":1,"featured_media":22913,"comment_status":"open","ping_status":"open","sticky":false,"template":"","format":"standard","meta":{"ngg_post_thumbnail":0},"categories":[5388],"tags":[74,459,6829,80,106,11612,9272,11488,51],"_links":{"self":[{"href":"https:\/\/emlaktuel.com\/index.php?rest_route=\/wp\/v2\/posts\/22912"}],"collection":[{"href":"https:\/\/emlaktuel.com\/index.php?rest_route=\/wp\/v2\/posts"}],"about":[{"href":"https:\/\/emlaktuel.com\/index.php?rest_route=\/wp\/v2\/types\/post"}],"author":[{"embeddable":true,"href":"https:\/\/emlaktuel.com\/index.php?rest_route=\/wp\/v2\/users\/1"}],"replies":[{"embeddable":true,"href":"https:\/\/emlaktuel.com\/index.php?rest_route=%2Fwp%2Fv2%2Fcomments&post=22912"}],"version-history":[{"count":1,"href":"https:\/\/emlaktuel.com\/index.php?rest_route=\/wp\/v2\/posts\/22912\/revisions"}],"predecessor-version":[{"id":22914,"href":"https:\/\/emlaktuel.com\/index.php?rest_route=\/wp\/v2\/posts\/22912\/revisions\/22914"}],"wp:featuredmedia":[{"embeddable":true,"href":"https:\/\/emlaktuel.com\/index.php?rest_route=\/wp\/v2\/media\/22913"}],"wp:attachment":[{"href":"https:\/\/emlaktuel.com\/index.php?rest_route=%2Fwp%2Fv2%2Fmedia&parent=22912"}],"wp:term":[{"taxonomy":"category","embeddable":true,"href":"https:\/\/emlaktuel.com\/index.php?rest_route=%2Fwp%2Fv2%2Fcategories&post=22912"},{"taxonomy":"post_tag","embeddable":true,"href":"https:\/\/emlaktuel.com\/index.php?rest_route=%2Fwp%2Fv2%2Ftags&post=22912"}],"curies":[{"name":"wp","href":"https:\/\/api.w.org\/{rel}","templated":true}]}}