{"id":2287,"date":"2016-06-28T22:21:28","date_gmt":"2016-06-28T19:21:28","guid":{"rendered":"http:\/\/emlaktuel.com\/?p=2287"},"modified":"2018-07-05T14:10:10","modified_gmt":"2018-07-05T11:10:10","slug":"yabanci-yatirimcilar-avmlerdeki-yatirimlarindan-vazmigeciyor","status":"publish","type":"post","link":"https:\/\/emlaktuel.com\/?p=2287","title":{"rendered":"Yabanc\u0131 yat\u0131r\u0131mc\u0131lar AVM&#8217;lerdeki yat\u0131r\u0131mlar\u0131ndan vazm\u0131ge\u00e7iyor?"},"content":{"rendered":"<h1 class=\"h3\"><\/h1>\n<div class=\"post_detail\">\n<p class=\"selectionShareable\">T\u00fcrkiye genelinde faaliyetlerini s\u00fcrd\u00fcren<strong> Al\u0131\u015fveri\u015f Merkezleri<\/strong>&#8216;ndeki, 10.5 milyon metrekareye ula\u015fm\u0131\u015f bulunan kiralanabilir alan\u0131n \u00f6n\u00fcm\u00fczdeki 2 y\u0131l i\u00e7inde 2 milyon metrekare daha y\u00fckselmesi bekleniyor. Yeni potansiyelin b\u00fcy\u00fck bir k\u0131sm\u0131 ise yerli markalar taraf\u0131ndan doldurulacak. <strong>Al\u0131\u015fveri\u015f Yat\u0131r\u0131mc\u0131lar\u0131 Derne\u011fi Ba\u015fkan\u0131 Hulusi Belg\u00fc<\/strong>, yabanc\u0131 yat\u0131r\u0131mc\u0131n\u0131n Al\u0131\u015fveri\u015f Merkezleri&#8217;ne ilgisini kaybetti\u011fini s\u00f6yledi.<\/p>\n<p class=\"selectionShareable\"><strong>Yerli yat\u0131r\u0131mc\u0131 istekli; yabanc\u0131 yat\u0131r\u0131mc\u0131n\u0131n hevesi ka\u00e7t\u0131<\/strong><\/p>\n<p class=\"selectionShareable\">\u00d6zellikle ter\u00f6r olaylar\u0131 ve Rusya ile ya\u015fanan krizin \u00fclkeye gelen yabanc\u0131 turist say\u0131s\u0131nda \u00f6nemli bir kay\u0131p yaratt\u0131\u011f\u0131n\u0131, buna kar\u015f\u0131n piyasay\u0131 ayakta tutan\u0131n T\u00fcrk t\u00fcketicinin al\u0131m g\u00fcc\u00fc oldu\u011funu s\u00f6yleyen Belg\u00fc, Do\u011fu ve G\u00fcneydo\u011fu B\u00f6lgeleri&#8217;ndeki AVM&#8217;lerin ise ter\u00f6r olaylar\u0131ndan dolay\u0131 zor g\u00fcnler ge\u00e7irdi\u011fi bilgisini verdi.<\/p>\n<p class=\"selectionShareable\">Belg\u00fc, \u00f6n\u00fcm\u00fczdeki 2 y\u0131l i\u00e7inde 2 milyon metrekare daha y\u00fckselmesi beklenen kiralanabilir toplam alan i\u00e7in yerli yat\u0131r\u0131mc\u0131n\u0131n istekli bir tav\u0131r g\u00f6sterdi\u011fini, ancak y\u00fczde 30&#8217;luk k\u0131sm\u0131n yabanc\u0131 taraf\u0131ndan talep edildi\u011fi bilgisini de payla\u015farak:<\/p>\n<p class=\"selectionShareable\">&#8220;Yat\u0131r\u0131mlar\u0131n \u00f6nemli bir k\u0131sm\u0131n\u0131 yerliler yap\u0131yor. B\u00f6lge olarak baz\u0131 riskler ta\u015f\u0131yoruz; ayr\u0131ca k\u00fcresel ekonomide de bir yava\u015flama var. B\u00f6yle olunca T\u00fcrk yat\u0131r\u0131mc\u0131 agresif bir tutum tak\u0131n\u0131yor&#8230;&#8221; dedi.<\/p>\n<p class=\"selectionShareable\"><strong>Mart ve Nisan krizleri \u00e7abuk atlat\u0131ld\u0131<\/strong><br \/>\nNisan ve Mart aylar\u0131nda, ter\u00f6r olaylar\u0131ndan kaynaklanan krizin de h\u0131zl\u0131 bir \u015fekilde atlat\u0131lmas\u0131n\u0131n memnuniyet verici oldu\u011funu belirten Belg\u00fc:\u00a0&#8220;Ancak 5 ay\u0131n sonunda ticaret toparland\u0131; eski \u015fekline d\u00f6nd\u00fc&#8230;&#8221; ifadelerini kulland\u0131.<\/p>\n<p class=\"selectionShareable\"><strong>Bayramda y\u00fczde 30 ciro art\u0131\u015f\u0131 hedefi<\/strong><br \/>\nBelg\u00fc, bu ivmede Ramazan Bayram\u0131&#8217;n\u0131n da \u00f6nemli rol oynad\u0131\u011f\u0131na da vurgu yaparak, bu s\u00fcre\u00e7te yakla\u015f\u0131k y\u00fczde 30&#8217;luk ciro art\u0131\u015f\u0131n\u0131n ya\u015fanabilece\u011fini de s\u00f6zlerine ekledi.<\/p>\n<p class=\"selectionShareable\"><img loading=\"lazy\" class=\"alignnone  wp-image-2288\" src=\"http:\/\/emlaktuel.com\/wp-content\/uploads\/2016\/06\/yabanci-yatirimci-avm-lerden-cekiliyor-mu-2-1467114850-300x150.jpg\" alt=\"yabanci-yatirimci-avm-lerden-cekiliyor-mu-2-1467114850\" width=\"576\" height=\"288\" \/><\/p>\n<p class=\"selectionShareable\"><img loading=\"lazy\" class=\"alignnone  wp-image-2289\" src=\"http:\/\/emlaktuel.com\/wp-content\/uploads\/2016\/06\/yabanci-yatirimci-avm-lerden-cekiliyor-mu-1467114850-300x151.jpg\" alt=\"yabanci-yatirimci-avm-lerden-cekiliyor-mu-1467114850\" width=\"574\" height=\"289\" \/><\/p>\n<p class=\"selectionShareable\">\n<\/div>\n","protected":false},"excerpt":{"rendered":"<p>T\u00fcrkiye genelinde faaliyetlerini s\u00fcrd\u00fcren Al\u0131\u015fveri\u015f Merkezleri&#8216;ndeki, 10.5 milyon metrekareye ula\u015fm\u0131\u015f bulunan kiralanabilir alan\u0131n \u00f6n\u00fcm\u00fczdeki 2 y\u0131l i\u00e7inde 2 milyon metrekare daha y\u00fckselmesi bekleniyor. Yeni potansiyelin b\u00fcy\u00fck bir k\u0131sm\u0131 ise yerli markalar taraf\u0131ndan doldurulacak. Al\u0131\u015fveri\u015f Yat\u0131r\u0131mc\u0131lar\u0131 Derne\u011fi Ba\u015fkan\u0131 Hulusi Belg\u00fc, yabanc\u0131 yat\u0131r\u0131mc\u0131n\u0131n Al\u0131\u015fveri\u015f Merkezleri&#8217;ne ilgisini kaybetti\u011fini s\u00f6yledi. Yerli yat\u0131r\u0131mc\u0131 istekli; yabanc\u0131 yat\u0131r\u0131mc\u0131n\u0131n hevesi ka\u00e7t\u0131 \u00d6zellikle ter\u00f6r [&hellip;]<\/p>\n","protected":false},"author":1,"featured_media":2289,"comment_status":"open","ping_status":"open","sticky":false,"template":"","format":"standard","meta":{"ngg_post_thumbnail":0},"categories":[1,26,27],"tags":[59,1286,994,2498,11022,11368,1287,96,3038],"_links":{"self":[{"href":"https:\/\/emlaktuel.com\/index.php?rest_route=\/wp\/v2\/posts\/2287"}],"collection":[{"href":"https:\/\/emlaktuel.com\/index.php?rest_route=\/wp\/v2\/posts"}],"about":[{"href":"https:\/\/emlaktuel.com\/index.php?rest_route=\/wp\/v2\/types\/post"}],"author":[{"embeddable":true,"href":"https:\/\/emlaktuel.com\/index.php?rest_route=\/wp\/v2\/users\/1"}],"replies":[{"embeddable":true,"href":"https:\/\/emlaktuel.com\/index.php?rest_route=%2Fwp%2Fv2%2Fcomments&post=2287"}],"version-history":[{"count":1,"href":"https:\/\/emlaktuel.com\/index.php?rest_route=\/wp\/v2\/posts\/2287\/revisions"}],"predecessor-version":[{"id":2290,"href":"https:\/\/emlaktuel.com\/index.php?rest_route=\/wp\/v2\/posts\/2287\/revisions\/2290"}],"wp:featuredmedia":[{"embeddable":true,"href":"https:\/\/emlaktuel.com\/index.php?rest_route=\/wp\/v2\/media\/2289"}],"wp:attachment":[{"href":"https:\/\/emlaktuel.com\/index.php?rest_route=%2Fwp%2Fv2%2Fmedia&parent=2287"}],"wp:term":[{"taxonomy":"category","embeddable":true,"href":"https:\/\/emlaktuel.com\/index.php?rest_route=%2Fwp%2Fv2%2Fcategories&post=2287"},{"taxonomy":"post_tag","embeddable":true,"href":"https:\/\/emlaktuel.com\/index.php?rest_route=%2Fwp%2Fv2%2Ftags&post=2287"}],"curies":[{"name":"wp","href":"https:\/\/api.w.org\/{rel}","templated":true}]}}