{"id":22718,"date":"2018-06-04T10:42:26","date_gmt":"2018-06-04T07:42:26","guid":{"rendered":"http:\/\/emlaktuel.com\/?p=22718"},"modified":"2018-07-05T18:02:40","modified_gmt":"2018-07-05T15:02:40","slug":"istanbulda-10-yeni-metro-hatti-konutta-bazi-ilcelerin-yildizini-parlatacak","status":"publish","type":"post","link":"https:\/\/emlaktuel.com\/?p=22718","title":{"rendered":"\u0130stanbul\u2019da 10 yeni metro hatt\u0131 konutta baz\u0131 il\u00e7elerin y\u0131ld\u0131z\u0131n\u0131 parlatacak?"},"content":{"rendered":"<p><strong>\u0130stanbul\u2019da faaliyete ge\u00e7mesi yak\u0131nla\u015fan en \u00f6nemli 10 metro hatt\u0131, Bak\u0131rk\u00f6y\u2019den \u00c7ekmek\u00f6y\u2019e, Ka\u011f\u0131thane\u2019den Zeytinburnu\u2019na pek \u00e7ok lokasyonun ula\u015f\u0131m\u0131n\u0131 kolayla\u015ft\u0131rarak konut tercihlerini yeniden \u015fekillendirecek. Emlakjet Genel M\u00fcd\u00fcr\u00fc Gizem Moral Kunter, bu metrolar\u0131n hayata ge\u00e7mesiyle var\u0131\u015f noktalar\u0131ndaki de\u011ferlerin % 5 oran\u0131nda artaca\u011f\u0131n\u0131 kaydetti.<\/strong><\/p>\n<p><strong>Kunter, \u201cReel getirilerin d\u00fc\u015fme e\u011filiminde oldu\u011fu sekt\u00f6rde, \u00f6n\u00fcm\u00fczdeki d\u00f6nemde de\u011ferlerdeki k\u0131smi hareketin belirleyicisi hizmete al\u0131nan \u2018yeni rayl\u0131 sistemler\u2019 olacak. Ta\u015fdelen ve Ispartakule gibi b\u00f6lgelere metro \u2018ilk kez\u2019 gidecek. Yeni havaray projeleri ile de G\u00f6kt\u00fcrk, Ba\u015fak\u015fehir ve Sefak\u00f6y \u00f6ne \u00e7\u0131kan yerler aras\u0131nda olacak\u201d dedi<\/strong><\/p>\n<p>Konut sekt\u00f6r\u00fcndeki durgunlu\u011fun faiz, vergi ve markal\u0131 konut projelerinde indirim ata\u011f\u0131 ile a\u015f\u0131lmas\u0131 hedeflenirken, bir k\u0131sm\u0131 bu y\u0131l sonuna kadar, bir k\u0131sm\u0131 ise 2019 y\u0131l\u0131nda hayata ge\u00e7irilecek en \u00f6nemli 10 metro hatt\u0131, konuta yat\u0131r\u0131m tercihlerini \u00f6n\u00fcm\u00fczdeki d\u00f6nemde yeniden \u015fekillendirecek.<\/p>\n<p>Yeni metro hatlar\u0131n\u0131n hayata ge\u00e7irilmesine ba\u011fl\u0131 olarak \u00f6zellikle ba\u015flang\u0131\u00e7 ve var\u0131\u015f noktalar\u0131ndaki de\u011ferlerin % 5 seviyesinde artmas\u0131n\u0131n beklendi\u011fini belirten Emlakjet Genel M\u00fcd\u00fcr\u00fc Gizem Moral Kunter, \u201cTe\u015fviklerin konut al\u0131m\u0131n\u0131 olumlu y\u00f6nde etkilemesi bekleniyor. Bununla birlikte reel getirilerin d\u00fc\u015fme e\u011filiminde oldu\u011fu konut sekt\u00f6r\u00fcnde, al\u0131c\u0131lar \u2018ileride de\u011fer kazanma potansiyeli\u2019 g\u00fc\u00e7l\u00fc yerlere daha \u00e7ok y\u00f6nelme e\u011filiminde olacak. Getirileri olumlu y\u00f6nde etkileyen rayl\u0131 sistemler ise konut pazarlamas\u0131nda bir s\u00fcredir en \u00f6nde gelen enstr\u00fcmanlar\u0131n ba\u015f\u0131nda geliyor. Metrolar, \u015fimdi faaliyete ge\u00e7me s\u00fcreleri yak\u0131nla\u015ft\u0131k\u00e7a, al\u0131c\u0131lar taraf\u0131ndan daha yak\u0131ndan izlenecek.<\/p>\n<p>Ekonomik parametreleri g\u00f6z \u00f6n\u00fcne al\u0131rsak, yeni metro hatlar\u0131n\u0131n il\u00e7edeki de\u011ferlere pozitif etkisi % 5 seviyesinde beklenebilir. \u00d6n\u00fcm\u00fczdeki aylar\u0131n ve 2019\u2019un konut yat\u0131r\u0131mlar\u0131n\u0131 yeni rayl\u0131 sistemler \u015fekillendirecek\u201d de\u011ferlendirmesini yapt\u0131.<\/p>\n<h3><strong>Hangi metro hatlar\u0131 hangi il\u00e7eleri \u00f6ne \u00e7\u0131karacak?<\/strong><\/h3>\n<p>Emlakjet olarak \u2018sekt\u00f6rde ilk ve tek olarak\u2019 geli\u015ftirdikleri \u2018Yak\u0131n\u0131nda Ara\u2019 \u00f6zelli\u011fi ile kullan\u0131c\u0131lara okul, metro, metrob\u00fcs, al\u0131\u015fveri\u015f merkezi, hastane, zincir market gibi noktalar\u0131n isimlerini arama bar\u0131na yazarak bunlara yak\u0131n ilanlara ula\u015fma imkan\u0131n\u0131 verdiklerini vurgulayan Kunter, y\u0131lsonuna kadar ve 2019\u2019da faaliyete ge\u00e7ecek en \u00f6nde gelen 10 metro hatt\u0131n\u0131 ve bu hatlar\u0131n etkileyece\u011fi il\u00e7eleri ise \u015f\u00f6yle aktard\u0131:<\/p>\n<h3><strong>1- Kabata\u015f-Ka\u011f\u0131thane-Mahmutbey metrosu<\/strong><\/h3>\n<p>\u0130stanbul\u2019da en yo\u011fun trafi\u011fin g\u00f6r\u00fcld\u00fc\u011f\u00fc arterlerden biri \u00fczerinde hayata ge\u00e7irilen ve trafi\u011fi \u00f6nemli \u00f6l\u00e7\u00fcde rahatlatmas\u0131 beklenen Kabata\u015f-Mecidiyek\u00f6y-Mahmutbey metrosu tamamland\u0131\u011f\u0131nda Mecidiyek\u00f6y\u2019den Ka\u011f\u0131thane\u2019ye 5, Be\u015fikta\u015f\u2019a 5,5, Tekstilkent\u2019e 20,5, Mahmutbey\u2019e 26, Ba\u015fak\u015fehir\u2019e 35,5, Ba\u011fc\u0131lar\u2019a 41 ve Sancaktepe\u2019ye 55 dakikada gidilebilecek. Y\u0131lsonuna dek a\u00e7\u0131lmas\u0131 beklenen metro ile en olumlu etkilenecek il\u00e7eler, Ka\u011f\u0131thane, Be\u015fikta\u015f ve Mahmutbey\u2026 \u00d6zellikle Ka\u011f\u0131thane il\u00e7esi, Gayrettepe &#8211; Ka\u011f\u0131thane- Yeni Havaliman\u0131 Metro hatt\u0131 ile ikinci bir avantaja sahip olacak.<\/p>\n<h3><strong>2- Bak\u0131rk\u00f6y &#8211; Avc\u0131lar &#8211; Esenyurt &#8211; Beylikd\u00fcz\u00fc &#8211; B\u00fcy\u00fck\u00e7ekmece T\u00fcyap metrosu<\/strong><\/h3>\n<p>2019 y\u0131l\u0131nda hizmete a\u00e7\u0131lmas\u0131 planlanan Bak\u0131rk\u00f6y Esenyurt metro hatt\u0131 tamamland\u0131\u011f\u0131nda iki semt aras\u0131 yolculuk s\u00fcresi 37,5 dakikaya inecek. Bak\u0131rk\u00f6y Esenyurt metrosu, Bak\u0131rk\u00f6y \u0130ncirli&#8217;den ba\u015flayacak, Bak\u0131rk\u00f6y K\u00fc\u00e7\u00fck\u00e7ekmece aras\u0131nda D-100 karayolu kuzeyindeki yerle\u015fimlerin i\u00e7erisinden ge\u00e7ecek. K\u00fc\u00e7\u00fck\u00e7ekmece&#8217;den sonra D-100 karayolu koridorunu izleyerek Beylikd\u00fcz\u00fc&#8217;nde yer alan T\u00fcyap Fuar Merkezi&#8217;nin \u00f6n\u00fcne gelecek. 2019 sonras\u0131 g\u00fcndemde olacak Esenyurt-Beylikd\u00fcz\u00fc-Avc\u0131lar rayl\u0131 sistem hatt\u0131 tamamland\u0131\u011f\u0131nda ise bu iki semt aras\u0131 25 dakikada a\u015f\u0131lacak.<\/p>\n<h3><strong>3- \u015ei\u015fhane-Seyrantepe metrosu<\/strong><\/h3>\n<p>2019 y\u0131l\u0131ndan sonra a\u00e7\u0131lmas\u0131 beklenen \u015ei\u015fhane-Seyrantepe metro hatt\u0131n\u0131n duraklar\u0131, \u015ei\u015fli Etfal, Seyrantepe, Sultan Selim, Galataderesi, \u00c7a\u011flayan, Perpa, Okmeydan\u0131, Piyalepa\u015fa, Kas\u0131mpa\u015fa ve \u015ei\u015fhane. \u0130stanbul\u2019un yo\u011fun trafik ya\u015fanan pek \u00e7ok semtinde dura\u011fa sahip olacak metro, bu yo\u011funlu\u011fu b\u00fcy\u00fck \u00f6l\u00e7\u00fcde azaltacak. \u00d6zellikle bu metro, son y\u0131llarda i\u015f merkezleriyle de \u00f6nemli bir lokasyon olan Seyrantepe\u2019ye de\u011fer katacak.<\/p>\n<h3><strong>4- Zeytinburnu-Kad\u0131k\u00f6y metro hatt\u0131<\/strong><\/h3>\n<p>2019 y\u0131l\u0131 sonras\u0131nda hizmete girmesi planlanan Zeytinburnu-Kad\u0131k\u00f6y metro hatt\u0131 ile Zeytinburnu\u2019ndan Kad\u0131k\u00f6y\u2019e ula\u015f\u0131m yakla\u015f\u0131k olarak 1 saatte sa\u011flanabilecek. \u00d6zellikle Zeytinburnu\u2019nu avantajl\u0131 hale getirecek metro, Kazl\u0131\u00e7e\u015fme\u2019den ba\u015flayarak Marmaray ile entegre \u00e7al\u0131\u015facak. Topkap\u0131, Bayrampa\u015fa, Gaziosmanpa\u015fa, Ka\u011f\u0131thane, G\u00f6ztepe gibi duraklar\u0131 bulunan metro, 4. Levent aktarmas\u0131yla Hac\u0131osman-Yenikap\u0131 metrosuna da ba\u011flanarak Anadolu ve Avrupa yakalar\u0131n\u0131n \u00f6nemli b\u00f6lgelerinden ge\u00e7ecek.<\/p>\n<h3><strong>5- \u00dcsk\u00fcdar-\u00dcmraniye-\u00c7ekmek\u00f6y-<wbr \/>Sancaktepe metrosunun 2. etab\u0131<\/strong><\/h3>\n<p>\u00dcsk\u00fcdar-\u00dcmraniye-\u00c7ekmek\u00f6y-<wbr \/>Sancaktepe metrosunun ikinci etab\u0131 olan \u00dcmraniye (Yamanevler) &#8211; \u00c7ekmek\u00f6y b\u00f6l\u00fcm\u00fc y\u0131lsonuna kadar hayata ge\u00e7irilecek. Metro hatt\u0131n\u0131n Sultanbeyli, Ta\u015fdelen \u00fczerinden Yenido\u011fan\u2019a ve Sabiha G\u00f6k\u00e7en Havaliman\u0131&#8217;na uzat\u0131lmas\u0131 hedefleniyor. \u00c7ekmek\u00f6y metrosu, Yenido\u011fan ve Ta\u015fdelene kadar gidecek. Ta\u015fdelen\u2019e kadar giden ilk ve tek hat da bu olacak. \u00dcmraniye-Dudullu-Bostanc\u0131 hatt\u0131na 13 istasyonluk yeni bir metro yap\u0131lacak ve bu metro 2019\u2019da hizmete girecek. Yeni metro \u00dcsk\u00fcdar-Sancaktepe metrosuyla Dudullu\u2019da birle\u015ftirilecek. Bu geli\u015fmeler Ta\u015fdelen\u2019in yan\u0131 s\u0131ra \u00c7ekmek\u00f6y, Dudullu ve Bostanc\u0131\u2019ya yarayacak.<\/p>\n<h3><strong>6- Gayrettepe-Ka\u011f\u0131thane-Yeni Havaliman\u0131 metrosu<\/strong><\/h3>\n<p>Toplam 9 istasyondan olu\u015fan Gayrettepe &#8211; Ka\u011f\u0131thane- Yeni Havaliman\u0131 metro hatt\u0131; Be\u015fikta\u015f, \u015ei\u015fli, Ka\u011f\u0131thane, Ey\u00fcpsultan ve Arnavutk\u00f6y il\u00e7elerine hizmet verecek. Ka\u011f\u0131thane Merkez&#8217;de entegre olacak metro hatt\u0131 ile yeni havaalan\u0131na 22 dakika, Kemerburgaz&#8217;a 47 dakikada ula\u015f\u0131labilecek. Metro hatt\u0131n\u0131n 2019 y\u0131l\u0131n\u0131n ilk aylar\u0131nda a\u00e7\u0131lmas\u0131 planlan\u0131yor.<\/p>\n<h3><strong>7- Yenikap\u0131-Halkal\u0131 metrosu<\/strong><\/h3>\n<p>Yenikap\u0131-Kirazl\u0131 aras\u0131nda \u00e7al\u0131\u015fan M1B hatt\u0131n\u0131n Halkal\u0131\u2019ya kadar uzat\u0131lmas\u0131 i\u00e7in \u00e7al\u0131\u015fmalar s\u00fcr\u00fcyor. Gelecek y\u0131l hizmete girecek yeni 8 istasyon ile Halkal\u0131 ve Ba\u011fc\u0131lar Kirazl\u0131 aras\u0131\u00a0<a href=\"https:\/\/maps.google.com\/?q=14,+Halkal%C4%B1&amp;entry=gmail&amp;source=g\">14, Halkal\u0131<\/a>-Yenikap\u0131 aras\u0131 ise 39 dakikaya inecek. Halkal\u0131 ve K\u00fc\u00e7\u00fck\u00e7ekmece b\u00f6ylece \u00f6ne \u00e7\u0131kacak.<\/p>\n<h3><strong>8- Ba\u015fak\u015fehir-Kaya\u015fehir metrosu<\/strong><\/h3>\n<p>Ba\u015fak\u015fehir-Kaya\u015fehir metrosunun da gelecek y\u0131l i\u015fletmeye al\u0131nmas\u0131 planlan\u0131yor. Yap\u0131m\u0131 s\u00fcren di\u011fer metrolarla entegre olacak metro hatt\u0131nda seyahat s\u00fcresi 10 dakika olarak a\u00e7\u0131kland\u0131. Metronun duraklar\u0131 ise Onurkent, \u015eehir Hastanesi, Kaya\u015fehir 15. B\u00f6lge ve Kaya\u015fehir Merkez olacak. Ayr\u0131ca metronun entegre oldu\u011fu hatlardan Kirazl\u0131-Ba\u015fak\u015fehir-<wbr \/>Olimpiyatk\u00f6y metrosu \u00fczerinden Kirazl\u0131-Bak\u0131rk\u00f6y (\u0130DO), Mahmutbey-Ba\u015fak\u015fehir-Esenyurt, Kabata\u015f-Mecidiyek\u00f6y-Mahmutbey ve Atak\u00f6y-\u0130kitelli metro hatlar\u0131na da ge\u00e7i\u015f sa\u011flanacak. Kaya\u015fehir-Ba\u015fak\u015fehir metrosunun Kaya\u015fehir Merkez dura\u011f\u0131nda Halkal\u0131-3. Havaliman\u0131 metrosu i\u00e7in de aktarma yap\u0131labilecek. Metrolar\u0131n yan\u0131 s\u0131ra Ekim\u2019de 3. Havaliman\u0131 devreye girece\u011fi i\u00e7in en yak\u0131n konut alan\u0131 Arnavutk\u00f6y-Ba\u015fak\u015fehir\u2019in \u00f6nemi artacak.<\/p>\n<h3><strong>9- Gebze-Halkal\u0131 banliy\u00f6 hatlar\u0131n\u0131n y\u00fczeysel metroya d\u00f6n\u00fc\u015ft\u00fcr\u00fclmesi<\/strong><\/h3>\n<p>Ula\u015ft\u0131rma, Denizcilik ve Haberle\u015fme Bakanl\u0131\u011f\u0131\u2019n\u0131n 63 kilometrelik Gebze-Halkal\u0131 banliy\u00f6 hatlar\u0131n\u0131n y\u00fczeysel metroya d\u00f6n\u00fc\u015ft\u00fcr\u00fclmesini i\u00e7eren Marmaray hatt\u0131n\u0131n da y\u0131lsonuna dek a\u00e7\u0131lmas\u0131 bekleniyor. Bu geli\u015fme, Halkal\u0131 a\u00e7\u0131s\u0131ndan bir avantaj daha geldi\u011fi anlam\u0131na geliyor.<\/p>\n<h3><strong>10- Mahmutbey-Bah\u00e7e\u015fehir-Esenyurt metro hatt\u0131 uzuyor<\/strong><\/h3>\n<p>Bah\u00e7e\u015fehir ve Esenyurt b\u00f6lgesi, Mahmutbey-Bah\u00e7e\u015fehir-Esenyurt metro hatt\u0131na Ard\u0131\u00e7l\u0131 ve Esenyurt Meydan olmak \u00fczere 2 istasyon daha eklenmesiyle avantaj kazand\u0131. Mehmutbey-Bah\u00e7e\u015fehir-Esenyurt metro hatt\u0131 duraklar\u0131; Mahmutbey, B\u00f6lge Park\u0131, Mehmet Akif, Toplu Konut, Tema, Hastane, Tahtakale, Ispartakule, Bah\u00e7e\u015fehir, Esenkent, Ard\u0131\u00e7l\u0131, Esenyurt Meydan olacak. Bu metro, Ispartakule\u00a0<a href=\"https:\/\/maps.google.com\/?q=Bizim+Evler+6&amp;entry=gmail&amp;source=g\">Bizim Evler 6<\/a>\u00a0projesinin tam on\u00fcnde. Bu b\u00f6lgede metrob\u00fcs ve metro gibi toplu ula\u015f\u0131m ara\u00e7lar\u0131n\u0131n hi\u00e7 biri yer almad\u0131\u011f\u0131 ve sadece \u00e7ift katl\u0131 otob\u00fcslerin belli aral\u0131klarla servis verdi\u011fi daha izole bir b\u00f6lge olmas\u0131ndan \u00f6t\u00fcr\u00fc as\u0131l hareketlilik burada ya\u015fanacak.<\/p>\n<p>Metro hatt\u0131 Mehmet Akip \u0130stasyonu\u2019nda Atak\u00f6y-Bas\u0131n Ekspres-\u0130kitelli metrosu, Mahmutbey \u0130stasyonu\u2019nda ise Otogar-Ba\u011fc\u0131lar Kirazl\u0131-Ba\u015fak\u015fehir-<wbr \/>Olimpiyatk\u00f6y metrosu ile, Temapark istasyonunda ise Halkal\u0131-Arnavutk\u00f6y-3. Havaliman\u0131 metrosuyla entegre olacak. Metro tamamland\u0131\u011f\u0131nda Mahmutbey\u2019den Esenyurt\u2019a 28, Be\u015fikta\u015f\u2019a 31,5, Kabata\u015f\u2019a ise 33 dakikada gidilebilecek. Projenin ne zaman hizmete girece\u011fi hen\u00fcz a\u00e7\u0131klanmasa da \u00c7ED raporunda hatt\u0131n 4 y\u0131l sonra a\u00e7\u0131laca\u011f\u0131 belirtiliyor.<\/p>\n<h3><strong>Yeni havaray ve f\u00fcnik\u00fcler hatlar\u0131 ise i\u015fte bu b\u00f6lgelere yarayacak:<\/strong><\/h3>\n<p>Konutta il\u00e7eler i\u00e7in metro hatlar\u0131 kadar 2019\u2019da ba\u015flamas\u0131 planlanan havaray ve f\u00fcnik\u00fcler hatlar\u0131n\u0131n da \u00f6nemli olaca\u011f\u0131n\u0131 belirten Emlakjet Genel M\u00fcd\u00fcr\u00fc Gizem Moral Kunter, bu hatlar\u0131 ve etkiledi\u011fi b\u00f6lgeleri ise \u015f\u00f6yle aktard\u0131:<\/p>\n<ul>\n<li>Gayrettepe &#8211; Kemerburgaz olarak rotas\u0131 belirlenen Havaray projesi, \u00f6zellikle G\u00f6kt\u00fcrk b\u00fcy\u00fck de\u011fer kazanacak.<\/li>\n<li>Benzer \u015fekilde Sefak\u00f6y &#8211; Ba\u015fak\u015fehir Havaray hatt\u0131 b\u00fcy\u00fck \u00f6nem ta\u015f\u0131yor. Sefak\u00f6y ve civar\u0131nda i\u00e7 kesimlere metro gibi ula\u015f\u0131m olanaklar\u0131 mevcut olmad\u0131\u011f\u0131 i\u00e7in, yeni havaray\u0131n \u0130kitelli Caddesi ve Mehmet Akif Mahallesi \u00fczerine b\u00fcy\u00fck hareket getirmesi bekleniyor.<\/li>\n<li>\u0130ki yeni f\u00fcnik\u00fcler hatt\u0131 daha var. Bunlardan biri Rumelihisar\u0131\u2019ndan A\u015fiyana ba\u011flanacak, di\u011feri de Minyat\u00fcrk&#8217;ten Ey\u00fcp&#8217;e ba\u011flanacak teleferik hatt\u0131. Bunlar\u0131n da tarihi ve k\u00f6kl\u00fc b\u00f6lgelerde eski yap\u0131lara de\u011fer katmas\u0131 bekleniyor.<\/li>\n<li>Daha \u00f6nce 2019\u2019a kadar tamamlanaca\u011f\u0131 a\u00e7\u0131klanan Dolmabah\u00e7e-Levaz\u0131m T\u00fcneli\u2019nin de hizmete girmesiyle 2 nokta aras\u0131ndaki 70 dakikal\u0131k mesafe, 5 dakikaya inecek. T\u00fcnel sayesinde Taksim, Kabata\u015f ve Ka\u011f\u0131thane y\u00f6n\u00fcnden gelen ara\u00e7lar; Zincirlikuyu, Levent, Etiler ve Ortak\u00f6y y\u00f6n\u00fcne kesintisiz bir \u015fekilde ula\u015fabilecek.<\/li>\n<\/ul>\n","protected":false},"excerpt":{"rendered":"<p>\u0130stanbul\u2019da faaliyete ge\u00e7mesi yak\u0131nla\u015fan en \u00f6nemli 10 metro hatt\u0131, Bak\u0131rk\u00f6y\u2019den \u00c7ekmek\u00f6y\u2019e, Ka\u011f\u0131thane\u2019den Zeytinburnu\u2019na pek \u00e7ok lokasyonun ula\u015f\u0131m\u0131n\u0131 kolayla\u015ft\u0131rarak konut tercihlerini yeniden \u015fekillendirecek. Emlakjet Genel M\u00fcd\u00fcr\u00fc Gizem Moral Kunter, bu metrolar\u0131n hayata ge\u00e7mesiyle var\u0131\u015f noktalar\u0131ndaki de\u011ferlerin % 5 oran\u0131nda artaca\u011f\u0131n\u0131 kaydetti. Kunter, \u201cReel getirilerin d\u00fc\u015fme e\u011filiminde oldu\u011fu sekt\u00f6rde, \u00f6n\u00fcm\u00fczdeki d\u00f6nemde de\u011ferlerdeki k\u0131smi hareketin belirleyicisi hizmete al\u0131nan [&hellip;]<\/p>\n","protected":false},"author":1,"featured_media":17610,"comment_status":"open","ping_status":"open","sticky":false,"template":"","format":"standard","meta":{"ngg_post_thumbnail":0},"categories":[221],"tags":[10971,4440,4846,2269,114,73,80,1551,10973,894,11097,4428,2268,10972],"_links":{"self":[{"href":"https:\/\/emlaktuel.com\/index.php?rest_route=\/wp\/v2\/posts\/22718"}],"collection":[{"href":"https:\/\/emlaktuel.com\/index.php?rest_route=\/wp\/v2\/posts"}],"about":[{"href":"https:\/\/emlaktuel.com\/index.php?rest_route=\/wp\/v2\/types\/post"}],"author":[{"embeddable":true,"href":"https:\/\/emlaktuel.com\/index.php?rest_route=\/wp\/v2\/users\/1"}],"replies":[{"embeddable":true,"href":"https:\/\/emlaktuel.com\/index.php?rest_route=%2Fwp%2Fv2%2Fcomments&post=22718"}],"version-history":[{"count":1,"href":"https:\/\/emlaktuel.com\/index.php?rest_route=\/wp\/v2\/posts\/22718\/revisions"}],"predecessor-version":[{"id":22719,"href":"https:\/\/emlaktuel.com\/index.php?rest_route=\/wp\/v2\/posts\/22718\/revisions\/22719"}],"wp:featuredmedia":[{"embeddable":true,"href":"https:\/\/emlaktuel.com\/index.php?rest_route=\/wp\/v2\/media\/17610"}],"wp:attachment":[{"href":"https:\/\/emlaktuel.com\/index.php?rest_route=%2Fwp%2Fv2%2Fmedia&parent=22718"}],"wp:term":[{"taxonomy":"category","embeddable":true,"href":"https:\/\/emlaktuel.com\/index.php?rest_route=%2Fwp%2Fv2%2Fcategories&post=22718"},{"taxonomy":"post_tag","embeddable":true,"href":"https:\/\/emlaktuel.com\/index.php?rest_route=%2Fwp%2Fv2%2Ftags&post=22718"}],"curies":[{"name":"wp","href":"https:\/\/api.w.org\/{rel}","templated":true}]}}