{"id":22550,"date":"2018-05-09T16:47:55","date_gmt":"2018-05-09T13:47:55","guid":{"rendered":"http:\/\/emlaktuel.com\/?p=22550"},"modified":"2018-07-05T17:59:43","modified_gmt":"2018-07-05T14:59:43","slug":"avrupa-konutlari-ilokulunun-temeli-atildi","status":"publish","type":"post","link":"https:\/\/emlaktuel.com\/?p=22550","title":{"rendered":"Avrupa Konutlar\u0131 \u0130lokulu&#8217;nun temeli at\u0131ld\u0131"},"content":{"rendered":"<p><img loading=\"lazy\" class=\"aligncenter size-large wp-image-22551\" src=\"http:\/\/emlaktuel.com\/wp-content\/uploads\/2018\/05\/AvrupaKonutlariIOO-1170x700.jpg\" alt=\"\" width=\"600\" height=\"359\" \/><\/p>\n<p><em>ARTA\u015e \u0130N\u015eAAT SOSYAL SORUMLULUK KAPSAMINDAK\u0130 OKUL PROJELER\u0130NE B\u0130R YEN\u0130S\u0130N\u0130 DAHA EKLED\u0130<\/em><\/p>\n<p>Arta\u015f \u0130n\u015faat taraf\u0131ndan \u00dcmraniye \u00c7aml\u0131k Mahallesi\u2019nde ba\u011f\u0131\u015f olarak yap\u0131lan Avrupa Konutlar\u0131 \u0130lkokulu\u2019nun temel atma t\u00f6reni yap\u0131ld\u0131.<\/p>\n<p>B\u00f6lgedeki \u00f6\u011frencilere ilkokul e\u011fitimi ve okul \u00f6ncesi e\u011fitimi noktas\u0131nda anaokulu olarak hizmet verecek okul 18 derslikten olu\u015fuyor. Firma, Avrupa Konutlar\u0131 \u0130lkokulu\u2019nu tamamlayarak Milli E\u011fitim Bakanl\u0131\u011f\u0131\u2019na hibe edecek. Temellerinin at\u0131ld\u0131\u011f\u0131 Avrupa Konutlar\u0131 \u0130lkokulu\u2019nun 2019 \u2013 2020 e\u011fitim \u00f6\u011fretim y\u0131l\u0131na yeti\u015ftirilmesi hedefleniyor.<\/p>\n<p>&nbsp;<\/p>\n","protected":false},"excerpt":{"rendered":"<p>ARTA\u015e \u0130N\u015eAAT SOSYAL SORUMLULUK KAPSAMINDAK\u0130 OKUL PROJELER\u0130NE B\u0130R YEN\u0130S\u0130N\u0130 DAHA EKLED\u0130 Arta\u015f \u0130n\u015faat taraf\u0131ndan \u00dcmraniye \u00c7aml\u0131k Mahallesi\u2019nde ba\u011f\u0131\u015f olarak yap\u0131lan Avrupa Konutlar\u0131 \u0130lkokulu\u2019nun temel atma t\u00f6reni yap\u0131ld\u0131. B\u00f6lgedeki \u00f6\u011frencilere ilkokul e\u011fitimi ve okul \u00f6ncesi e\u011fitimi noktas\u0131nda anaokulu olarak hizmet verecek okul 18 derslikten olu\u015fuyor. Firma, Avrupa Konutlar\u0131 \u0130lkokulu\u2019nu tamamlayarak Milli E\u011fitim Bakanl\u0131\u011f\u0131\u2019na hibe edecek. Temellerinin [&hellip;]<\/p>\n","protected":false},"author":1,"featured_media":22551,"comment_status":"open","ping_status":"open","sticky":false,"template":"","format":"standard","meta":{"ngg_post_thumbnail":0},"categories":[221],"tags":[11567,2664,325,130,10925,80,11167,4446],"_links":{"self":[{"href":"https:\/\/emlaktuel.com\/index.php?rest_route=\/wp\/v2\/posts\/22550"}],"collection":[{"href":"https:\/\/emlaktuel.com\/index.php?rest_route=\/wp\/v2\/posts"}],"about":[{"href":"https:\/\/emlaktuel.com\/index.php?rest_route=\/wp\/v2\/types\/post"}],"author":[{"embeddable":true,"href":"https:\/\/emlaktuel.com\/index.php?rest_route=\/wp\/v2\/users\/1"}],"replies":[{"embeddable":true,"href":"https:\/\/emlaktuel.com\/index.php?rest_route=%2Fwp%2Fv2%2Fcomments&post=22550"}],"version-history":[{"count":1,"href":"https:\/\/emlaktuel.com\/index.php?rest_route=\/wp\/v2\/posts\/22550\/revisions"}],"predecessor-version":[{"id":22552,"href":"https:\/\/emlaktuel.com\/index.php?rest_route=\/wp\/v2\/posts\/22550\/revisions\/22552"}],"wp:featuredmedia":[{"embeddable":true,"href":"https:\/\/emlaktuel.com\/index.php?rest_route=\/wp\/v2\/media\/22551"}],"wp:attachment":[{"href":"https:\/\/emlaktuel.com\/index.php?rest_route=%2Fwp%2Fv2%2Fmedia&parent=22550"}],"wp:term":[{"taxonomy":"category","embeddable":true,"href":"https:\/\/emlaktuel.com\/index.php?rest_route=%2Fwp%2Fv2%2Fcategories&post=22550"},{"taxonomy":"post_tag","embeddable":true,"href":"https:\/\/emlaktuel.com\/index.php?rest_route=%2Fwp%2Fv2%2Ftags&post=22550"}],"curies":[{"name":"wp","href":"https:\/\/api.w.org\/{rel}","templated":true}]}}