{"id":22527,"date":"2018-05-07T13:14:49","date_gmt":"2018-05-07T10:14:49","guid":{"rendered":"http:\/\/emlaktuel.com\/?p=22527"},"modified":"2018-07-05T17:59:19","modified_gmt":"2018-07-05T14:59:19","slug":"nurettin-yilmaz-insaat-sektorune-yapilacak-tesvik-ulke-ekonomisine-yapilacaktir","status":"publish","type":"post","link":"https:\/\/emlaktuel.com\/?p=22527","title":{"rendered":"Nurettin Y\u0131lmaz: \u0130n\u015faat sekt\u00f6r\u00fcne yap\u0131lacak te\u015fvik, \u00fclke ekonomisine yap\u0131lacakt\u0131r"},"content":{"rendered":"<p>Konut teslimlerinde ve tapu harc\u0131 oran\u0131 de\u011fi\u015fikli\u011fi ile ilgili a\u00e7\u0131klamalarda bulunan M\u0130AV\u0130TA Beytepe Yat\u0131r\u0131mc\u0131s\u0131 Nurettin Y\u0131lmaz, bu karar ile birlikte in\u015faat sekt\u00f6r\u00fcn\u00fcn bir ivme kazanaca\u011f\u0131n\u0131 s\u00f6yledi.<\/p>\n<p>Bakanlar Kurulu karar\u0131yla konut teslimlerinde uygulanan y\u00fczde 18&#8217;lik KDV, 31 Ekim&#8217;e kadar y\u00fczde 8&#8217;e, tapu harc\u0131 oran\u0131 da y\u00fczde 4&#8217;ten 3&#8217;e indirildi. Resmi Gazete&#8217;de yay\u0131mlanan karara g\u00f6re 31 Ekim 2018 tarihinden itibaren tapu i\u015flemleri \u00fczerinden binde 20 oran\u0131nda al\u0131nan tapu harc\u0131, konut ve i\u015fyerlerinde binde 15 olarak yeniden belirlendi. Al\u0131nan karar\u0131n T\u00fcrkiye in\u015faat sekt\u00f6r\u00fcne hareketlilik getirece\u011fini s\u00f6yleyen Nurettin Y\u0131lmaz \u201cBu karar\u0131n, gayrimenkul ve in\u015faat sekt\u00f6r\u00fcne ivme kazand\u0131raca\u011f\u0131n\u0131 umut ediyoruz. \u0130n\u015faat sekt\u00f6r\u00fc, bizim ekonomimizde lokomotif itici g\u00fcce sahip oldu\u011fu i\u00e7in bu sekt\u00f6re yap\u0131labilecek her t\u00fcrl\u00fc te\u015fvik ayn\u0131 zamanda \u00fclke ekonomisine yap\u0131lm\u0131\u015f olacakt\u0131r. \u00c7\u00fcnk\u00fc in\u015faat sekt\u00f6r\u00fc hem bir istihdam deposu hem de kendisine ba\u011fl\u0131 bir y\u0131\u011f\u0131n alt ve tamamlay\u0131c\u0131 sekt\u00f6rlerin lideri konumunda. Bu sebepten k\u00fc\u00e7\u00fckte olsa al\u0131nan bu te\u015fvik kararlar\u0131n\u0131n sadece bir sekt\u00f6re de\u011fil \u00fclke ekonomisine yap\u0131lm\u0131\u015f bir katk\u0131 olarak de\u011ferlendirilmesini isteriz. Umudumuz ve beklentimiz bu tarz kollay\u0131c\u0131 desteklerin s\u00fcrmesi ve uzun s\u00fcredir durgun seyreden gayrimenkul sekt\u00f6r\u00fcn\u00fcn canlanmas\u0131d\u0131r\u201d a\u00e7\u0131klamas\u0131nda bulundu.<\/p>\n<h3><strong>Do\u011fru Lokasyon\u00a0<\/strong><\/h3>\n<p>Anadolu Akaryak\u0131t garantisi ile hayata ge\u00e7irilen M\u0130AV\u0130TA BEYTEPE, Ankara\u2019n\u0131n en de\u011ferli arazilerinden birinin \u00fczerinde y\u00fckselirken, size sadece keyfini s\u00fcrmek kalacak. Ankara manzaras\u0131 ile huzuru evinize ta\u015f\u0131yan M\u0130AV\u0130TA, Park Caddesi, Gordion Al\u0131\u015fveri\u015f Merkezleri, Galeria AVM, Arcad\u0131um AVM, G\u00f6lba\u015f\u0131, Mogan, \u00dcmitk\u00f6y, \u00c7ayyolu, Beysukent, L\u00fcks Resoran ve Cafelere olan yak\u0131nl\u0131\u011f\u0131 ile hayat\u0131n merkezinden uzakla\u015fm\u0131yor. Bir\u00e7ok e\u011fitim ve sa\u011fl\u0131k kurulu\u015funa olan mesafesi ile de en do\u011fru adres olan M\u0130AV\u0130TA; Hacettepe, Bilkent, Ba\u015fkent, \u00c7ankaya, At\u0131l\u0131m, Ufuk \u00dcniversitesi ve ODT\u00dc gibi e\u011fitim kurumlar\u0131na olan yak\u0131nl\u0131\u011f\u0131 ile e\u015fsiz bir yat\u0131r\u0131m olarak kar\u015f\u0131n\u0131za \u00e7\u0131k\u0131yor. Ana yollara olan yak\u0131nl\u0131\u011f\u0131 arac\u0131n\u0131zla seyahatinizi kolayla\u015ft\u0131r\u0131rken, d\u00f6rt bir yana ula\u015fan toplu ta\u015f\u0131ma olanaklar\u0131n\u0131n evinize yak\u0131nl\u0131\u011f\u0131 keyfinize keyif kat\u0131yor.<\/p>\n","protected":false},"excerpt":{"rendered":"<p>Konut teslimlerinde ve tapu harc\u0131 oran\u0131 de\u011fi\u015fikli\u011fi ile ilgili a\u00e7\u0131klamalarda bulunan M\u0130AV\u0130TA Beytepe Yat\u0131r\u0131mc\u0131s\u0131 Nurettin Y\u0131lmaz, bu karar ile birlikte in\u015faat sekt\u00f6r\u00fcn\u00fcn bir ivme kazanaca\u011f\u0131n\u0131 s\u00f6yledi. Bakanlar Kurulu karar\u0131yla konut teslimlerinde uygulanan y\u00fczde 18&#8217;lik KDV, 31 Ekim&#8217;e kadar y\u00fczde 8&#8217;e, tapu harc\u0131 oran\u0131 da y\u00fczde 4&#8217;ten 3&#8217;e indirildi. Resmi Gazete&#8217;de yay\u0131mlanan karara g\u00f6re 31 Ekim [&hellip;]<\/p>\n","protected":false},"author":1,"featured_media":22528,"comment_status":"open","ping_status":"open","sticky":false,"template":"","format":"standard","meta":{"ngg_post_thumbnail":0},"categories":[221],"tags":[11438,298,1923,11481,67,1258,11234,556],"_links":{"self":[{"href":"https:\/\/emlaktuel.com\/index.php?rest_route=\/wp\/v2\/posts\/22527"}],"collection":[{"href":"https:\/\/emlaktuel.com\/index.php?rest_route=\/wp\/v2\/posts"}],"about":[{"href":"https:\/\/emlaktuel.com\/index.php?rest_route=\/wp\/v2\/types\/post"}],"author":[{"embeddable":true,"href":"https:\/\/emlaktuel.com\/index.php?rest_route=\/wp\/v2\/users\/1"}],"replies":[{"embeddable":true,"href":"https:\/\/emlaktuel.com\/index.php?rest_route=%2Fwp%2Fv2%2Fcomments&post=22527"}],"version-history":[{"count":1,"href":"https:\/\/emlaktuel.com\/index.php?rest_route=\/wp\/v2\/posts\/22527\/revisions"}],"predecessor-version":[{"id":22529,"href":"https:\/\/emlaktuel.com\/index.php?rest_route=\/wp\/v2\/posts\/22527\/revisions\/22529"}],"wp:featuredmedia":[{"embeddable":true,"href":"https:\/\/emlaktuel.com\/index.php?rest_route=\/wp\/v2\/media\/22528"}],"wp:attachment":[{"href":"https:\/\/emlaktuel.com\/index.php?rest_route=%2Fwp%2Fv2%2Fmedia&parent=22527"}],"wp:term":[{"taxonomy":"category","embeddable":true,"href":"https:\/\/emlaktuel.com\/index.php?rest_route=%2Fwp%2Fv2%2Fcategories&post=22527"},{"taxonomy":"post_tag","embeddable":true,"href":"https:\/\/emlaktuel.com\/index.php?rest_route=%2Fwp%2Fv2%2Ftags&post=22527"}],"curies":[{"name":"wp","href":"https:\/\/api.w.org\/{rel}","templated":true}]}}