{"id":22519,"date":"2018-05-07T12:05:39","date_gmt":"2018-05-07T09:05:39","guid":{"rendered":"http:\/\/emlaktuel.com\/?p=22519"},"modified":"2018-07-05T17:59:09","modified_gmt":"2018-07-05T14:59:09","slug":"turkiye-konut-fiyat-artisinda-dunya-sampiyonu","status":"publish","type":"post","link":"https:\/\/emlaktuel.com\/?p=22519","title":{"rendered":"T\u00fcrkiye konut fiyat art\u0131\u015f\u0131nda d\u00fcnya \u015fampiyonu"},"content":{"rendered":"<p>2010 ile 2017 aras\u0131nda 39 \u00fclke baz al\u0131narak yap\u0131lan ara\u015ft\u0131rmaya g\u00f6re, konut fiyatlar\u0131n\u0131n en fazla y\u00fckseldi\u011fi \u00fclkenin y\u00fczde 106,8 ile T\u00fcrkiye oldu\u011fu belirlendi.<\/p>\n<p>Medya takibinin \u00f6nc\u00fc kurumu\u00a0<strong>Ajans Press<\/strong>, d\u00fcnya \u00fczerinde ya\u015fanan konut fiyat art\u0131\u015flar\u0131n\u0131 konu alan ara\u015ft\u0131rmay\u0131 inceledi.\u00a0<strong>Ajans Press\u2019in\u00a0<\/strong>OECD ve Coldwell Banker verilerinden derledi\u011fi bilgilere g\u00f6re, konut fiyatlar\u0131n\u0131n en fazla y\u00fckseldi\u011fi \u00fclke y\u00fczde 106,8 ile T\u00fcrkiye oldu. T\u00fcrkiye\u2019yi, ikinci s\u0131radan y\u00fczde 94,7\u2019lik fiyat art\u0131\u015f\u0131yla Brezilya, \u00fc\u00e7\u00fcnc\u00fc s\u0131radan ise y\u00fczde 82,2\u2019lik art\u0131\u015fla \u0130zlanda izledi. \u0130lk 10\u2019da yer alan di\u011fer \u00fclkeler ise; y\u00fczde 72,9 ile Estonya, y\u00fczde 56,5ile \u0130sve\u00e7, y\u00fczde 56,4 ile \u0130srail, y\u00fczde 54,3 ile Kanada, y\u00fczde 49,2 ile \u00c7in, y\u00fczde 48,8 ile Avusturya, y\u00fczde 47,2 ile de Endonezya \u015feklinde s\u0131raland\u0131.<\/p>\n<h3><strong>Kiral\u0131k konutta \u00fc\u00e7\u00fcnc\u00fc s\u0131raday\u0131z<\/strong><\/h3>\n<p><strong>ITS Medya<\/strong>\u00a0ve\u00a0<strong>Ajans Press\u2019in<\/strong>\u00a0ger\u00e7ekle\u015ftirdi\u011fi medya incelemesinde, konut fiyatlar\u0131 ve gayrimenkul ba\u015fl\u0131\u011f\u0131 alt\u0131nda medyaya yans\u0131yan haber adetleri belli oldu.Yap\u0131lan incelemeye g\u00f6re, ge\u00e7ti\u011fimiz y\u0131l gayrimenkul ba\u015fl\u0131\u011f\u0131 alt\u0131nda 63 bin 923 haber \u00e7\u0131k\u0131\u015f\u0131 tespit\u00a0<a name=\"m_-2930667737221644163__GoBack\"><\/a>edildi. Ara\u015ft\u0131rma, son y\u0131llarda konut fiyatlar\u0131nda ya\u015fanan y\u00fcksek b\u00fcy\u00fcme performans\u0131n\u0131 ortaya koyarken, verilerin2010 ile 2017 aras\u0131nda 39 \u00fclke baz al\u0131narak olu\u015fturuldu\u011fu g\u00f6r\u00fcld\u00fc. 7 y\u0131ll\u0131k d\u00f6nemde OECD \u00fclkelerindeki ortalama fiyat art\u0131\u015f\u0131n\u0131n y\u00fczde 24,7 seviyesinde ger\u00e7ekle\u015fti\u011fi belirlenirken, Euro b\u00f6lgesinde ise bu art\u0131\u015f y\u00fczde 6,7 oldu. Ara\u015ft\u0131rmaya konu olan d\u00f6nemde,T\u00fcrkiye\u2019de konut sat\u0131\u015f fiyatlar\u0131nda ya\u015fanan art\u0131\u015f\u0131n y\u00fczde 106,8 oldu\u011fu esas al\u0131nd\u0131\u011f\u0131nda, konut fiyat art\u0131\u015f\u0131nda OECD\u2019yi 4\u2019e, Euro B\u00f6lgesi\u2019ni ise 16\u2019ya katlad\u0131\u011f\u0131m\u0131z saptand\u0131. Bunun yan\u0131 s\u0131ra 39 \u00fclke aras\u0131nda kiral\u0131k konut fiyatlar\u0131na bak\u0131ld\u0131\u011f\u0131nda, y\u00fczde 123,1 art\u0131\u015f g\u00f6stererek Estonya\u2019n\u0131n birinci s\u0131raya oturdu\u011fu g\u00f6r\u00fcld\u00fc. \u0130kinci s\u0131rada da y\u00fczde 75,6 ile Litvanya yer al\u0131rken, T\u00fcrkiye 58,5\u2019lik art\u0131\u015fla listenin \u00fc\u00e7\u00fcnc\u00fc s\u0131ras\u0131nda yer ald\u0131.<\/p>\n<p>Raporda yer alan 39 \u00fclkeden 34\u2019\u00fcnde konut fiyatlar\u0131n\u0131n art\u0131\u015f g\u00f6stermesi dikkat \u00e7ekerken, sadece 5 \u00fclkede konut fiyatlar\u0131n\u0131n geriledi\u011fi tespit edildi. Konut fiyat\u0131n\u0131n en fazla d\u00fc\u015f\u00fc\u015f g\u00f6sterdi\u011fi \u00fclkede y\u00fczde 37,3 ile Yunanistan oldu. Yunanistan\u2019\u0131n ard\u0131ndan fiyatlarda d\u00fc\u015f\u00fc\u015f g\u00f6steren di\u011fer \u00fclkeler; y\u00fczde 17,4 ile \u0130spanya, y\u00fczde 15 ile \u0130talya, y\u00fczde 11,5 ile Rusya ve y\u00fczde 4,8 ile Slovenya \u015feklinde belirlendi.<\/p>\n","protected":false},"excerpt":{"rendered":"<p>2010 ile 2017 aras\u0131nda 39 \u00fclke baz al\u0131narak yap\u0131lan ara\u015ft\u0131rmaya g\u00f6re, konut fiyatlar\u0131n\u0131n en fazla y\u00fckseldi\u011fi \u00fclkenin y\u00fczde 106,8 ile T\u00fcrkiye oldu\u011fu belirlendi. Medya takibinin \u00f6nc\u00fc kurumu\u00a0Ajans Press, d\u00fcnya \u00fczerinde ya\u015fanan konut fiyat art\u0131\u015flar\u0131n\u0131 konu alan ara\u015ft\u0131rmay\u0131 inceledi.\u00a0Ajans Press\u2019in\u00a0OECD ve Coldwell Banker verilerinden derledi\u011fi bilgilere g\u00f6re, konut fiyatlar\u0131n\u0131n en fazla y\u00fckseldi\u011fi \u00fclke y\u00fczde 106,8 ile [&hellip;]<\/p>\n","protected":false},"author":1,"featured_media":22520,"comment_status":"open","ping_status":"open","sticky":false,"template":"","format":"standard","meta":{"ngg_post_thumbnail":0},"categories":[221],"tags":[11165,11382,11434,80,11301,11153,316,11323],"_links":{"self":[{"href":"https:\/\/emlaktuel.com\/index.php?rest_route=\/wp\/v2\/posts\/22519"}],"collection":[{"href":"https:\/\/emlaktuel.com\/index.php?rest_route=\/wp\/v2\/posts"}],"about":[{"href":"https:\/\/emlaktuel.com\/index.php?rest_route=\/wp\/v2\/types\/post"}],"author":[{"embeddable":true,"href":"https:\/\/emlaktuel.com\/index.php?rest_route=\/wp\/v2\/users\/1"}],"replies":[{"embeddable":true,"href":"https:\/\/emlaktuel.com\/index.php?rest_route=%2Fwp%2Fv2%2Fcomments&post=22519"}],"version-history":[{"count":1,"href":"https:\/\/emlaktuel.com\/index.php?rest_route=\/wp\/v2\/posts\/22519\/revisions"}],"predecessor-version":[{"id":22521,"href":"https:\/\/emlaktuel.com\/index.php?rest_route=\/wp\/v2\/posts\/22519\/revisions\/22521"}],"wp:featuredmedia":[{"embeddable":true,"href":"https:\/\/emlaktuel.com\/index.php?rest_route=\/wp\/v2\/media\/22520"}],"wp:attachment":[{"href":"https:\/\/emlaktuel.com\/index.php?rest_route=%2Fwp%2Fv2%2Fmedia&parent=22519"}],"wp:term":[{"taxonomy":"category","embeddable":true,"href":"https:\/\/emlaktuel.com\/index.php?rest_route=%2Fwp%2Fv2%2Fcategories&post=22519"},{"taxonomy":"post_tag","embeddable":true,"href":"https:\/\/emlaktuel.com\/index.php?rest_route=%2Fwp%2Fv2%2Ftags&post=22519"}],"curies":[{"name":"wp","href":"https:\/\/api.w.org\/{rel}","templated":true}]}}