{"id":2227,"date":"2016-06-28T12:39:59","date_gmt":"2016-06-28T09:39:59","guid":{"rendered":"http:\/\/emlaktuel.com\/?p=2227"},"modified":"2018-07-05T14:09:45","modified_gmt":"2018-07-05T11:09:45","slug":"kisiye-ozel-binalar-geliyor","status":"publish","type":"post","link":"https:\/\/emlaktuel.com\/?p=2227","title":{"rendered":"Ki\u015fiye \u00f6zel binalar geliyor!"},"content":{"rendered":"<div class=\"hz_top_post\">\n<div class=\"fa fa-folder-open\"><\/div>\n<div class=\"fa fa-folder-open\">\u0130novatif \u00fcr\u00fcnleri ve s\u00fcrekli yeniledi\u011fi \u00fcretim teknolojileriyle dikkat \u00e7eken Vefa Holding, gayrimenkulde insanlara \u00f6zel binalar geli\u015ftirerek bu sekt\u00f6rde farkl\u0131l\u0131k yaratmay\u0131 hedefliyor.<\/div>\n<\/div>\n<div class=\"hz_main_post_content\">\n<div class=\"hz_content\">\u00d6n \u00fcretimli yap\u0131lar, yap\u0131 malzemeleri, gayrimenkul ve enerji alanlar\u0131nda faaliyet g\u00f6steren Vefa Holding, geli\u015ftirdi\u011fi inovatif \u00fcr\u00fcnlerle sekt\u00f6rde dikkatleri \u00fczerine \u00e7ekiyor. \u0130novasyonu kurum k\u00fclt\u00fcr\u00fcn\u00fcn en \u00f6nemli par\u00e7as\u0131 haline getiren Vefa, gayrimenkul alan\u0131nda yepyeni bir teknolojiye imza atmaya haz\u0131rlan\u0131yor. \u0130nsanlara \u00f6zel binalar geli\u015ftirmek i\u00e7in kollar\u0131 s\u0131vayan Vefa, konuyla ilgili AR-GE \u00e7al\u0131\u015fmalar\u0131na b\u00fct\u00fcn h\u0131z\u0131yla devam ediyor.\u00a0\u00a0 Vefa Holding Y\u00f6netim Kurulu Ba\u015fkan\u0131 Orhan G\u00fcner, Vefa&#8217;n\u0131n merkezine konumland\u0131rd\u0131klar\u0131 \u0130novasyon ve Teknoloji Geli\u015ftirme biriminde bilinenlerin \u00f6tesinde farkl\u0131 malzemeler \u00fcretmek i\u00e7in AR-GE \u00e7al\u0131\u015fmalar\u0131n\u0131n b\u00fct\u00fcn h\u0131z\u0131yla devam etti\u011fini kaydetti. G\u00fcner, \u201cYeni geli\u015ftirdi\u011fimiz \u00fcr\u00fcnler son y\u0131llarda toplam cirolar\u0131m\u0131z\u0131n neredeyse y\u00fczde 50&#8217;sini olu\u015fturuyor. \u00dcretti\u011fimiz katma de\u011ferli \u00e7\u00f6z\u00fcmler hem sekt\u00f6r\u00fcn standard\u0131n\u0131 ve m\u00fc\u015fterilerimizin konforunu y\u00fckseltiyor hem de b\u00fcy\u00fcmemizin, rekabet \u00fcst\u00fcnl\u00fc\u011f\u00fcm\u00fcz\u00fcn lokomotifi oluyor\u201d dedi.<\/p>\n<h4><img loading=\"lazy\" class=\"alignnone  wp-image-2228\" src=\"http:\/\/emlaktuel.com\/wp-content\/uploads\/2016\/06\/insanlar1-300x169.jpg\" alt=\"insanlar1\" width=\"504\" height=\"284\" \/><\/h4>\n<p><img loading=\"lazy\" class=\"alignnone  wp-image-2229\" src=\"http:\/\/emlaktuel.com\/wp-content\/uploads\/2016\/06\/insanlarao\u0308zel-300x169.jpg\" alt=\"insanlarao\u0308zel\" width=\"502\" height=\"283\" \/><\/p>\n<h4>Nano teknoloji yap\u0131 sistemlerine de uygulanacak<\/h4>\n<p>\u201cSekt\u00f6r\u00fcm\u00fcz i\u00e7in d\u00fcnyada ses getirece\u011fini d\u00fc\u015f\u00fcnd\u00fc\u011f\u00fcm\u00fcz \u00fcr\u00fcnlerle ilgili \u00e7al\u0131\u015fmalar\u0131m\u0131z mevcut\u201d diyen Orhan G\u00fcner, gelecekte nano teknolojilerin yap\u0131 sistemlerinde de uygulanaca\u011f\u0131n\u0131 s\u00f6yledi. \u0130nsanlara \u00f6zel binalar yap\u0131laca\u011f\u0131n\u0131 ifade eden G\u00fcner, \u201c\u00d6rne\u011fin bir ya\u015fl\u0131n\u0131n ya da hastan\u0131n evi farkl\u0131 dizayn edilebilecek. Bu sayede ak\u0131ll\u0131 evler ve ak\u0131ll\u0131 ya\u015fam alanlar\u0131 \u00fcretilecek ve sonras\u0131nda ak\u0131ll\u0131 \u015fehirler planlanabilir olacak\u201d diye konu\u015ftu.\u00a0\u00a0 \u0130n\u015faat ve bina teknolojisinin global \u00f6l\u00e7ekte h\u0131zla geli\u015fim kaydetti\u011fini s\u00f6yleyen Orhan G\u00fcner, y\u00fczlerce y\u0131l benzer \u00f6zellikler g\u00f6steren ve standart kurallar \u00e7er\u00e7evesinde in\u015fa edilen binalar\u0131n son d\u00f6nemde yeni tekniklerin ortaya \u00e7\u0131kmas\u0131yla de\u011fi\u015fim g\u00f6sterdi\u011fini belirtti. G\u00fcner, dolay\u0131s\u0131yla yap\u0131 elemanlar\u0131n\u0131n da \u00f6zelle\u015fmeye ba\u015flad\u0131\u011f\u0131n\u0131 ifade ederek, s\u00f6zlerine \u015f\u00f6yle devam etti: \u201cBu da beraberinde ak\u0131ll\u0131 ya da ileri malzemeler dedi\u011fimiz \u00fcr\u00fcnlerin ortaya \u00e7\u0131kmas\u0131n\u0131 sa\u011flad\u0131. Ak\u0131ll\u0131 malzemelerin \u00f6n\u00fcm\u00fczdeki d\u00f6nemlerde daha \u00e7ok yayg\u0131nla\u015faca\u011f\u0131 tahmin ediliyor. Bug\u00fcn geli\u015ftirilmeye ve \u00fcretilmeye ba\u015flanan ak\u0131ll\u0131 malzemelerin \u00f6n\u00fcm\u00fczdeki s\u00fcre\u00e7te \u00fcretken bir \u015fehrin b\u00fct\u00fcnle\u015ftirici bir par\u00e7as\u0131 haline gelece\u011fi \u00f6n g\u00f6r\u00fcl\u00fcyor. Yeni nesil ak\u0131ll\u0131 malzemeler kullan\u0131lan par\u00e7alara ekstra i\u015flevler y\u00fckleyebiliyor. B\u00f6ylece hem ya\u015fam alanlar\u0131nda hem ede maliyetler de tasarruf sa\u011flanabiliyor. Ayn\u0131 zamanda daha etkin binalar\u0131n \u00fcretimine imkan tan\u0131n\u0131yor. Ak\u0131ll\u0131 malzemelerin kullan\u0131ld\u0131\u011f\u0131 ak\u0131ll\u0131 sistemler insan hayat\u0131n\u0131 kolayla\u015ft\u0131r\u0131rken ayn\u0131 zamanda g\u00fcvenlik, sa\u011fl\u0131k, konfor ve e\u011flence i\u00e7in f\u0131rsatlar sunabiliyor.\u201d<\/p><\/div>\n<\/div>\n","protected":false},"excerpt":{"rendered":"<p>\u0130novatif \u00fcr\u00fcnleri ve s\u00fcrekli yeniledi\u011fi \u00fcretim teknolojileriyle dikkat \u00e7eken Vefa Holding, gayrimenkulde insanlara \u00f6zel binalar geli\u015ftirerek bu sekt\u00f6rde farkl\u0131l\u0131k yaratmay\u0131 hedefliyor. \u00d6n \u00fcretimli yap\u0131lar, yap\u0131 malzemeleri, gayrimenkul ve enerji alanlar\u0131nda faaliyet g\u00f6steren Vefa Holding, geli\u015ftirdi\u011fi inovatif \u00fcr\u00fcnlerle sekt\u00f6rde dikkatleri \u00fczerine \u00e7ekiyor. \u0130novasyonu kurum k\u00fclt\u00fcr\u00fcn\u00fcn en \u00f6nemli par\u00e7as\u0131 haline getiren Vefa, gayrimenkul alan\u0131nda yepyeni bir teknolojiye [&hellip;]<\/p>\n","protected":false},"author":1,"featured_media":2230,"comment_status":"open","ping_status":"open","sticky":false,"template":"","format":"standard","meta":{"ngg_post_thumbnail":0},"categories":[1,26,27],"tags":[11142,1252,107,11288,1247,67,1250,1251,11361,1249,1248,11362],"_links":{"self":[{"href":"https:\/\/emlaktuel.com\/index.php?rest_route=\/wp\/v2\/posts\/2227"}],"collection":[{"href":"https:\/\/emlaktuel.com\/index.php?rest_route=\/wp\/v2\/posts"}],"about":[{"href":"https:\/\/emlaktuel.com\/index.php?rest_route=\/wp\/v2\/types\/post"}],"author":[{"embeddable":true,"href":"https:\/\/emlaktuel.com\/index.php?rest_route=\/wp\/v2\/users\/1"}],"replies":[{"embeddable":true,"href":"https:\/\/emlaktuel.com\/index.php?rest_route=%2Fwp%2Fv2%2Fcomments&post=2227"}],"version-history":[{"count":1,"href":"https:\/\/emlaktuel.com\/index.php?rest_route=\/wp\/v2\/posts\/2227\/revisions"}],"predecessor-version":[{"id":2231,"href":"https:\/\/emlaktuel.com\/index.php?rest_route=\/wp\/v2\/posts\/2227\/revisions\/2231"}],"wp:featuredmedia":[{"embeddable":true,"href":"https:\/\/emlaktuel.com\/index.php?rest_route=\/wp\/v2\/media\/2230"}],"wp:attachment":[{"href":"https:\/\/emlaktuel.com\/index.php?rest_route=%2Fwp%2Fv2%2Fmedia&parent=2227"}],"wp:term":[{"taxonomy":"category","embeddable":true,"href":"https:\/\/emlaktuel.com\/index.php?rest_route=%2Fwp%2Fv2%2Fcategories&post=2227"},{"taxonomy":"post_tag","embeddable":true,"href":"https:\/\/emlaktuel.com\/index.php?rest_route=%2Fwp%2Fv2%2Ftags&post=2227"}],"curies":[{"name":"wp","href":"https:\/\/api.w.org\/{rel}","templated":true}]}}