{"id":2221,"date":"2016-06-28T01:19:38","date_gmt":"2016-06-27T22:19:38","guid":{"rendered":"http:\/\/emlaktuel.com\/?p=2221"},"modified":"2018-07-05T14:09:42","modified_gmt":"2018-07-05T11:09:42","slug":"emlak-yasasi-geliyor-yasa-disi-olanlar-gidiyor","status":"publish","type":"post","link":"https:\/\/emlaktuel.com\/?p=2221","title":{"rendered":"Emlak yasas\u0131 geliyor, yasa d\u0131\u015f\u0131 olanlar gidiyor!"},"content":{"rendered":"<p>Emlak yasas\u0131 Son d\u00f6nemde emlak sekt\u00f6r\u00fcn\u00fcn g\u00fcndeminde yeni \u00e7\u0131kacak olan &#8216;Emlak Yasas\u0131&#8217; bulunuyor.<br \/>\nHalihaz\u0131rda komisyonun g\u00fcndeminde bulunan ve Ocak 2015&#8217;ten bu yana g\u00f6r\u00fc\u015f\u00fclen yasa &#8216;Lisansl\u0131 Emlak M\u00fc\u015favirli\u011fi, Emlak M\u00fc\u015favirli\u011fi \u015eirketleri ve Emlak Komisyonculu\u011fu Hakk\u0131nda Kanun Teklifi&#8217; \u015feklinde ge\u00e7iyor.<\/p>\n<p>emlak yasas\u0131Kanun teklifinde baz\u0131 apartman g\u00f6revlileri, muhtarlar ve farkl\u0131 meslek gruplar\u0131ndaki ki\u015filerin yetkileri olmamalar\u0131na ra\u011fmen emlak\u00e7\u0131l\u0131k hizmeti verdi\u011fi vurgulan\u0131yor, buna g\u00f6re emlak\u00e7\u0131l\u0131k mesle\u011finin de lisans sahibi ki\u015filerin yapabilmesi planlan\u0131yor.<\/p>\n<p>Gayrimenkul sekt\u00f6r\u00fcn\u00fcn en \u00e7ok kazand\u0131ran i\u015f alanlar\u0131ndan biri oldu\u011fu hepimizin malumu. \u00d6zellikle hemen hemen her emlak\u00e7\u0131n\u0131n herhangi bir ev komisyonu i\u00e7in talep ettikleri miktar\u0131n, y\u0131ll\u0131k kira bedelinin y\u00fczde 12&#8217;si oldu\u011funu d\u00fc\u015f\u00fcn\u00fcrsek, her ay 2-3 ev kendisinden kiralanan bir emlak\u00e7\u0131n\u0131n ne kadar fazla kar etti\u011fini daha fazla anlatmam\u0131za gerek yok diye d\u00fc\u015f\u00fcn\u00fcyorum. Hal b\u00f6yle olunca herkes bir ucundan emlak\u00e7\u0131l\u0131k yapabilmek i\u00e7in elinden geleni ard\u0131na koymuyor.<\/p>\n<p><strong>Kanunu olmayan meslek: Emlak\u00e7\u0131l\u0131k<\/strong><\/p>\n<p>Ayn\u0131 zamanda Avrupa Birli\u011fi&#8217;ne uyum \u00e7al\u0131\u015fmalar\u0131 \u00e7er\u00e7evesinde de yer alan bu kanun teklifinde ki\u015filerin emlak\u00e7\u0131 tabelalar\u0131n\u0131 asmalar\u0131na ra\u011fmen kay\u0131t d\u0131\u015f\u0131 \u00e7al\u0131\u015fmalar y\u00fcr\u00fctt\u00fc\u011f\u00fc belirtilirken, emlak\u00e7\u0131l\u0131k &#8216;kanunu olmayan&#8217; bir meslek \u015feklinde tan\u0131mlan\u0131yor.<\/p>\n<p>Peki durum b\u00f6yleyken Lisansl\u0131 Emlak M\u00fc\u015favirli\u011fi, Emlak M\u00fc\u015favirli\u011fi \u015eirketleri ve Emlak Komisyonculu\u011fu hakk\u0131ndaki bu kanun teklifi sekt\u00f6rde ne gibi yenilikler olu\u015fturacak?<\/p>\n<p>&#8211; Emlak\u00e7\u0131l\u0131k mesle\u011fi ve emlak sekt\u00f6r\u00fc yasal bir d\u00fczenleme ile g\u00fcvence alt\u0131na al\u0131nacak.<br \/>\n&#8211; Emlak\u00e7\u0131l\u0131k sekt\u00f6r\u00fcndeki sorunlar\u0131n \u00e7\u00f6z\u00fclmesi ad\u0131na \u00f6nemli bir ad\u0131m at\u0131lm\u0131\u015f olacak.<br \/>\n&#8211; Lisansl\u0131 emlak m\u00fc\u015favirleri, lisansl\u0131 emlak m\u00fc\u015favirli\u011fi \u015firketleri ile lisansl\u0131 emlak komisyoncular\u0131n\u0131n faaliyet, denetim ve sorumluluklar\u0131 belirlenecek.<br \/>\n&#8211; Emlak m\u00fc\u015faviri veya emlak komisyonculu\u011fu i\u00e7in \u00fcniversite mezunu olmak \u015fart\u0131 gelecek.<br \/>\n&#8211; Emlak\u00e7\u0131lar\u0131n teorik ve uygulama alan\u0131nda 12 ay &#8216;stajyer&#8217; gibi hizmet vermeleri gerekecek.<br \/>\n&#8211; Yasa d\u0131\u015f\u0131 faaliyet g\u00f6steren veya 2. meslek gibi emlak\u00e7\u0131l\u0131k yapanlar engellenecek.<br \/>\nEmlak m\u00fc\u015favirli\u011fi lisans\u0131 alabilmek i\u00e7in;<\/p>\n<p>*4 y\u0131ll\u0131k lisans e\u011fitimi veren ve bu alan ile ilgisi bulunan fak\u00fclteler veya \u00f6n lisans e\u011fitimi veren okullar\u0131n Emlak ve Emlak Y\u00f6netimi program\u0131ndan mezun olmak,<\/p>\n<p>*lisans program\u0131n\u0131 kazanarak lisans sahibi olmak,<\/p>\n<p>*6 ayl\u0131k uygulama, 6 ayl\u0131k teorik e\u011fitim olmak \u00fczere toplam 12 ayl\u0131k bir e\u011fitim tamamlam\u0131\u015f olmak,<\/p>\n<p>*Tapu ve Kadastro Genel M\u00fcd\u00fcrl\u00fc\u011f\u00fc&#8217;nde genel m\u00fcd\u00fcr yard\u0131mc\u0131s\u0131, daire ba\u015fkan\u0131, b\u00f6lge m\u00fcd\u00fcr\u00fc, b\u00f6lge m\u00fcd\u00fcr yard\u0131mc\u0131s\u0131, tapu \u015fube m\u00fcd\u00fcr\u00fc, tapu sicil m\u00fcd\u00fcr\u00fc ve tapu sicil m\u00fcd\u00fcr yard\u0131mc\u0131lar\u0131, kadastro m\u00fcd\u00fcrleri, tapu ve kadastro genel m\u00fcd\u00fcrl\u00fc\u011f\u00fc m\u00fcfetti\u015fi, maliye m\u00fcfetti\u015fi, defterdar, defterdar yard\u0131mc\u0131s\u0131 veya mal m\u00fcd\u00fcr\u00fc g\u00f6revlerinde en az 5 y\u0131l \u00e7al\u0131\u015fm\u0131\u015f olmak veya esnaf odas\u0131 ile ticaret odalar\u0131n\u0131n ilgili meslek komitesine kay\u0131tl\u0131 olmak gerekiyor.<br \/>\nEmlak komisyonculu\u011fu lisans\u0131 alabilmek i\u00e7in;<\/p>\n<p>*Lise ve dengi okul veya de\u011ferleme, harita, emlak, maliye, iktisat, i\u015fletme, yap\u0131 ve in\u015faat alanlar\u0131nda e\u011fitim veren en az iki y\u0131ll\u0131k y\u00fcksek okullar ile Tapu ve Kadastro Meslek Y\u00fcksek Okulu ile, Meslek Y\u00fcksek Okullar\u0131n\u0131n \u201cEmlak ve Emlak Y\u00f6netimi\u201d program\u0131ndan mezun olmak yahut Y\u00fcksek \u00d6\u011fretim Kurulunca bunlara denkli\u011fi kabul edilen yurti\u00e7i ve yurtd\u0131\u015f\u0131 y\u00fcksek \u00f6\u011fretim kurumlar\u0131ndan veya lisans e\u011fitimi veren y\u00fcksek okullardan mezun olmak,<\/p>\n<p>*Lisans s\u0131nav\u0131n\u0131 kazanarak lisans alm\u0131\u015f olmak,<\/p>\n<p>*\u0130\u00e7eri\u011fi ve s\u00fcresi y\u00f6netmelikle belirlenecek, Kurulca verilecek alt\u0131 ayl\u0131k teorik e\u011fitimi ve meslek odalar\u0131nca belirlenecek lisansl\u0131 emlak m\u00fc\u015faviri veya lisansl\u0131 emlak komisyoncusu yan\u0131nda alt\u0131 ayl\u0131k uygulama e\u011fitimi olmak \u00fczere toplam on iki ayl\u0131k e\u011fitimini tamamlam\u0131\u015f olmak gerekiyor.<\/p>\n","protected":false},"excerpt":{"rendered":"<p>Emlak yasas\u0131 Son d\u00f6nemde emlak sekt\u00f6r\u00fcn\u00fcn g\u00fcndeminde yeni \u00e7\u0131kacak olan &#8216;Emlak Yasas\u0131&#8217; bulunuyor. Halihaz\u0131rda komisyonun g\u00fcndeminde bulunan ve Ocak 2015&#8217;ten bu yana g\u00f6r\u00fc\u015f\u00fclen yasa &#8216;Lisansl\u0131 Emlak M\u00fc\u015favirli\u011fi, Emlak M\u00fc\u015favirli\u011fi \u015eirketleri ve Emlak Komisyonculu\u011fu Hakk\u0131nda Kanun Teklifi&#8217; \u015feklinde ge\u00e7iyor. emlak yasas\u0131Kanun teklifinde baz\u0131 apartman g\u00f6revlileri, muhtarlar ve farkl\u0131 meslek gruplar\u0131ndaki ki\u015filerin yetkileri olmamalar\u0131na ra\u011fmen emlak\u00e7\u0131l\u0131k hizmeti [&hellip;]<\/p>\n","protected":false},"author":1,"featured_media":2222,"comment_status":"open","ping_status":"open","sticky":false,"template":"","format":"standard","meta":{"ngg_post_thumbnail":0},"categories":[27],"tags":[11233,11360,3597,62,584,1246,1245,1005,1244,1243,67],"_links":{"self":[{"href":"https:\/\/emlaktuel.com\/index.php?rest_route=\/wp\/v2\/posts\/2221"}],"collection":[{"href":"https:\/\/emlaktuel.com\/index.php?rest_route=\/wp\/v2\/posts"}],"about":[{"href":"https:\/\/emlaktuel.com\/index.php?rest_route=\/wp\/v2\/types\/post"}],"author":[{"embeddable":true,"href":"https:\/\/emlaktuel.com\/index.php?rest_route=\/wp\/v2\/users\/1"}],"replies":[{"embeddable":true,"href":"https:\/\/emlaktuel.com\/index.php?rest_route=%2Fwp%2Fv2%2Fcomments&post=2221"}],"version-history":[{"count":2,"href":"https:\/\/emlaktuel.com\/index.php?rest_route=\/wp\/v2\/posts\/2221\/revisions"}],"predecessor-version":[{"id":2224,"href":"https:\/\/emlaktuel.com\/index.php?rest_route=\/wp\/v2\/posts\/2221\/revisions\/2224"}],"wp:featuredmedia":[{"embeddable":true,"href":"https:\/\/emlaktuel.com\/index.php?rest_route=\/wp\/v2\/media\/2222"}],"wp:attachment":[{"href":"https:\/\/emlaktuel.com\/index.php?rest_route=%2Fwp%2Fv2%2Fmedia&parent=2221"}],"wp:term":[{"taxonomy":"category","embeddable":true,"href":"https:\/\/emlaktuel.com\/index.php?rest_route=%2Fwp%2Fv2%2Fcategories&post=2221"},{"taxonomy":"post_tag","embeddable":true,"href":"https:\/\/emlaktuel.com\/index.php?rest_route=%2Fwp%2Fv2%2Ftags&post=2221"}],"curies":[{"name":"wp","href":"https:\/\/api.w.org\/{rel}","templated":true}]}}