{"id":2194,"date":"2016-06-27T23:08:07","date_gmt":"2016-06-27T20:08:07","guid":{"rendered":"http:\/\/emlaktuel.com\/?p=2194"},"modified":"2018-07-05T14:09:23","modified_gmt":"2018-07-05T11:09:23","slug":"minikler-yaz-tatiline-akbatida-hazirlanacak","status":"publish","type":"post","link":"https:\/\/emlaktuel.com\/?p=2194","title":{"rendered":"Minikler yaz tatiline Akbat\u0131\u2019da haz\u0131rlanacak"},"content":{"rendered":"<h1 class=\"name post-title entry-title\"><\/h1>\n<div class=\"entry\">\n<p><strong>Akbat\u0131 AVYM, Temmuz ay\u0131 i\u00e7in \u00e7ocuk etkinlikleriyle minikleri e\u011flendirirken, el becerilerini geli\u015ftirmeye ve yarat\u0131c\u0131l\u0131\u011fa davet ediyor. Birbirinden keyifli etkinlikler, Temmuz ay\u0131 boyunca her Cumartesi ve Pazar, 14:00-16:00 saatleri aras\u0131nda, Akbat\u0131 AVYM zemin kat havuzun \u00f6n\u00fcnde \u00e7ocuklarla bulu\u015fuyor.<\/strong><\/p>\n<p><strong>\u00a0<\/strong>Akbat\u0131 AVYM, Temmuz ay\u0131 \u00e7ocuk etkinlikleriyle minik ziyaret\u00e7ilerinin geli\u015fimine katk\u0131 sa\u011flarken, e\u011flendirmeye devam ediyor. Minikler yaz i\u00e7in gerekli t\u00fcm haz\u0131rl\u0131klar\u0131n\u0131 Akbat\u0131 AVYM\u2019nin keyifli etkinliklerinde yap\u0131yor.<\/p>\n<p><img loading=\"lazy\" class=\"alignnone  wp-image-2196\" src=\"http:\/\/emlaktuel.com\/wp-content\/uploads\/2016\/06\/19c7f86ebdc055fa86c9ada444a4461c-300x195.jpg\" alt=\"akbat\u0131\" width=\"548\" height=\"356\" \/><\/p>\n<p>Akbat\u0131\u2019da Temmuz ay\u0131, \u00e7ocuklar i\u00e7in Ramazan Bayram\u0131\u2019na haz\u0131rl\u0131k ile ba\u015fl\u0131yor. 3 Temmuz\u2019da bayraml\u0131k \u015feker kutusu yapacak olan minikler, 9 Temmuz\u2019da deniz topu ve 10 Temmuz\u2019da yapacaklar\u0131 plaj havlusu ile plaj haz\u0131rl\u0131klar\u0131na ba\u015flayacak.<\/p>\n<p>&nbsp;<\/p>\n<p>17 Temmuz\u2019da \u015fapka yapacak olan minik ziyaret\u00e7iler, 23 Temmuz\u2019da \u201cSandalet Yap\u0131yoruz\u201d, 24 Temmuz\u2019da \u201cDeniz Kovas\u0131 Yap\u0131yoruz\u201d ve 30 Temmuz\u2019da \u201cFrizbi Yap\u0131yoruz\u201d etkinli\u011fine kat\u0131lacak. 31 Temmuz\u2019daki rengarenk \u201cTi\u015f\u00f6rt Boyuyoruz\u201d etkinli\u011fi ile Akbat\u0131 AVYM minikleri e\u011flenceye doyuracak.<\/p>\n<p>&nbsp;<\/p>\n<p>&nbsp;<\/p>\n<p><strong><u>Akbat\u0131 AVYM Temmuz ay\u0131 etkinlik program\u0131<\/u><\/strong><\/p>\n<p><strong><u>\u00a0<\/u><\/strong><\/p>\n<p>03 Temmuz \/ 14:00-16:00\u00a0\u00a0 \u2013 Bayraml\u0131k \u015eeker Kutusu Yap\u0131yoruz<\/p>\n<p>09 Temmuz \/ 14:00-16:00\u00a0\u00a0 \u2013 Deniz Topu Yap\u0131yoruz<\/p>\n<p>10 Temmuz \/ 14:00-16:00\u00a0\u00a0 \u2013 Plaj Havlusu Yap\u0131yoruz<\/p>\n<p>17 Temmuz \/ 14:00-16:00\u00a0\u00a0 \u2013 \u015eapka Yap\u0131yoruz<\/p>\n<p>23 Temmuz \/ 14:00-16:00\u00a0\u00a0 \u2013 Sandalet Yap\u0131yoruz<\/p>\n<p>24 Temmuz \/ 14:00-16:00\u00a0\u00a0 \u2013 Deniz Kovas\u0131 Yap\u0131yoruz<\/p>\n<p>30 Temmuz \/ 14:00-16:00\u00a0\u00a0 \u2013 Frizbi Yap\u0131yoruz<\/p>\n<p>31 Temmuz \/ 14:00-16:00\u00a0\u00a0 \u2013 Ti\u015f\u00f6rt Boyuyoruz<\/p>\n<\/div>\n","protected":false},"excerpt":{"rendered":"<p>Akbat\u0131 AVYM, Temmuz ay\u0131 i\u00e7in \u00e7ocuk etkinlikleriyle minikleri e\u011flendirirken, el becerilerini geli\u015ftirmeye ve yarat\u0131c\u0131l\u0131\u011fa davet ediyor. Birbirinden keyifli etkinlikler, Temmuz ay\u0131 boyunca her Cumartesi ve Pazar, 14:00-16:00 saatleri aras\u0131nda, Akbat\u0131 AVYM zemin kat havuzun \u00f6n\u00fcnde \u00e7ocuklarla bulu\u015fuyor. \u00a0Akbat\u0131 AVYM, Temmuz ay\u0131 \u00e7ocuk etkinlikleriyle minik ziyaret\u00e7ilerinin geli\u015fimine katk\u0131 sa\u011flarken, e\u011flendirmeye devam ediyor. Minikler yaz i\u00e7in gerekli [&hellip;]<\/p>\n","protected":false},"author":1,"featured_media":2195,"comment_status":"open","ping_status":"open","sticky":false,"template":"","format":"standard","meta":{"ngg_post_thumbnail":0},"categories":[1,26],"tags":[10627,339,1219,1221,1220,1218,191,11296,352,11022,11213],"_links":{"self":[{"href":"https:\/\/emlaktuel.com\/index.php?rest_route=\/wp\/v2\/posts\/2194"}],"collection":[{"href":"https:\/\/emlaktuel.com\/index.php?rest_route=\/wp\/v2\/posts"}],"about":[{"href":"https:\/\/emlaktuel.com\/index.php?rest_route=\/wp\/v2\/types\/post"}],"author":[{"embeddable":true,"href":"https:\/\/emlaktuel.com\/index.php?rest_route=\/wp\/v2\/users\/1"}],"replies":[{"embeddable":true,"href":"https:\/\/emlaktuel.com\/index.php?rest_route=%2Fwp%2Fv2%2Fcomments&post=2194"}],"version-history":[{"count":1,"href":"https:\/\/emlaktuel.com\/index.php?rest_route=\/wp\/v2\/posts\/2194\/revisions"}],"predecessor-version":[{"id":2197,"href":"https:\/\/emlaktuel.com\/index.php?rest_route=\/wp\/v2\/posts\/2194\/revisions\/2197"}],"wp:featuredmedia":[{"embeddable":true,"href":"https:\/\/emlaktuel.com\/index.php?rest_route=\/wp\/v2\/media\/2195"}],"wp:attachment":[{"href":"https:\/\/emlaktuel.com\/index.php?rest_route=%2Fwp%2Fv2%2Fmedia&parent=2194"}],"wp:term":[{"taxonomy":"category","embeddable":true,"href":"https:\/\/emlaktuel.com\/index.php?rest_route=%2Fwp%2Fv2%2Fcategories&post=2194"},{"taxonomy":"post_tag","embeddable":true,"href":"https:\/\/emlaktuel.com\/index.php?rest_route=%2Fwp%2Fv2%2Ftags&post=2194"}],"curies":[{"name":"wp","href":"https:\/\/api.w.org\/{rel}","templated":true}]}}