{"id":2138,"date":"2016-06-26T14:26:43","date_gmt":"2016-06-26T11:26:43","guid":{"rendered":"http:\/\/emlaktuel.com\/?p=2138"},"modified":"2018-07-05T14:08:42","modified_gmt":"2018-07-05T11:08:42","slug":"izmirde-mayis-ayinda-6-bin-konut-satildi","status":"publish","type":"post","link":"https:\/\/emlaktuel.com\/?p=2138","title":{"rendered":"\u0130zmir&#8217;de may\u0131s ay\u0131nda 6 bin 697 konut sat\u0131ld\u0131!"},"content":{"rendered":"<div class=\"detay-haberci\">\n<div class=\"navigasyon\"><\/div>\n<div class=\"detay-reklam\">\n<div>T\u00fcrkiye \u0130statistik Kurumu (T\u00dc\u0130K), May\u0131s ay\u0131na ili\u015fkin konut\u00a0sat\u0131\u015f\u00a0istatistiklerini yay\u0131nlad\u0131. Buna g\u00f6re konut sat\u0131\u015flar\u0131 May\u0131s&#8217;ta ge\u00e7en y\u0131l\u0131n ayn\u0131 ay\u0131na g\u00f6re y\u00fczde 6.4 artarak 114 bin 800 oldu.<\/div>\n<\/div>\n<\/div>\n<div><\/div>\n<div>T\u00dc\u0130K verilerine g\u00f6re \u0130zmir, 6 bin 697 daire sat\u0131\u015f\u0131 ile 3. s\u0131radaki yerini korudu.<\/div>\n<div class=\"subpage-center2\">\n<div class=\"line\">\n<div class=\"b725\">\n<div class=\"full-description\">\n<p>T\u00fcrkiye&#8217;de en \u00e7ok konut satan il s\u0131ralamas\u0131nda\u0130zmir, 6 bin 697 konut sat\u0131\u015f\u0131 (y\u00fczde 5.8) ile 3. s\u0131rada bulunuyor. \u0130lk \u015fuay\u0131 21 bin 638 konut sat\u0131\u015f\u0131 ile \u0130stanbul, ikinci s\u0131ray\u0131 ise 11 bin 408 konut sat\u0131\u015f\u0131 ile Ankara ald\u0131.<\/p>\n<p><strong>L\u0130STEDE AYDIN \u0130L\u0130 DE VAR<\/strong><\/p>\n<p>\u0130kinci el konut sat\u0131\u015flar\u0131 ge\u00e7en y\u0131l\u0131n ayn\u0131 ay\u0131na g\u00f6re y\u00fczde 0.2 azal\u0131\u015fla 58 bin 757 oldu. \u0130kinci el konut sat\u0131\u015flar\u0131nda. da \u0130stanbul 10 bin 417 konut sat\u0131\u015fla ilk s\u0131ray\u0131 ald\u0131. Ankara 7 bin 65 konut sat\u0131\u015f\u0131yla ikinci, \u0130zmir ise 4 bin 112 konut sat\u0131\u015f\u0131yla \u00fc\u00e7\u00fcnc\u00fc s\u0131raya yerle\u015fti.<\/p>\n<p><strong>AYDIN 10&#8217;UNCU SIRADA<\/strong><\/p>\n<p>Ayd\u0131n\u00a010&#8217;uncu s\u0131rada T\u00dc\u0130K taraf\u0131ndan a\u00e7\u0131klanan May\u0131s ay\u0131 konut sat\u0131\u015f istatistiklerine g\u00f6re Ayd\u0131n&#8217;da 2 bin 541 konut sat\u0131\u015f sonucu el de\u011fi\u015ftirdi.<\/p>\n<p>T\u00dc\u0130K Denizli B\u00f6lge M\u00fcd\u00fcr\u00fc Ali \u0130hsan Y\u00fcceda\u011f,\u00a0&#8220;2016 y\u0131l\u0131 May\u0131s ay\u0131nda Ayd\u0131n ilinde bin 30 ilk sat\u0131\u015f, bin 511 ikinci el sat\u0131\u015f olmak \u00fczere 2 bin 541 konut sat\u0131\u015f sonucu el de\u011fi\u015ftirdi.&#8221;\u00a0Y\u00fcceda\u011f ayr\u0131ca\u00a0Ayd\u0131n&#8217;\u0131n T\u00fcrkiye genelinde y\u00fczde 2.2&#8217;lik payla 10. s\u0131rada yer ald\u0131\u011f\u0131n\u0131 da belirtti.<\/p>\n<\/div>\n<\/div>\n<\/div>\n<\/div>\n","protected":false},"excerpt":{"rendered":"<p>T\u00fcrkiye \u0130statistik Kurumu (T\u00dc\u0130K), May\u0131s ay\u0131na ili\u015fkin konut\u00a0sat\u0131\u015f\u00a0istatistiklerini yay\u0131nlad\u0131. Buna g\u00f6re konut sat\u0131\u015flar\u0131 May\u0131s&#8217;ta ge\u00e7en y\u0131l\u0131n ayn\u0131 ay\u0131na g\u00f6re y\u00fczde 6.4 artarak 114 bin 800 oldu. T\u00dc\u0130K verilerine g\u00f6re \u0130zmir, 6 bin 697 daire sat\u0131\u015f\u0131 ile 3. s\u0131radaki yerini korudu. T\u00fcrkiye&#8217;de en \u00e7ok konut satan il s\u0131ralamas\u0131nda\u0130zmir, 6 bin 697 konut sat\u0131\u015f\u0131 (y\u00fczde 5.8) ile [&hellip;]<\/p>\n","protected":false},"author":1,"featured_media":2139,"comment_status":"open","ping_status":"open","sticky":false,"template":"","format":"standard","meta":{"ngg_post_thumbnail":0},"categories":[221,1,26,27],"tags":[11350,11351,11105,91,1165,1164,1160,1161,1163,1162,1159,80,11335,1070,612,11108],"_links":{"self":[{"href":"https:\/\/emlaktuel.com\/index.php?rest_route=\/wp\/v2\/posts\/2138"}],"collection":[{"href":"https:\/\/emlaktuel.com\/index.php?rest_route=\/wp\/v2\/posts"}],"about":[{"href":"https:\/\/emlaktuel.com\/index.php?rest_route=\/wp\/v2\/types\/post"}],"author":[{"embeddable":true,"href":"https:\/\/emlaktuel.com\/index.php?rest_route=\/wp\/v2\/users\/1"}],"replies":[{"embeddable":true,"href":"https:\/\/emlaktuel.com\/index.php?rest_route=%2Fwp%2Fv2%2Fcomments&post=2138"}],"version-history":[{"count":2,"href":"https:\/\/emlaktuel.com\/index.php?rest_route=\/wp\/v2\/posts\/2138\/revisions"}],"predecessor-version":[{"id":2141,"href":"https:\/\/emlaktuel.com\/index.php?rest_route=\/wp\/v2\/posts\/2138\/revisions\/2141"}],"wp:featuredmedia":[{"embeddable":true,"href":"https:\/\/emlaktuel.com\/index.php?rest_route=\/wp\/v2\/media\/2139"}],"wp:attachment":[{"href":"https:\/\/emlaktuel.com\/index.php?rest_route=%2Fwp%2Fv2%2Fmedia&parent=2138"}],"wp:term":[{"taxonomy":"category","embeddable":true,"href":"https:\/\/emlaktuel.com\/index.php?rest_route=%2Fwp%2Fv2%2Fcategories&post=2138"},{"taxonomy":"post_tag","embeddable":true,"href":"https:\/\/emlaktuel.com\/index.php?rest_route=%2Fwp%2Fv2%2Ftags&post=2138"}],"curies":[{"name":"wp","href":"https:\/\/api.w.org\/{rel}","templated":true}]}}