{"id":21228,"date":"2018-04-11T11:41:05","date_gmt":"2018-04-11T08:41:05","guid":{"rendered":"http:\/\/emlaktuel.com\/?p=21228"},"modified":"2018-07-05T17:57:14","modified_gmt":"2018-07-05T14:57:14","slug":"incek-loftta-110-cocuk-pony-atlarla-bahara-merhaba-dedi","status":"publish","type":"post","link":"https:\/\/emlaktuel.com\/?p=21228","title":{"rendered":"\u0130ncek Loft\u2019ta 110 \u00e7ocuk Pony atlarla \u2018Bahara Merhaba\u2019 dedi"},"content":{"rendered":"<p><img loading=\"lazy\" class=\"size-full wp-image-21229\" src=\"http:\/\/emlaktuel.com\/wp-content\/uploads\/2018\/04\/1523347804_Bahara_Merhaba2.jpeg\" alt=\"incek loft bahara merhaba\" width=\"1417\" height=\"1063\" \/><\/p>\n<p><strong>Akfen \u0130n\u015faat&#8217;\u0131n Ankara\u2019da hayata sundu\u011fu ve ya\u015fam\u0131n ba\u015flad\u0131\u011f\u0131 \u0130ncek Loft konut projesinde \u00e7ocuklar nisan ay\u0131 gelmesiyle havalar\u0131n \u0131s\u0131nmas\u0131yla birlikte kendini iyice hissettiren ilkbahar\u0131 d\u00fczenlenen \u00f6zel bir etkinlikle kutlad\u0131.<\/strong><\/p>\n<p><strong>\u0130ncek Loft site y\u00f6netimi taraf\u0131ndan organize edilen \u2018Bahara Merhaba\u2019 etkinli\u011finde sitede ya\u015fayan 110 \u00e7ocuk animat\u00f6rlerin sundu\u011fu e\u011flencelerle g\u00f6n\u00fcllerince bir g\u00fcn ge\u00e7irip g\u00fczel havan\u0131n tad\u0131n\u0131 \u00e7\u0131kart\u0131rlarken, Pony atlara da binme f\u0131rsat\u0131n\u0131 da yakalad\u0131lar.<\/strong><\/p>\n<p>Akfen \u0130n\u015faat taraf\u0131ndan Ankara\u2019da hayata ge\u00e7irilen ve ya\u015fam\u0131n ba\u015flad\u0131\u011f\u0131 \u0130ncek Loft projesinde \u00e7ocuklar bahar\u0131 Pony Club\u2019da kar\u015f\u0131lad\u0131lar.<\/p>\n<p>\u0130ncek Loft site y\u00f6netimi taraf\u0131ndan organize edilen\u00a0<strong>\u2018Bahara Merhaba\u2019<\/strong>\u00a0etkinli\u011finde projede ya\u015fayan \u00e7ocuklar g\u00f6n\u00fcllerince bir g\u00fcn ge\u00e7irip g\u00fczel havan\u0131n da tad\u0131n\u0131 \u00e7\u0131kartt\u0131lar.<\/p>\n<p><strong>Etkinlik kapsam\u0131nda 110 \u00e7ocuk \u00fccretsiz<\/strong>\u00a0<strong>olarak<\/strong>\u00a0Pony\u2019lere binme f\u0131rsat\u0131n\u0131 yakalad\u0131. \u00d6te yandan\u00a0<strong>\u0130ncek Loft Parti Evi \u201cHappy Loft Club\u201dun<\/strong>\u00a0animat\u00f6rleri de g\u00fcn boyu \u00e7ocuklar\u0131 e\u011flendirdi. Balon \u015fovlar\u0131n yan\u0131 s\u0131ra \u00e7ocuklara pamuk \u015feker ve patlam\u0131\u015f m\u0131s\u0131r ikram\u0131 da yap\u0131ld\u0131.<\/p>\n<h3><strong>&#8216;Etkinliklere Ramazan ay\u0131ndada devam edilecek&#8217;<\/strong><\/h3>\n<p><strong>\u0130ncek Loft Site Y\u00f6netimi M\u00fcd\u00fcr\u00fc G\u00f6khan Deniz,<\/strong>\u00a0\u0130ncek Loft\u2019ta bahar\u0131n geli\u015fini kutlamak i\u00e7in site sakinlerine \u00f6zel \u201cBahara Merhaba\u201d organizasyonu ger\u00e7ekle\u015ftirdiklerini ifade etti. Sitede ya\u015fayan \u00e7ocuklar\u0131n g\u00fcn boyunca Pony Club\u2019ta Pony\u2019lere bindiklerini anlatan Deniz,\u00a0<strong>\u201cParti evimizin animat\u00f6rleri ile g\u00fcn boyu \u00e7ocuklar\u0131m\u0131z \u00e7ok keyifli bir g\u00fcn ge\u00e7irdiler. Bahar ay\u0131 ile birlikte ba\u015flayan etkinliklerimiz Ramazan d\u00f6nemi ve yaz aylar\u0131nda da devam edecek\u201d<\/strong>\u00a0diye konu\u015ftu.<\/p>\n<h3><strong>&#8216;\u00c7ocuklara hayvan sevgisi \u00f6\u011fretiliyor&#8217;<\/strong><\/h3>\n<p><strong>\u0130ncek Loft\u2019daki Pony Club\u2019un<\/strong>\u00a0i\u015fletmecili\u011fini yapan uluslararas\u0131 binicilik antren\u00f6r\u00fc\u00a0<strong>Ersoy \u0130s\u00e7io\u011flu<\/strong>, \u00e7ocuklara temel d\u00fczeyde binicilik e\u011fitimi verdiklerini ve ayn\u0131 zamanda hayvan sevgisini a\u015f\u0131lad\u0131klar\u0131n\u0131 ifade etti. \u0130ncek Loft Pony Club\u2019un sitede oturmayanlara da hizmet sundu\u011funu belirten \u0130s\u00e7io\u011flu,\u00a0<strong>\u201c\u00c7ocuklar\u0131na hayvan sevgisi a\u015f\u0131lamay\u0131 isteyen herkesi keyifli zaman ge\u00e7irmek ve temel binicilik e\u011fitii almak ad\u0131na \u0130ncek Loft\u2019a bekliyoruz\u201d<\/strong>\u00a0ifadelerini kulland\u0131.<\/p>\n","protected":false},"excerpt":{"rendered":"<p>Akfen \u0130n\u015faat&#8217;\u0131n Ankara\u2019da hayata sundu\u011fu ve ya\u015fam\u0131n ba\u015flad\u0131\u011f\u0131 \u0130ncek Loft konut projesinde \u00e7ocuklar nisan ay\u0131 gelmesiyle havalar\u0131n \u0131s\u0131nmas\u0131yla birlikte kendini iyice hissettiren ilkbahar\u0131 d\u00fczenlenen \u00f6zel bir etkinlikle kutlad\u0131. \u0130ncek Loft site y\u00f6netimi taraf\u0131ndan organize edilen \u2018Bahara Merhaba\u2019 etkinli\u011finde sitede ya\u015fayan 110 \u00e7ocuk animat\u00f6rlerin sundu\u011fu e\u011flencelerle g\u00f6n\u00fcllerince bir g\u00fcn ge\u00e7irip g\u00fczel havan\u0131n tad\u0131n\u0131 \u00e7\u0131kart\u0131rlarken, Pony atlara [&hellip;]<\/p>\n","protected":false},"author":1,"featured_media":22441,"comment_status":"open","ping_status":"open","sticky":false,"template":"","format":"standard","meta":{"ngg_post_thumbnail":0},"categories":[5388],"tags":[3745,349,11148,4326,10648,10649,9262,80,10655,11459,106],"_links":{"self":[{"href":"https:\/\/emlaktuel.com\/index.php?rest_route=\/wp\/v2\/posts\/21228"}],"collection":[{"href":"https:\/\/emlaktuel.com\/index.php?rest_route=\/wp\/v2\/posts"}],"about":[{"href":"https:\/\/emlaktuel.com\/index.php?rest_route=\/wp\/v2\/types\/post"}],"author":[{"embeddable":true,"href":"https:\/\/emlaktuel.com\/index.php?rest_route=\/wp\/v2\/users\/1"}],"replies":[{"embeddable":true,"href":"https:\/\/emlaktuel.com\/index.php?rest_route=%2Fwp%2Fv2%2Fcomments&post=21228"}],"version-history":[{"count":2,"href":"https:\/\/emlaktuel.com\/index.php?rest_route=\/wp\/v2\/posts\/21228\/revisions"}],"predecessor-version":[{"id":21349,"href":"https:\/\/emlaktuel.com\/index.php?rest_route=\/wp\/v2\/posts\/21228\/revisions\/21349"}],"wp:featuredmedia":[{"embeddable":true,"href":"https:\/\/emlaktuel.com\/index.php?rest_route=\/wp\/v2\/media\/22441"}],"wp:attachment":[{"href":"https:\/\/emlaktuel.com\/index.php?rest_route=%2Fwp%2Fv2%2Fmedia&parent=21228"}],"wp:term":[{"taxonomy":"category","embeddable":true,"href":"https:\/\/emlaktuel.com\/index.php?rest_route=%2Fwp%2Fv2%2Fcategories&post=21228"},{"taxonomy":"post_tag","embeddable":true,"href":"https:\/\/emlaktuel.com\/index.php?rest_route=%2Fwp%2Fv2%2Ftags&post=21228"}],"curies":[{"name":"wp","href":"https:\/\/api.w.org\/{rel}","templated":true}]}}