{"id":21199,"date":"2018-04-10T12:50:22","date_gmt":"2018-04-10T09:50:22","guid":{"rendered":"http:\/\/emlaktuel.com\/?p=21199"},"modified":"2018-07-05T17:56:43","modified_gmt":"2018-07-05T14:56:43","slug":"cengelkoyde-kasr-i-ala-projesi-lansman-satisina-basladi","status":"publish","type":"post","link":"https:\/\/emlaktuel.com\/?p=21199","title":{"rendered":"\u00c7engelk\u00f6y&#8217;de &#8216;Kasr-\u0131 \u00c2l\u00e2&#8217; projesi lansman sat\u0131\u015f\u0131na ba\u015flad\u0131"},"content":{"rendered":"<p><img loading=\"lazy\" class=\"size-full wp-image-21200\" src=\"http:\/\/emlaktuel.com\/wp-content\/uploads\/2018\/04\/OHG_1702_AVAN_RV4_V12night.effectsResult_Post.jpg\" alt=\"kasr-\u0131 ala\" width=\"3500\" height=\"2625\" \/><\/p>\n<p><strong><em><u>T\u00fcrkiye pazar\u0131nda i\u00e7inde b\u00fcy\u00fcme isteyen Omran Holding\u00a0<\/u><\/em><\/strong><em><u><strong>\u0130stanbul&#8217;daki ilk konut projesini in\u015fa ediyor<\/strong> <\/u><\/em><\/p>\n<p><strong><em>Omran Holding, T\u00fcrkiye&#8217;de ilk b\u00fcy\u00fck konut projesini \u0130stanbul&#8217;da en g\u00f6zde semtlerden birinde \u00c7engelk\u00f6y&#8217;de &#8216;Kasr-\u00c2l\u00e2&#8217; projesiyle hayata ge\u00e7iriyor.\u00a0&#8216;Kasr-\u00c2l\u00e2&#8217; aile ya\u015fam\u0131na uygun olarak tasarland\u0131. L\u00fcks ya\u015fam projesi olan &#8216;Kasr-\u0131 \u00c2l\u00e2&#8217;n\u0131n, 2019 y\u0131l\u0131 a\u011fustos ay\u0131nda teslim edilmesi d\u00fc\u015f\u00fcn\u00fcl\u00fcyor.<\/em><\/strong><\/p>\n<p>Hem ortakl\u0131k hem de proje geli\u015ftirme olarak Bekata\u015f Yap\u0131 A.\u015e. ile birlikte taraf\u0131ndan yap\u0131lan ve Omran Holding \u00e7at\u0131s\u0131 alt\u0131nda faaliyet g\u00f6steren Omran \u0130n\u015faat taraf\u0131ndan in\u015fa edilecek l\u00fcks konut projesi &#8216;Kasr-\u0131 \u00c2l\u00e2&#8217;, \u00c7engelk\u00f6y&#8217;\u00fcn merkezinde 6 bin metrekare arsa \u00fczerinde hayata ge\u00e7iyor. Proje, 2019 y\u0131l\u0131 a\u011fustos ay\u0131nda bitirilerek teslim edilecek.<\/p>\n<p>T\u00fcrkiye ekonomisine tam g\u00fcvenerek T\u00fcrkiye&#8217;de yat\u0131r\u0131m karar\u0131 alan <strong>Omran \u0130n\u015faat A.\u015e. Y\u00f6netim Kurulu Ba\u015fkan Yard\u0131mc\u0131s\u0131 Ahmad Salehi<\/strong>, <strong>Kasr-\u0131 \u00c2l\u00e2&#8217;<\/strong>n\u0131n tan\u0131t\u0131m\u0131 nedeniye d\u00fczenlenen bas\u0131n toplant\u0131s\u0131nda yapt\u0131\u011f\u0131 konu\u015fmada holdingle ilgili bilgiler verdi. Salehi <strong>&#8220;Farkl\u0131 \u00fclkelerde in\u015faat, enerji gibi pek \u00e7ok alanda faaliyetleri bulunan Omran Holding olarak T\u00fcrkiye pazar\u0131nda da b\u00fcy\u00fcme karar\u0131 ald\u0131k. Omran Holding, m\u00fchendislik ve dan\u0131\u015fmanl\u0131k hizmeti vermek amac\u0131yla 2004 y\u0131l\u0131nda Afganistan&#8217;da kuruldu. Altyap\u0131, \u00fcstyap\u0131, enerji, madencilik projelerindeki ba\u015far\u0131l\u0131 i\u015flere imza atan \u015firket, 2010 y\u0131l\u0131nda b\u00fcnyesindeki di\u011fer \u015firketlerle beraber holdingle\u015ferek hali haz\u0131rda devam eden projelerinin yan\u0131 s\u0131ra pek \u00e7ok \u00fclkede 110\u2019nun \u00fczerinde projeyi tamamlayarak teslim etti. \u015eimdi de T\u00fcrkiye&#8217;de projeler in\u015fa etmek \u00fczere faaliyetlere ba\u015flad\u0131k&#8221;<\/strong> dedi.<strong>\u00a0<\/strong><\/p>\n<h3><strong>&#8216;Kasr-\u0131&#8217; markas\u0131yla 2 yeni proje daha in\u015fa edecek<\/strong><\/h3>\n<p>T\u00fcrkiye&#8217;deki in\u015faat faaliyetlerini y\u00fcr\u00fctmek \u00fczere kurulan Omran \u0130n\u015faat hakk\u0131nda bilgi veren Omran \u0130n\u015faat Genel M\u00fcd\u00fcr\u00fc Ergin Bayram ise \u015funlar\u0131 s\u00f6yledi: &#8220;T\u00fcrkiye&#8217;de b\u00fcy\u00fcme karar\u0131 alan <strong>Omran Holding<\/strong>, in\u015faat faaliyetlerini y\u00fcr\u00fctmek amac\u0131yla Omran \u0130n\u015faat&#8217;\u0131 b\u00fcnyesine katt\u0131.<\/p>\n<p><strong>Omran \u0130n\u015faat;<\/strong> kentsel d\u00f6n\u00fc\u015f\u00fcm, l\u00fcks konut \u00fcretimi \u00fczerine yo\u011funla\u015fmak \u00fczere 2014 y\u0131l\u0131nda T\u00fcrkiye\u2019de faaliyete ba\u015flad\u0131.<\/p>\n<p>Ger\u00e7ekle\u015ftirdi\u011fi y\u00fcksek ihracat ile T\u00fcrk malzemelerinin d\u00fcnyada haketti\u011fi de\u011feri bulmas\u0131na yard\u0131mc\u0131 olmaya devam eden Omran \u0130n\u015faat&#8217;\u0131n T\u00fcrkiye&#8217;de hayata ge\u00e7irdi\u011fi ilk konsept projesi de &#8216;Kasr-\u0131 \u00c2l\u00e2&#8217; ad\u0131yla hayat buluyor. Bundan sonra b\u00f6lgede bu sene ba\u015flayaca\u011f\u0131m\u0131z ba\u015fka projelerimiz de olacak. L\u00fcks ya\u015fam alanlar\u0131 in\u015fa edece\u011fiz ve projelerimizde &#8216;Kasr-\u0131&#8217; markas\u0131yla b\u00fcy\u00fcyece\u011fiz. &#8216;Kasr-\u0131 \u00c2l\u00e2&#8217;, l\u00fcks ve konforlu bir ya\u015fam sunan \u00e7ok \u00f6zellikli bir proje olarak hayata ge\u00e7iyor. Bu proje y\u00fcksek prim potansiyeliyle de yat\u0131r\u0131mc\u0131lar\u0131n dikkatini \u00e7ekiyor. Di\u011fer projelerimizi de ayn\u0131 konseptte l\u00fcks ya\u015fam alanlar\u0131 olarak in\u015fa edece\u011fiz.&#8221;<\/p>\n<h3><strong>Kasr-a \u00c2l\u00e2 200 milyon TL de\u011ferinde bir yat\u0131r\u0131m<\/strong><\/h3>\n<p>Az katl\u0131 butik bir proje olarak in\u015fa edilen &#8216;Kasr-\u0131 \u00c2l\u00e2&#8217; ile ilgili bilgi veren Omran Holding Sat\u0131\u015f ve Pazarlama M\u00fcd\u00fcr\u00fc Salih Ye\u015filyurt, projenin 200 milyon TL yat\u0131r\u0131mla hayata ge\u00e7ti\u011fini s\u00f6yledi. Ye\u015filyurt &#8220;Aile ya\u015fam\u0131na uygun olarak planlanan ve 75 dairenin bulundu\u011fu proje 6 bin metrekare alan \u00fczerinde in\u015fa ediliyor. 5 blokta 2+1, 3+1, 4+1 ve \u00e7at\u0131 ile bah\u00e7e dublekslerden olu\u015fan ve daire b\u00fcy\u00fckl\u00fckleri ise 80 metrekare ile 300 metrekare aras\u0131nda de\u011fi\u015fen projemizi lansmana \u00f6zel y\u00fczde 15 indirimle sat\u0131\u015fa sunuyoruz. Dairelerin metrekare fiyatlar\u0131 12 bin 500 TL&#8217;den, daire fiyatlar\u0131 ise 1 milyon TL&#8217;den ba\u015fl\u0131yor. \u015eirket b\u00fcnyesinde \u00f6deme kolayl\u0131klar\u0131 bulundu\u011fu gibi, ileri d\u00f6nemde banka kredisi kullanma imkan\u0131 da sunuyor olaca\u011f\u0131z&#8221; diye konu\u015ftu.<\/p>\n<figure id=\"attachment_21201\" aria-describedby=\"caption-attachment-21201\" style=\"width: 4500px\" class=\"wp-caption alignleft\"><img loading=\"lazy\" class=\"size-full wp-image-21201\" src=\"http:\/\/emlaktuel.com\/wp-content\/uploads\/2018\/04\/OHG_1702_AVAN_RV4_V7.effectsResult.jpg\" alt=\"kasr-\u0131 ala\" width=\"4500\" height=\"3375\" \/><figcaption id=\"caption-attachment-21201\" class=\"wp-caption-text\">kasr-\u0131 ala<\/figcaption><\/figure>\n<h3>2018&#8217;de toplam 700 milyon TL&#8217;lik yat\u0131r\u0131mla 3 proje hayata ge\u00e7irilecek<\/h3>\n<p>Omran Holding Kasr-\u00c2l\u00e2 projesinden sonra 2018 y\u0131l\u0131 i\u00e7erisinde 2 yeni projeyi daha ya\u015fama sunarak 200 milyonluk Kasr-\u00c2l\u00e2 prosebi le birlikte toplamda 700 milyon TL civar\u0131nda bir yat\u0131r\u0131m yapacak. Di\u011fer projelerin isimleri Kasr-\u0131 Derya ve Kasr-\u0131 Asya olacak ve toplamda 550 daire sat\u0131\u015fa \u00e7\u0131kar\u0131lacak.<\/p>\n<p>\u00c7engelk\u00f6y\u2019\u00fcn dokusunda yer alan e\u011fimli \u00e7at\u0131, geni\u015f sa\u00e7aklar ve cumbalar gibi T\u00fcrk mimarisinin g\u00fcn\u00fcm\u00fcze bir yans\u0131mas\u0131 olarak tasarlanan proje,\u00e7a\u011fda\u015f mimari ile harmanlanarak bir \u2018kasr\u2019 bir &#8216;konak&#8217; olarak sunuluyor. \u00c7e\u015fitli sosyal imkanlar\u0131, spor alanlar\u0131 ve geni\u015f peyzaj\u0131 ile \u00f6rnek bir proje olarak hayat bulan &#8216;Kasr-\u0131 \u00c2l\u00e2&#8217;;kafeler, 2 adet kapal\u0131 y\u00fczme havuzu, sauna-SPA, \u00e7ocuk oyun parklar\u0131,kapal\u0131 \u00e7ocuk oyun alan\u0131, gezi alanlar\u0131, kapal\u0131 otopark,7\/24 g\u00fcvenlik, gibi hizmet ve imkanlar\u0131 b\u00fcnyesinde bar\u0131nd\u0131r\u0131yor. Bo\u011faz manzaras\u0131na sahip projenin y\u00fczde 85&#8217;i ye\u015fil alana ayr\u0131ld\u0131 ve site i\u00e7erisine ara\u00e7 giri\u015fi olmayacak \u015fekilde planland\u0131. Lokasyon ve ula\u015f\u0131m olanaklar\u0131yla da dikkat \u00e7eken &#8216;Kasr-\u0131 \u00c2l\u00e2&#8217;, sahile 1 km, 15 Temmuz \u015eehitler K\u00f6pr\u00fcs\u00fc&#8217;ne2,5 km, FSM K\u00f6pr\u00fcs\u00fc&#8217;ne 8 km, Marmaray&#8217;a 5\u00a0km, Sabiha G\u00f6k\u00e7en Havaliman\u0131&#8217;na 32 km, Atat\u00fcrk Havaliman\u0131&#8217;na 27,5 km ve Bo\u011fazi\u00e7i Kandilli Rasathanesi&#8217;ne 1,5 km mesafede bulunuyor.<strong><em><u>\u00a0<\/u><\/em><\/strong><\/p>\n<p><a href=\"http:\/\/www.omran.com.tr\">www.omran.com.tr<\/a><\/p>\n<p>www.kasriala.com<\/p>\n<p>444 6 450<\/p>\n","protected":false},"excerpt":{"rendered":"<p>T\u00fcrkiye pazar\u0131nda i\u00e7inde b\u00fcy\u00fcme isteyen Omran Holding\u00a0\u0130stanbul&#8217;daki ilk konut projesini in\u015fa ediyor Omran Holding, T\u00fcrkiye&#8217;de ilk b\u00fcy\u00fck konut projesini \u0130stanbul&#8217;da en g\u00f6zde semtlerden birinde \u00c7engelk\u00f6y&#8217;de &#8216;Kasr-\u00c2l\u00e2&#8217; projesiyle hayata ge\u00e7iriyor.\u00a0&#8216;Kasr-\u00c2l\u00e2&#8217; aile ya\u015fam\u0131na uygun olarak tasarland\u0131. L\u00fcks ya\u015fam projesi olan &#8216;Kasr-\u0131 \u00c2l\u00e2&#8217;n\u0131n, 2019 y\u0131l\u0131 a\u011fustos ay\u0131nda teslim edilmesi d\u00fc\u015f\u00fcn\u00fcl\u00fcyor. Hem ortakl\u0131k hem de proje geli\u015ftirme olarak Bekata\u015f [&hellip;]<\/p>\n","protected":false},"author":1,"featured_media":0,"comment_status":"open","ping_status":"open","sticky":false,"template":"","format":"standard","meta":{"ngg_post_thumbnail":0},"categories":[5388],"tags":[2390,11410,11104,10542,10545,10544,10543,10623,10625,10624,88,10655,256,11151,11246,106,11098],"_links":{"self":[{"href":"https:\/\/emlaktuel.com\/index.php?rest_route=\/wp\/v2\/posts\/21199"}],"collection":[{"href":"https:\/\/emlaktuel.com\/index.php?rest_route=\/wp\/v2\/posts"}],"about":[{"href":"https:\/\/emlaktuel.com\/index.php?rest_route=\/wp\/v2\/types\/post"}],"author":[{"embeddable":true,"href":"https:\/\/emlaktuel.com\/index.php?rest_route=\/wp\/v2\/users\/1"}],"replies":[{"embeddable":true,"href":"https:\/\/emlaktuel.com\/index.php?rest_route=%2Fwp%2Fv2%2Fcomments&post=21199"}],"version-history":[{"count":1,"href":"https:\/\/emlaktuel.com\/index.php?rest_route=\/wp\/v2\/posts\/21199\/revisions"}],"predecessor-version":[{"id":21202,"href":"https:\/\/emlaktuel.com\/index.php?rest_route=\/wp\/v2\/posts\/21199\/revisions\/21202"}],"wp:attachment":[{"href":"https:\/\/emlaktuel.com\/index.php?rest_route=%2Fwp%2Fv2%2Fmedia&parent=21199"}],"wp:term":[{"taxonomy":"category","embeddable":true,"href":"https:\/\/emlaktuel.com\/index.php?rest_route=%2Fwp%2Fv2%2Fcategories&post=21199"},{"taxonomy":"post_tag","embeddable":true,"href":"https:\/\/emlaktuel.com\/index.php?rest_route=%2Fwp%2Fv2%2Ftags&post=21199"}],"curies":[{"name":"wp","href":"https:\/\/api.w.org\/{rel}","templated":true}]}}