{"id":21191,"date":"2018-04-07T18:28:58","date_gmt":"2018-04-07T15:28:58","guid":{"rendered":"http:\/\/emlaktuel.com\/?p=21191"},"modified":"2018-07-05T17:56:35","modified_gmt":"2018-07-05T14:56:35","slug":"nef-barcelona-ile-gayrimenkul-isine-girecek","status":"publish","type":"post","link":"https:\/\/emlaktuel.com\/?p=21191","title":{"rendered":"Nef Barcelona ile gayrimenkul i\u015fine girecek"},"content":{"rendered":"<p><img loading=\"lazy\" class=\"size-full wp-image-11420 aligncenter\" src=\"http:\/\/emlaktuel.com\/wp-content\/uploads\/2017\/03\/erden-timur-667x342.jpg\" alt=\"\" width=\"667\" height=\"342\" \/><\/p>\n<p>Nef Y\u00f6netim Kurulu Ba\u015fkan\u0131 Erden Timur, Barcelona ile yapm\u0131\u015f olduklar\u0131 sponsorluk anla\u015fmas\u0131 sonras\u0131 Barcelona kul\u00fcb\u00fcn\u00fcn kendileri ile gayrimenkul i\u015fine girmek istedi\u011fini s\u00f6yledi.<\/p>\n<p>Erden Timur, Habert\u00fcrk gazetesinin d\u00fczenledi\u011fi Habert\u00fcrk T\u00fcrkiye Spor Zirvesi\u2019nde <strong>\u2018Futbolda Markala\u015fma ve Sponsorluk\u2019<\/strong> oturumuna kat\u0131ld\u0131.\u00a0FC Barcelona ile imzalad\u0131klar\u0131 sponsorluk anla\u015fmas\u0131 hakk\u0131nda \u00f6nemli bilgiler veren Timur, b\u00f6yle bir kul\u00fcple \u00e7al\u0131\u015fman\u0131n herkese nasip olmayaca\u011f\u0131n\u0131 belirtti.<\/p>\n<h3><strong>Barcelona\u00a0<\/strong><strong>bize\u00a0<\/strong><strong>\u2018gayrimenkulde sizinle ba\u015flayal\u0131m\u2019 dedi<\/strong><\/h3>\n<p>Yurtd\u0131\u015f\u0131nda b\u00fcy\u00fck metropollerde de proje \u00e7al\u0131\u015fmalar\u0131n\u0131n devam etti\u011fini anlatan Timur, \u201cNef\u2019i uluslararas\u0131 marka yapmak i\u00e7in yola \u00e7\u0131kt\u0131\u011f\u0131m\u0131z i\u00e7in bu sponsorlu\u011fun \u00f6nemli oldu\u011funa karar verdik. Beklentimiz bu idi. FC Barcelona\u2019n\u0131n bizden beklentisi ise gayrimenkul projeleri geli\u015ftirmek. Kendileri bize, \u2018Gayrimenkul anlam\u0131nda biz bir \u015fey yapm\u0131yoruz. Sizinle ba\u015flayal\u0131m ilerde bir \u015feyler geli\u015ftiririz\u2019 dedi. \u0130leride bakal\u0131m ne olur.\u201d diye konu\u015ftu.<\/p>\n<h3><strong>\u201cLondra merkezli bir kurumla da proje yapaca\u011f\u0131z\u201d<\/strong><\/h3>\n<p>Timur, devletlerin de orta\u011f\u0131 oldu\u011fu Londra merkezli Avrupa \u0130mar ve Kalk\u0131nma Bankas\u0131 (EBRD) ile gayrimenkul geli\u015ftirmek i\u00e7in ge\u00e7en y\u0131l ortak bir \u015firket kurduklar\u0131n\u0131 an\u0131msatarak, bu kurumla \u00e7ok k\u0131sa sure i\u00e7erisinde ilk ortak projelerini a\u00e7\u0131klayacaklar\u0131n\u0131 dile getirdi.<\/p>\n","protected":false},"excerpt":{"rendered":"<p>Nef Y\u00f6netim Kurulu Ba\u015fkan\u0131 Erden Timur, Barcelona ile yapm\u0131\u015f olduklar\u0131 sponsorluk anla\u015fmas\u0131 sonras\u0131 Barcelona kul\u00fcb\u00fcn\u00fcn kendileri ile gayrimenkul i\u015fine girmek istedi\u011fini s\u00f6yledi. Erden Timur, Habert\u00fcrk gazetesinin d\u00fczenledi\u011fi Habert\u00fcrk T\u00fcrkiye Spor Zirvesi\u2019nde \u2018Futbolda Markala\u015fma ve Sponsorluk\u2019 oturumuna kat\u0131ld\u0131.\u00a0FC Barcelona ile imzalad\u0131klar\u0131 sponsorluk anla\u015fmas\u0131 hakk\u0131nda \u00f6nemli bilgiler veren Timur, b\u00f6yle bir kul\u00fcple \u00e7al\u0131\u015fman\u0131n herkese nasip olmayaca\u011f\u0131n\u0131 belirtti. [&hellip;]<\/p>\n","protected":false},"author":1,"featured_media":11420,"comment_status":"open","ping_status":"open","sticky":false,"template":"","format":"standard","meta":{"ngg_post_thumbnail":0},"categories":[5388],"tags":[6718,11253,3323,107,2662,11214,98,8369],"_links":{"self":[{"href":"https:\/\/emlaktuel.com\/index.php?rest_route=\/wp\/v2\/posts\/21191"}],"collection":[{"href":"https:\/\/emlaktuel.com\/index.php?rest_route=\/wp\/v2\/posts"}],"about":[{"href":"https:\/\/emlaktuel.com\/index.php?rest_route=\/wp\/v2\/types\/post"}],"author":[{"embeddable":true,"href":"https:\/\/emlaktuel.com\/index.php?rest_route=\/wp\/v2\/users\/1"}],"replies":[{"embeddable":true,"href":"https:\/\/emlaktuel.com\/index.php?rest_route=%2Fwp%2Fv2%2Fcomments&post=21191"}],"version-history":[{"count":1,"href":"https:\/\/emlaktuel.com\/index.php?rest_route=\/wp\/v2\/posts\/21191\/revisions"}],"predecessor-version":[{"id":21192,"href":"https:\/\/emlaktuel.com\/index.php?rest_route=\/wp\/v2\/posts\/21191\/revisions\/21192"}],"wp:featuredmedia":[{"embeddable":true,"href":"https:\/\/emlaktuel.com\/index.php?rest_route=\/wp\/v2\/media\/11420"}],"wp:attachment":[{"href":"https:\/\/emlaktuel.com\/index.php?rest_route=%2Fwp%2Fv2%2Fmedia&parent=21191"}],"wp:term":[{"taxonomy":"category","embeddable":true,"href":"https:\/\/emlaktuel.com\/index.php?rest_route=%2Fwp%2Fv2%2Fcategories&post=21191"},{"taxonomy":"post_tag","embeddable":true,"href":"https:\/\/emlaktuel.com\/index.php?rest_route=%2Fwp%2Fv2%2Ftags&post=21191"}],"curies":[{"name":"wp","href":"https:\/\/api.w.org\/{rel}","templated":true}]}}