{"id":21160,"date":"2018-04-04T12:12:13","date_gmt":"2018-04-04T09:12:13","guid":{"rendered":"http:\/\/emlaktuel.com\/?p=21160"},"modified":"2018-07-05T17:56:08","modified_gmt":"2018-07-05T14:56:08","slug":"piyalepasa-istanbulda-yasam-haziranda-basliyor-faizler-sifirlandi","status":"publish","type":"post","link":"https:\/\/emlaktuel.com\/?p=21160","title":{"rendered":"Piyalepa\u015fa \u0130stanbul&#8217;da ya\u015fam Haziranda ba\u015fl\u0131yor, faizler s\u0131f\u0131rland\u0131"},"content":{"rendered":"<p><img loading=\"lazy\" class=\"size-full wp-image-17498\" src=\"http:\/\/emlaktuel.com\/wp-content\/uploads\/2017\/09\/piyalepasa-istanbul_55852.jpg\" alt=\"piyalepa\u015fa istanbul projesi emlaktuel.com\" width=\"2000\" height=\"1125\" \/><\/p>\n<p>Piyalepa\u015fa \u0130stanbul projesinde ya\u015fam Haziran 2018&#8217;de ba\u015fl\u0131yor. Piyalepa\u015fa \u0130stanbul&#8217;dan ev alana 4 y\u0131l s\u00fcreli vade ile konut kredisinde faiz al\u0131nm\u0131yor.<\/p><\/div>\n<p>60 y\u0131ll\u0131k dev firma Polat g\u00fcvencesiyle hayata ge\u00e7irilen ve \u0130stanbul&#8217;un en b\u00fcy\u00fck kentsel d\u00f6n\u00fc\u015f\u00fcm projeleri aras\u0131nda yerini alan Piyalepa\u015fa \u0130stanbul&#8217;dan konut almak isteyenlere e\u015fsiz kampanya ba\u015flad\u0131. Piyalepa\u015fa \u0130stanbul projesinde\u00a0<strong>konut<\/strong><strong> kredisi faizleri s\u0131f\u0131rland\u0131\u00a0<\/strong>48 ay vadeli konut kredisi i\u00e7in s\u0131f\u0131r faiz uygulamas\u0131 sunuluyor, 120 ay vade ise y\u00fczde 0,6 seviyesinde sunuluyor. \u015eirket b\u00fcnyesinde de \u00f6deme se\u00e7eneklerinin sunuldu\u011fu Piyalepa\u015fa \u0130stanbul, konut, rezidans, ofis, otel ve al\u0131\u015fveri\u015f soka\u011f\u0131yla t\u00fcm ihtiya\u00e7lar\u0131 kar\u015f\u0131layacak konsepte sahip.<\/p>\n<p>Piyalepa\u015fa \u0130stanbul&#8217;da ilk etapta ya\u015fam Haziran 2018&#8217;de ba\u015flayacak. Piyalepa\u015fa \u0130stanbul Evleri&#8217;nin iki \u00f6rnek dairesi de sat\u0131\u015f ofisinde ziyaret\u00e7ilerini bekliyor. E\u015fsiz konumuyla \u00f6ne \u00e7\u0131kan proje, \u00f6d\u00fcll\u00fc mimarisiyle de \u0130stanbul&#8217;un en \u00f6zel projelerinden birirsi aras\u0131nda yer al\u0131yor.<\/p>\n<p><strong>Piyalepa\u015fa \u0130stanbul sosyal donat\u0131lar\u0131 ile de \u00f6ne \u00e7\u0131k\u0131yor.\u00a0<\/strong>T\u00fcm ihtiya\u00e7lara cevap verecek konut b\u00fcy\u00fckl\u00fcklerine sahip olan Piyalepa\u015fa \u0130stanbul&#8217;da 760 konut ve 190 rezidans konut yer al\u0131yor. Projede ofis alan\u0131 50 bin metrekare, otel alan\u0131 34 bin metrekare ve al\u0131\u015fveri\u015f alan\u0131 31 bin metrekare olarak belirlendi.<\/p>\n<h3><strong>Al\u0131\u015fveri\u015f Soka\u011f\u0131nda\u00a0<\/strong><strong>120 ma\u011faza yer alacak<\/strong><\/h3>\n<p>Mimarisi yap\u0131s\u0131 ve konsepti ile Ni\u015fanta\u015f\u0131 ile Beyo\u011flu\u2019nu hat\u0131rlatan al\u0131\u015fveri\u015f soka\u011f\u0131 550 metre uzunlu\u011funda, 17 metre geni\u015fli\u011findeki 2 katl\u0131 Al\u0131\u015fveri\u015f Soka\u011f\u0131\u2019nda (AVS) ma\u011fazalar\u0131n\u0131n yan\u0131 s\u0131ra 9 salonlu sinema kompleksi, zengin fastfood noktalar\u0131 ile farkl\u0131 damaklara hitap eden se\u00e7kin restoran ve kafeler yer alacak. K\u0131sa s\u00fcreli park, taksi ve vale imk\u00e2nlar\u0131n\u0131n yan\u0131 s\u0131ra metrob\u00fcs ve metrolara shuttle hizmeti gibi avantajlar sunan AVS\u2019de y\u0131l i\u00e7erisinde \u00e7e\u015fitli k\u00fclt\u00fcr sanat etkinlikleri d\u00fczenlenecek. Piyalepa\u015fa \u0130stanbul\u2019un simgesi olan Saat Kulesi adeta bir k\u00fclt\u00fcr sanat merkezine d\u00f6n\u00fc\u015ft\u00fcr\u00fclecek. Projede yer alan 1000 metrekarelik sanat merkezi i\u00e7erisinde ise 700 metrekarelik bir sergi salonu bulunuyor. 3.900 ara\u00e7l\u0131k 4 katl\u0131 otopark alan\u0131 bulunan Piyalepa\u015fa \u0130stanbul\u2019da daire sahipleri ve ziyaret\u00e7iler arabalar\u0131n\u0131 rahatl\u0131kla park edip, dola\u015fabilecekler.<\/p>\n","protected":false},"excerpt":{"rendered":"<p>Piyalepa\u015fa \u0130stanbul projesinde ya\u015fam Haziran 2018&#8217;de ba\u015fl\u0131yor. Piyalepa\u015fa \u0130stanbul&#8217;dan ev alana 4 y\u0131l s\u00fcreli vade ile konut kredisinde faiz al\u0131nm\u0131yor. 60 y\u0131ll\u0131k dev firma Polat g\u00fcvencesiyle hayata ge\u00e7irilen ve \u0130stanbul&#8217;un en b\u00fcy\u00fck kentsel d\u00f6n\u00fc\u015f\u00fcm projeleri aras\u0131nda yerini alan Piyalepa\u015fa \u0130stanbul&#8217;dan konut almak isteyenlere e\u015fsiz kampanya ba\u015flad\u0131. Piyalepa\u015fa \u0130stanbul projesinde\u00a0konut kredisi faizleri s\u0131f\u0131rland\u0131\u00a048 ay vadeli konut [&hellip;]<\/p>\n","protected":false},"author":1,"featured_media":20876,"comment_status":"open","ping_status":"open","sticky":false,"template":"","format":"standard","meta":{"ngg_post_thumbnail":0},"categories":[5388],"tags":[11254,73,6352,80,951,11343,11383,1353,10599,5703,4245,10600,2659,75],"_links":{"self":[{"href":"https:\/\/emlaktuel.com\/index.php?rest_route=\/wp\/v2\/posts\/21160"}],"collection":[{"href":"https:\/\/emlaktuel.com\/index.php?rest_route=\/wp\/v2\/posts"}],"about":[{"href":"https:\/\/emlaktuel.com\/index.php?rest_route=\/wp\/v2\/types\/post"}],"author":[{"embeddable":true,"href":"https:\/\/emlaktuel.com\/index.php?rest_route=\/wp\/v2\/users\/1"}],"replies":[{"embeddable":true,"href":"https:\/\/emlaktuel.com\/index.php?rest_route=%2Fwp%2Fv2%2Fcomments&post=21160"}],"version-history":[{"count":1,"href":"https:\/\/emlaktuel.com\/index.php?rest_route=\/wp\/v2\/posts\/21160\/revisions"}],"predecessor-version":[{"id":21161,"href":"https:\/\/emlaktuel.com\/index.php?rest_route=\/wp\/v2\/posts\/21160\/revisions\/21161"}],"wp:featuredmedia":[{"embeddable":true,"href":"https:\/\/emlaktuel.com\/index.php?rest_route=\/wp\/v2\/media\/20876"}],"wp:attachment":[{"href":"https:\/\/emlaktuel.com\/index.php?rest_route=%2Fwp%2Fv2%2Fmedia&parent=21160"}],"wp:term":[{"taxonomy":"category","embeddable":true,"href":"https:\/\/emlaktuel.com\/index.php?rest_route=%2Fwp%2Fv2%2Fcategories&post=21160"},{"taxonomy":"post_tag","embeddable":true,"href":"https:\/\/emlaktuel.com\/index.php?rest_route=%2Fwp%2Fv2%2Ftags&post=21160"}],"curies":[{"name":"wp","href":"https:\/\/api.w.org\/{rel}","templated":true}]}}