{"id":2103,"date":"2016-06-25T14:12:52","date_gmt":"2016-06-25T11:12:52","guid":{"rendered":"http:\/\/emlaktuel.com\/?p=2103"},"modified":"2018-07-05T14:08:19","modified_gmt":"2018-07-05T11:08:19","slug":"marmarada-2-deprem-korkuttu","status":"publish","type":"post","link":"https:\/\/emlaktuel.com\/?p=2103","title":{"rendered":"Marmara&#8217;da 2 deprem korkuttu!"},"content":{"rendered":"<p>Deprem Bu sabah 08.40&#8217;da merkez \u00fcss\u00fc Yalova a\u00e7\u0131klar\u0131 olan 4.4 b\u00fcy\u00fckl\u00fc\u011f\u00fcnde olan bir deprem oldu. Deprem \u0130stanbul&#8217;da da hissedildi.<br \/>\nMarmara B\u00f6lgesi&#8217;nde art arda meydana gelen depremler k\u0131sa s\u00fcreli panik ya\u015fatt\u0131. Sabah 8.30&#8217;da merkez \u00fcss\u00fc Marmara Denizi olan 3.0 b\u00fcy\u00fckl\u00fc\u011f\u00fcnde ya\u015fanan depremin ard\u0131ndan merkez \u00fcss\u00fc Yalova a\u00e7\u0131klar\u0131 olan 4.4. b\u00fcy\u00fckl\u00fc\u011f\u00fcnde bir deprem daha ya\u015fand\u0131. \u0130stanbullular da depremi hissetti. Kandilli&#8217;den yap\u0131lan a\u00e7\u0131klamada &#8220;Deprem tali bir fay par\u00e7as\u0131n\u0131n k\u0131r\u0131lmas\u0131 sonucu meydana gelmi\u015ftir&#8221; denildi. \u0130\u015fte deprem ile ilgili son dakika haberler..<\/p>\n<p>Bo\u011fazi\u00e7i \u00dcniversitesi Kandilli Rasathanesi ve Deprem Ara\u015ft\u0131rma Enstit\u00fcs\u00fc&#8217;nden verilen bilgiye g\u00f6re Marmara Denizi&#8217;nin Yalova a\u00e7\u0131klar\u0131nda ilk olarak saat 8.30&#8217;da, denizin do\u011fu k\u0131sm\u0131nda 3.0 b\u00fcy\u00fckl\u00fc\u011f\u00fcnde deprem meydana geldi. \u0130stanbul&#8217;da da hissedilen deprem pani\u011fe neden oldu.<\/p>\n<p><strong>MARMARA&#8217;DA 4.4 B\u00dcY\u00dcKL\u00dc\u011e\u00dcNDE B\u0130R DEPREM DAHA.<\/strong><\/p>\n<p>Bundan 10 dakika sonra da Marmara Denizi&#8217;nin Yalova a\u00e7\u0131klar\u0131nda 6.8 kilometre derinli\u011finde 4.4 b\u00fcy\u00fckl\u00fc\u011f\u00fcnde yeni bir deprem meydana geldi.<\/p>\n<p><strong>&#8220;TAL\u0130 B\u0130R FAY PAR\u00c7ASININ KIRILMASI SONUCU MEYDANA GELM\u0130\u015eT\u0130R&#8221;<\/strong><\/p>\n<p>Kandilli&#8217;den yap\u0131lan yaz\u0131l\u0131 a\u00e7\u0131klamada \u015f\u00f6yle: &#8220;Yalova A\u00e7\u0131klar\u0131 Marmara Denizi&#8217;nde yerel saat ile 08:40&#8217;da aletsel b\u00fcy\u00fckl\u00fc\u011f\u00fc 4.4 olan orta \u015fiddette bir deprem meydana gelmi\u015ftir. Depremin odak derinli\u011fi yakla\u015f\u0131k 7 km civar\u0131nda olup s\u0131\u011f odakl\u0131 bir depremdir. Deprem Yalova ili ile \u0130stanbul ili ve il\u00e7elerinde hissedilmi\u015ftir.<\/p>\n<p>Depremin meydana geldi\u011fi yer Kuzey Anadolu Fay Zonu&#8217;nun Marmara Denizinden ge\u00e7en kuzey kolu i\u00e7erisinde yer almaktad\u0131r ve zonun i\u00e7erisinde tali bir fay par\u00e7as\u0131n\u0131n k\u0131r\u0131lmas\u0131 sonucu meydana gelmi\u015ftir. Bilindi\u011fi gibi Kuzey Anadolu Fay Zonu&#8217; nun kuzey kolu \u0130zmit K\u00f6rfezi-Adalar a\u00e7\u0131klar\u0131ndan Marmara Denizinden ge\u00e7erek M\u00fcrefte-\u015eark\u00f6y&#8217;e ba\u011flanmakta ve oradan Saroz K\u00f6rfezine uzanmaktad\u0131r. Depremin merkez \u00fcst\u00fcne yak\u0131n son y\u00fczy\u0131lda meydana gelmi\u015f en etkili deprem 1963 Adalar (6.3) depremidir. B\u00f6lge genelinde meydana gelmi\u015f en etkili deprem ise 1999 y\u0131l\u0131 Kocaeli (7.4) depremidir.<\/p>\n<p><strong>&#8221; I.DERECE DEPREM B\u00d6LGES\u0130 \u0130\u00c7ER\u0130S\u0130NDE YER ALMAKTADIR&#8221;<\/strong><\/p>\n<p>B\u00f6lgede birka\u00e7 y\u0131lda bir bu t\u00fcr orta \u015fiddette depremler meydana gelmektedir. Kuzey Anadolu Fay Zonunun Bat\u0131 Marmara&#8217;dan ge\u00e7en uzant\u0131s\u0131 Marmara Denizi i\u00e7erisinde en yo\u011fun deprem aktivitesinin g\u00f6zlendi\u011fi yerdir. Marmara Denizi ve \u00e7evresi I. Derece Deprem B\u00f6lgesi i\u00e7erisinde yer almaktad\u0131r. Dolay\u0131s\u0131 ile b\u00f6lgede ya\u015fayan vatanda\u015flar\u0131m\u0131z\u0131n depreme kar\u015f\u0131 herzaman haz\u0131rl\u0131kl\u0131 ve bilin\u00e7li olmas\u0131, depreme dayan\u0131kl\u0131 binalarda oturmalar\u0131 veya sat\u0131n alacaklar\u0131 konutlar\u0131n depreme dayan\u0131kl\u0131 olarak in\u015fa edilmi\u015f olmas\u0131 olas\u0131 afetlere kar\u015f\u0131 al\u0131nacak en g\u00fcvenli tedbir olacakt\u0131r&#8221;<\/p>\n<p><strong>YALOVALILAR SOKA\u011eA D\u00d6K\u00dcLD\u00dc<\/strong><\/p>\n<p>Sars\u0131nt\u0131 17 A\u011fustos Marmara depreminde a\u011f\u0131r kay\u0131plar veren Yalova&#8217;da pani\u011fe neden oldu. Depremden korkan vatanda\u015flar sokaklara d\u00f6k\u00fcld\u00fc. Bir esnaf\u0131n elektrik sigortalar\u0131n\u0131n bulundu\u011fu kutunun kapaklar\u0131 ise depremin \u015fiddeti ile yerinden f\u0131rlad\u0131. Depremden \u00e7ok korktuklar\u0131n\u0131 dile getiren vatanda\u015flar depremin oldu\u011fu dakikalardan beri sokaklarda ve evlerinin bah\u00e7esinde oturuyor ve evlerine girmiyorlar. Sars\u0131nt\u0131y\u0131 \u00e7ok \u015fiddetli hissettiklerini dile getiren vatanda\u015flar, &#8220;Sars\u0131nt\u0131 \u00e7ok korkuttu. Evlerimize girmeye korkuyoruz&#8221; diye konu\u015ftular.<\/p>\n<p>H\u00fcrriyet<\/p>\n","protected":false},"excerpt":{"rendered":"<p>Deprem Bu sabah 08.40&#8217;da merkez \u00fcss\u00fc Yalova a\u00e7\u0131klar\u0131 olan 4.4 b\u00fcy\u00fckl\u00fc\u011f\u00fcnde olan bir deprem oldu. Deprem \u0130stanbul&#8217;da da hissedildi. Marmara B\u00f6lgesi&#8217;nde art arda meydana gelen depremler k\u0131sa s\u00fcreli panik ya\u015fatt\u0131. Sabah 8.30&#8217;da merkez \u00fcss\u00fc Marmara Denizi olan 3.0 b\u00fcy\u00fckl\u00fc\u011f\u00fcnde ya\u015fanan depremin ard\u0131ndan merkez \u00fcss\u00fc Yalova a\u00e7\u0131klar\u0131 olan 4.4. b\u00fcy\u00fckl\u00fc\u011f\u00fcnde bir deprem daha ya\u015fand\u0131. \u0130stanbullular da [&hellip;]<\/p>\n","protected":false},"author":1,"featured_media":2104,"comment_status":"open","ping_status":"open","sticky":false,"template":"","format":"standard","meta":{"ngg_post_thumbnail":0},"categories":[1,26],"tags":[9079,73,11321,4042,11344,1104,1105,1107,1111,1115,1109,1114,1110,1108,1113,1112,1106],"_links":{"self":[{"href":"https:\/\/emlaktuel.com\/index.php?rest_route=\/wp\/v2\/posts\/2103"}],"collection":[{"href":"https:\/\/emlaktuel.com\/index.php?rest_route=\/wp\/v2\/posts"}],"about":[{"href":"https:\/\/emlaktuel.com\/index.php?rest_route=\/wp\/v2\/types\/post"}],"author":[{"embeddable":true,"href":"https:\/\/emlaktuel.com\/index.php?rest_route=\/wp\/v2\/users\/1"}],"replies":[{"embeddable":true,"href":"https:\/\/emlaktuel.com\/index.php?rest_route=%2Fwp%2Fv2%2Fcomments&post=2103"}],"version-history":[{"count":1,"href":"https:\/\/emlaktuel.com\/index.php?rest_route=\/wp\/v2\/posts\/2103\/revisions"}],"predecessor-version":[{"id":2105,"href":"https:\/\/emlaktuel.com\/index.php?rest_route=\/wp\/v2\/posts\/2103\/revisions\/2105"}],"wp:featuredmedia":[{"embeddable":true,"href":"https:\/\/emlaktuel.com\/index.php?rest_route=\/wp\/v2\/media\/2104"}],"wp:attachment":[{"href":"https:\/\/emlaktuel.com\/index.php?rest_route=%2Fwp%2Fv2%2Fmedia&parent=2103"}],"wp:term":[{"taxonomy":"category","embeddable":true,"href":"https:\/\/emlaktuel.com\/index.php?rest_route=%2Fwp%2Fv2%2Fcategories&post=2103"},{"taxonomy":"post_tag","embeddable":true,"href":"https:\/\/emlaktuel.com\/index.php?rest_route=%2Fwp%2Fv2%2Ftags&post=2103"}],"curies":[{"name":"wp","href":"https:\/\/api.w.org\/{rel}","templated":true}]}}