{"id":20730,"date":"2018-03-09T15:10:32","date_gmt":"2018-03-09T12:10:32","guid":{"rendered":"http:\/\/emlaktuel.com\/?p=20730"},"modified":"2018-07-05T17:53:36","modified_gmt":"2018-07-05T14:53:36","slug":"dunya-uniceraya-akti","status":"publish","type":"post","link":"https:\/\/emlaktuel.com\/?p=20730","title":{"rendered":"D\u00fcnya UNICERA&#8217;ya akt\u0131!"},"content":{"rendered":"<p><img loading=\"lazy\" class=\"alignleft size-full wp-image-20731\" src=\"http:\/\/emlaktuel.com\/wp-content\/uploads\/2018\/03\/1520592995_UNICERA_Fuar___2.jpeg\" alt=\"\" width=\"5184\" height=\"3456\" \/><\/p>\n<p><strong>\u0130stanbul-Seramik Banyo Mutfak Fuar\u0131 (UNICERA), CNR EXPO Ye\u015filk\u00f6y\u2019de ger\u00e7ekle\u015fti<\/strong><\/p>\n<p><strong>T\u00fcrkiye\u2019nin en b\u00fcy\u00fck ihtisas fuar\u0131 UNICERA \u0130stanbul-Seramik Banyo Mutfak Fuar\u0131, 80 bin metrekarelik alanda 11 bin 219\u2019u yabanc\u0131 ve 73 bin 101\u2019i yerli olmak \u00fczere toplam 84 bin 320 ziyaret\u00e7inin yo\u011fun ilgisiyle ger\u00e7ekle\u015fti. Ba\u015fta ABD, Almanya, \u0130ngiltere, Rusya, Kanada olmak \u00fczere 130 \u00fclkeden gelen ziyaret\u00e7iler fuara b\u00fcy\u00fck ilgi g\u00f6sterdi.<\/strong><\/p>\n<p>T\u00fcrkiye\u2019nin en b\u00fcy\u00fck ihtisas fuar\u0131 UNICERA \u0130stanbul-Seramik Banyo Mutfak Fuar\u0131, CNR Holding kurulu\u015flar\u0131ndan \u0130stanbul Fuarc\u0131l\u0131k, T\u00fcrkiye Seramik Federasyonu (TSF) ve Tesisat \u0130n\u015faat Malzemecileri Derne\u011fi (T\u0130MDER) i\u015f birli\u011fi ile CNR EXPO Ye\u015filk\u00f6y\u2019de ger\u00e7ekle\u015ftirildi. 27 \u015eubat-3 Mart tarihleri aras\u0131nda d\u00fczenlenen ve 80 bin metrekare gibi rekor bir alanda ger\u00e7ekle\u015ftirilen fuara, 130 \u00fclkeden 11bin 219\u2019u yabanc\u0131 ve 73 bin 101\u2019i yerli olmak \u00fczere toplam 84 bin 320 ziyaret\u00e7i kat\u0131ld\u0131. Ziyaret\u00e7i rekoru k\u0131r\u0131lan fuara ABD, Almanya, \u0130ngiltere, Rusya, Kanada ba\u015fta olmak \u00fczere Avrupa, Uzak Do\u011fu ve Sahra Alt\u0131 Afrika \u00fclkeleri yo\u011fun ilgi g\u00f6sterdi. Fiyat avantaj\u0131, kolay ula\u015f\u0131labilirlik ve kaliteli \u00fcretimle b\u00fcy\u00fckl\u00fc\u011f\u00fcn\u00fc 3 milyar dolara ula\u015ft\u0131ran seramik sekt\u00f6r\u00fcn\u00fcn \u00f6nc\u00fcs\u00fc 1.000\u2019in \u00fczerinde firman\u0131n kat\u0131l\u0131m sa\u011flad\u0131\u011f\u0131 fuarda; banyo \u00fcr\u00fcnleri, zemin-duvar kaplamalar\u0131, seramik i\u015fleme teknolojileri, mutfak \u00fcr\u00fcnleri, dekorasyon \u00fcr\u00fcnleri, ambalajlama, depolama gibi pek \u00e7ok \u00fcr\u00fcn grubu bir arada sergilendi.<\/p>\n<h3><strong>\u00d6d\u00fcll\u00fc tasar\u0131mc\u0131lar fuara damga vurdu<\/strong><\/h3>\n<p>Fuar s\u0131ras\u0131nda d\u00fczenlenen seminerler, ziyaret\u00e7ilerin yo\u011fun ilgisiyle ger\u00e7ekle\u015fti. 28 \u015eubat &#8211; 1 Mart\u2019ta ger\u00e7ekle\u015ftirilen ve toplam 9 oturumun yap\u0131ld\u0131\u011f\u0131 seminerlerde \u0130talya, \u0130spanya ve Almanya\u2019dan gelen d\u00fcnyaca \u00fcnl\u00fc \u00f6d\u00fcll\u00fc tasar\u0131mc\u0131lar deneyimlerini ve sekt\u00f6rdeki yeni trendleri ziyaret\u00e7ilerle payla\u015ft\u0131. Seminerlere kat\u0131lanlar aras\u0131nda Diego Grandi, Sergio Perez Fortea, Massimo Farinatti ve Michael Schmidt gibi \u00f6nemli tasar\u0131mc\u0131lar yer ald\u0131.<\/p>\n<h3><strong>\u0130hracat\u0131n y\u00fckselen y\u0131ld\u0131z\u0131 seramik<\/strong><\/h3>\n<p>T\u00fcrkiye \u0130hracat Katk\u0131 Endeksi&#8217;nin 2017 y\u0131l\u0131 son \u00e7eyrek verilerine g\u00f6re; seramik sekt\u00f6r\u00fc, 22.33\u2019l\u00fck katk\u0131 oran\u0131 ile \u00fc\u00e7\u00fcnc\u00fc \u00e7eyrekte oldu\u011fu gibi yine ipi g\u00f6\u011f\u00fcsleyerek T\u00fcrk ekonomisine b\u00fcy\u00fck katk\u0131 sa\u011flad\u0131. Ge\u00e7ti\u011fimiz y\u0131l 10 milyar lira ciro elde ederek 1 milyar dolarl\u0131k ihracat ger\u00e7ekle\u015ftiren seramik sekt\u00f6r\u00fc; bu y\u0131l y\u00fczde 10 b\u00fcy\u00fcyerek ihracat\u0131n\u0131 1.1 milyar dolara \u00e7\u0131karmay\u0131 hedefliyor.<\/p>\n<p>&nbsp;<\/p>\n","protected":false},"excerpt":{"rendered":"<p>\u0130stanbul-Seramik Banyo Mutfak Fuar\u0131 (UNICERA), CNR EXPO Ye\u015filk\u00f6y\u2019de ger\u00e7ekle\u015fti T\u00fcrkiye\u2019nin en b\u00fcy\u00fck ihtisas fuar\u0131 UNICERA \u0130stanbul-Seramik Banyo Mutfak Fuar\u0131, 80 bin metrekarelik alanda 11 bin 219\u2019u yabanc\u0131 ve 73 bin 101\u2019i yerli olmak \u00fczere toplam 84 bin 320 ziyaret\u00e7inin yo\u011fun ilgisiyle ger\u00e7ekle\u015fti. Ba\u015fta ABD, Almanya, \u0130ngiltere, Rusya, Kanada olmak \u00fczere 130 \u00fclkeden gelen ziyaret\u00e7iler fuara [&hellip;]<\/p>\n","protected":false},"author":1,"featured_media":20732,"comment_status":"open","ping_status":"open","sticky":false,"template":"","format":"standard","meta":{"ngg_post_thumbnail":0},"categories":[26,97,5388],"tags":[258,11243,73,316,11277],"_links":{"self":[{"href":"https:\/\/emlaktuel.com\/index.php?rest_route=\/wp\/v2\/posts\/20730"}],"collection":[{"href":"https:\/\/emlaktuel.com\/index.php?rest_route=\/wp\/v2\/posts"}],"about":[{"href":"https:\/\/emlaktuel.com\/index.php?rest_route=\/wp\/v2\/types\/post"}],"author":[{"embeddable":true,"href":"https:\/\/emlaktuel.com\/index.php?rest_route=\/wp\/v2\/users\/1"}],"replies":[{"embeddable":true,"href":"https:\/\/emlaktuel.com\/index.php?rest_route=%2Fwp%2Fv2%2Fcomments&post=20730"}],"version-history":[{"count":1,"href":"https:\/\/emlaktuel.com\/index.php?rest_route=\/wp\/v2\/posts\/20730\/revisions"}],"predecessor-version":[{"id":20733,"href":"https:\/\/emlaktuel.com\/index.php?rest_route=\/wp\/v2\/posts\/20730\/revisions\/20733"}],"wp:featuredmedia":[{"embeddable":true,"href":"https:\/\/emlaktuel.com\/index.php?rest_route=\/wp\/v2\/media\/20732"}],"wp:attachment":[{"href":"https:\/\/emlaktuel.com\/index.php?rest_route=%2Fwp%2Fv2%2Fmedia&parent=20730"}],"wp:term":[{"taxonomy":"category","embeddable":true,"href":"https:\/\/emlaktuel.com\/index.php?rest_route=%2Fwp%2Fv2%2Fcategories&post=20730"},{"taxonomy":"post_tag","embeddable":true,"href":"https:\/\/emlaktuel.com\/index.php?rest_route=%2Fwp%2Fv2%2Ftags&post=20730"}],"curies":[{"name":"wp","href":"https:\/\/api.w.org\/{rel}","templated":true}]}}