{"id":20552,"date":"2018-02-27T10:17:42","date_gmt":"2018-02-27T07:17:42","guid":{"rendered":"http:\/\/emlaktuel.com\/?p=20552"},"modified":"2018-07-05T17:51:44","modified_gmt":"2018-07-05T14:51:44","slug":"buyukyali-istanbulda-daikin-ile-dogru-hava-konforu","status":"publish","type":"post","link":"https:\/\/emlaktuel.com\/?p=20552","title":{"rendered":"B\u00fcy\u00fckyal\u0131 \u0130stanbul\u2019da Daikin ile  do\u011fru hava konforu"},"content":{"rendered":"<p><img loading=\"lazy\" class=\"alignleft size-full wp-image-6070\" src=\"http:\/\/emlaktuel.com\/wp-content\/uploads\/2016\/09\/acilis-660x330-copy.jpg\" alt=\"\" width=\"660\" height=\"330\" \/><\/p>\n<p><strong>DAIKIN, B\u00dcY\u00dcKYALI \u0130STANBUL\u2019UN \u0130KL\u0130MLEND\u0130RME \u00c7\u00d6Z\u00dcM ORTA\u011eI OLDU<\/strong><\/p>\n<p><strong>\u0130klimlendirmenin Japon devi Daikin, \u00d6zak GYO, Ziylan Gayrimenkul ve Yenig\u00fcn \u0130n\u015faat ortakl\u0131\u011f\u0131nda, Emlak Konut g\u00fcvencesiyle hayata ge\u00e7irilen markal\u0131 konut ve rezidans projesi B\u00fcy\u00fckyal\u0131 \u0130stanbul\u2019un so\u011futma sistemleri \u00e7\u00f6z\u00fcm orta\u011f\u0131 oldu. Tarihi Yar\u0131mada\u2019n\u0131n yan\u0131 ba\u015f\u0131nda yer alan B\u00fcy\u00fckyal\u0131 \u0130stanbul\u2019un sakinleri, Daikin\u2019in \u00fcst\u00fcn teknolojiye sahip VRV IV sistemleri sayesinde s\u0131caklara meydan okurken, y\u00fczde <a href=\"https:\/\/maps.google.com\/?q=28%E2%80%99e+varan&amp;entry=gmail&amp;source=g\">28\u2019e varan<\/a> enerji tasarrufu yapabilecek.<\/p>\n<p><\/strong><\/p>\n<p>T\u00fcrkiye\u2019de ve d\u00fcnyada birbirinden \u00f6nemli projelerin iklimlendirmesinde imzas\u0131 bulunan Daikin, Marmara Denizi\u2019nin k\u0131y\u0131s\u0131nda \u201ciyi ya\u015fam\u201d konseptiyle hayata ge\u00e7irilen B\u00fcy\u00fckyal\u0131 \u0130stanbul\u2019un da \u00e7\u00f6z\u00fcm orta\u011f\u0131 oldu. Zeytinburnu, Kazl\u0131\u00e7e\u015fme Sahil Yolu\u2019nda, Tarihi Yar\u0131mada\u2019n\u0131n hemen yan\u0131 ba\u015f\u0131nda 111 d\u00f6n\u00fcml\u00fck arazi \u00fczerine in\u015fa edilen B\u00fcy\u00fckyal\u0131 \u0130stanbul, tercihini \u00e7evre dostu, sessiz ve kompakt tasar\u0131ma sahip Daikin VRV IV sistemlerden yana kulland\u0131. Ayn\u0131 g\u00fczergahta yer alan Yal\u0131 Atak\u00f6y ve Pruva 34 projeleri gibi B\u00fcy\u00fckyal\u0131 \u0130stanbul sakinleri de Daikin cihazlar\u0131 ile iklimlendirme konforu ya\u015fayacak.<\/p>\n<p><strong>TEKNOLOJ\u0130, VER\u0130ML\u0130L\u0130K VE G\u00dcVENL\u0130K B\u0130R ARADA<\/strong><\/p>\n<p>Birbirinden farkl\u0131 konsept ve b\u00fcy\u00fckl\u00fcklerde konutlar\u0131n yer ald\u0131\u011f\u0131 B\u00fcy\u00fckyal\u0131 \u0130stanbul\u2019un so\u011futma ihtiyac\u0131n\u0131 kar\u015f\u0131lamak i\u00e7in \u00fcst\u00fcn teknolojisi ve \u00e7evre dostu \u00f6zellikleriyle \u00f6ne \u00e7\u0131kan Daikin VRV IV cihazlar tercih edildi. Projede kullan\u0131lan cihazlar aras\u0131nda VRT (De\u011fi\u015fken So\u011futucu Ak\u0131\u015fkan S\u0131cakl\u0131\u011f\u0131) \u00f6zelli\u011fine sahip RXYQ-T model \u0131s\u0131 pompas\u0131 tipi d\u0131\u015f \u00fcnite ve RXYSCQ-T ve RXYSQ-T model Mini VRV IV \u0131s\u0131 pompas\u0131 tipi d\u0131\u015f \u00fcnitelerin yan\u0131 s\u0131ra, konutlar\u0131n alan \u00f6zelliklerine uygun olarak se\u00e7ilen i\u00e7 \u00fcniteler yer al\u0131yor.<\/p>\n<p>Her daire b\u00fcy\u00fckl\u00fc\u011f\u00fcne uygun kapasitede se\u00e7ilen d\u0131\u015f \u00fcnitelerle mekanlar\u0131n birbirinden ba\u011f\u0131ms\u0131z bir \u015fekilde so\u011futulmas\u0131 sa\u011flan\u0131rken, d\u0131\u015f \u00fcnite klima santrali ile DX batarya ba\u011flant\u0131s\u0131 yap\u0131larak taze hava ihtiyac\u0131 da kar\u015f\u0131lanabiliyor. Projede tercih edilen Mini VRV IV d\u0131\u015f \u00fcnite modelleri ise geni\u015f kapasite aral\u0131\u011f\u0131yla kullan\u0131c\u0131lar\u0131n her t\u00fcrl\u00fc so\u011futma ihtiyac\u0131n\u0131 kar\u015f\u0131larken, kompakt yap\u0131s\u0131yla da yer s\u0131k\u0131nt\u0131s\u0131 ya\u015fanabilecek yerlere kolayl\u0131kla s\u0131\u011f\u0131yor. \u00c7evre dostu R410A so\u011futucu gaz\u0131 kullanan d\u0131\u015f \u00fcniteler sayesinde atmosfere sal\u0131nan gaz miktar\u0131 azalt\u0131l\u0131rken, VRT teknolojisiyle optimum sezonsal enerji verimlili\u011fine ula\u015fmak m\u00fcmk\u00fcn oluyor. D\u00fc\u015f\u00fck i\u015fletim ve bak\u0131m maliyetli, uzun \u00f6m\u00fcrl\u00fc, sessiz ve y\u00fcksek g\u00fcvenlikli Daikin VRV IV cihazlar ile so\u011futma ve havaland\u0131rma uzun y\u0131llar boyunca endi\u015fe edilmesi gereken bir konu olmaktan \u00e7\u0131k\u0131yor.<\/p>\n<p>Geni\u015f i\u00e7 \u00fcnite aral\u0131\u011f\u0131na sahip d\u0131\u015f \u00fcniteler, Daikin Emura ve Nexura gibi \u015f\u0131k i\u00e7 \u00fcnitelerle birlikte rahatl\u0131kla kullan\u0131labiliyor. Estetik g\u00f6r\u00fcn\u00fcm\u00fc bozmadan klima keyfi sa\u011flayan gizli tavan, yatay hava \u00fcfleme ve sens\u00f6r \u00f6zelli\u011fiyle \u00fcst\u00fcn so\u011futma konforu sa\u011flayan dairesel at\u0131\u015fl\u0131 kaset, tavanlara sorunsuzca monte edilebilen tam d\u00fcz kaset ve zemin alan\u0131 k\u0131s\u0131tl\u0131 olan odalara uyumlu duvar tipi gibi farkl\u0131 \u00f6zelliklerdeki modelleriyle konutlar\u0131n tasar\u0131m\u0131na uygun \u00e7\u00f6z\u00fcmler sunan i\u00e7 \u00fcniteler, d\u00fc\u015f\u00fck enerji t\u00fcketen \u00f6zel DC fan motoruyla d\u00fc\u015f\u00fck ses seviyelerinde \u00e7al\u0131\u015farak huzurlu bir ortam sa\u011fl\u0131yor. \u0130\u00e7 \u00fcniteler, y\u0131kanabilen ve k\u00fcf \u00f6nleyici \u00f6zelli\u011fi bulunan hava filtresi sayesinde bulunduklar\u0131 mekan\u0131n hava kalitesinin iyile\u015ftirilmesine yard\u0131mc\u0131 oluyor.<\/p>\n<p><strong>AKILLI PROJEYE, AKILLI SO\u011eUTMA<\/strong><\/p>\n<p>Daikin\u2019in h\u0131zl\u0131 ve kolay eri\u015fim \u00f6zelli\u011fine sahip VRV IV cihazlar\u0131, tasar\u0131m\u0131 d\u00fcnyaca \u00fcnl\u00fc \u0130ngiliz mimarl\u0131k \u015firketi Chapman Taylor taraf\u0131ndan ger\u00e7ekle\u015ftirilen B\u00fcy\u00fckyal\u0131 \u0130stanbul\u2019un ak\u0131ll\u0131 ev konseptini tamaml\u0131yor. \u00d6zel olarak geli\u015ftirilen \u2018I-Touch Manager\u2019 merkezi otomasyon sistemi ile ak\u0131ll\u0131 enerji y\u00f6netiminden uzaktan eri\u015fimle kontrole kadar pek \u00e7ok kolayl\u0131\u011f\u0131 bir arada sunan Daikin VRV IV cihazlar\u0131 sayesinde gelece\u011fin ev konforu bug\u00fcnden ya\u015fan\u0131yor. \u2018I-Touch Manager\u2019 ile kullan\u0131c\u0131lar enerji t\u00fcketimi ve faturaland\u0131rma, enerji kay\u0131p kayna\u011f\u0131n\u0131 tan\u0131mlama, uzaktan internet eri\u015fimi, t\u00fcm i\u00e7-d\u0131\u015f \u00fcnitelerin uzaktan ar\u0131za ve bak\u0131m i\u00e7in takibi, sistemin di\u011fer sistemlerle uyumlu \u00e7al\u0131\u015fabilmesi ve otomatik i\u00e7 \u00fcnite kayd\u0131 gibi t\u00fcm fonksiyonlar\u0131 kolayl\u0131kla ger\u00e7ekle\u015ftirebiliyor.<\/p>\n<p><strong>MONTAJ KOLAYLI\u011eI \u0130LE ZAMANDAN TASARRUF<\/strong><\/p>\n<p>Daikin VRV IV \u0131s\u0131 pompas\u0131 tipi d\u0131\u015f \u00fcnitelerde standart olarak bulunan otomatik \u015farj ve so\u011futucu ak\u0131\u015fkan testi \u00f6zellikleri ile devreye alma s\u0131ras\u0131nda hem zamandan tasarruf etmek, hem de cihazlarda en iyi performansa ula\u015fmak m\u00fcmk\u00fcn oluyor. Geni\u015f kapasite \u00e7e\u015fitlili\u011fi ve y\u00fcksek borulama limit avantaj\u0131 sayesinde kolay montaja imkan vermesi de Daikin VRV IV cihazlar\u0131 projeler i\u00e7in vazge\u00e7ilmez k\u0131lan \u00f6zellikler aras\u0131nda yer al\u0131yor.<\/p>\n<p><strong><u>DAIKIN T\u00dcRK\u0130YE HAKKINDA<\/u><\/strong><\/p>\n<p>T\u00fcrkiye&#8217;de 1978 y\u0131l\u0131ndan beri distrib\u00fct\u00f6rler vas\u0131tas\u0131yla faaliyetlerini s\u00fcrd\u00fcren Daikin, Temmuz 2011&#8217;de Airfel&#8217;i sat\u0131n alarak T\u00fcrkiye iklimlendirme sekt\u00f6r\u00fcn\u00fcn iddial\u0131 bir yat\u0131r\u0131mc\u0131s\u0131 olmu\u015ftur. Daikin T\u00fcrkiye bug\u00fcn \u0131s\u0131tma, so\u011futma ve havaland\u0131rma alan\u0131nda T\u00fcrkiye&#8217;nin en geni\u015f \u00fcr\u00fcn gam\u0131na sahip \u015firketidir. Daikin T\u00fcrkiye \u00e7at\u0131s\u0131 alt\u0131nda bulunan Daikin ve Airfel markalar\u0131n\u0131n iklimlendirme sekt\u00f6r\u00fcne y\u00f6nelik kombi, klima \u00fcniteleri, \u0131s\u0131 pompalar\u0131, VRV, panel radyat\u00f6rler, fancoil, klima santralleri vb. farkl\u0131 ihtiya\u00e7lara uygun son teknoloji ile \u00fcretilmi\u015f \u00fcr\u00fcnleri bulunmaktad\u0131r. Merkez ofisi \u0130stanbul&#8217;da bulunan Daikin T\u00fcrkiye; Sakarya&#8217;da bulunan \u00fcretim tesisleri, 7 b\u00f6lge m\u00fcd\u00fcrl\u00fc\u011f\u00fc, 300 bayi, 22 kad\u0131n giri\u015fimci Sakura bayi, 500 sat\u0131\u015f noktas\u0131 ve 500&#8217;\u00fcn \u00fczerindeki yetkili servisiyle T\u00fcrkiye&#8217;nin geni\u015f bir co\u011frafyas\u0131na hizmet verebilmektedir. Ayr\u0131ca Avrupa&#8217;n\u0131n ilk, d\u00fcnyan\u0131n en b\u00fcy\u00fck iklimlendirme deneyim merkezi Solution Plaza fuha \u0130stanbul&#8217;u sekt\u00f6r\u00fcne kazand\u0131rm\u0131\u015ft\u0131r. \u0130stanbul&#8217;da bulunan Daikin Akademi ise b\u00fcnyesinde her t\u00fcrl\u00fc hedef kitleye y\u00f6nelik e\u011fitim f\u0131rsat\u0131 sunmaktad\u0131r. T\u00fcrkiye&#8217;nin yan\u0131 s\u0131ra Do\u011fu Avrupa, T\u00fcrk Cumhuriyetleri, Ortado\u011fu ve Kuzey Afrika&#8217;n\u0131n da Ar-Ge, \u00fcretim ve lojistik \u00fcss\u00fc olarak konumlanan Daikin T\u00fcrkiye, CIS \u00fclkelerinin (Azerbaycan, \u00d6zbekistan, T\u00fcrkmenistan, Kazakistan, K\u0131rg\u0131zistan ve Ermenistan) ve G\u00fcrcistan, Kuzey Irak, KKTC pazarlar\u0131n\u0131n sorumlulu\u011funu da \u00fcstlenmi\u015ftir.<\/p>\n<p><strong><u>DAIKIN HAKKINDA<\/u><\/strong><\/p>\n<p>Osaka-Japonya\u2019da 1924 y\u0131l\u0131nda kurulan Daikin Industries Ltd., bug\u00fcn 150 \u00fclkede 20 milyar dolar\u0131 bulan cirosu, 60.000\u2019den fazla \u00e7al\u0131\u015fan\u0131 ve 90 \u00fcretim tesisi ile d\u00fcnya \u0131s\u0131tma, so\u011futma, havaland\u0131rma ve florokimyasal \u00fcr\u00fcnlerinde sekt\u00f6r lideridir. Konut, ticari ve end\u00fcstriyel iklimlendirme uygulamalar\u0131 i\u00e7in m\u00fc\u015fterilerinin de\u011fi\u015fen ihtiya\u00e7lar\u0131n\u0131 g\u00f6zeten Daikin, t\u00fcm d\u00fcnyada \u00fcr\u00fcn geli\u015ftirme alan\u0131ndaki \u00f6nc\u00fc yakla\u015f\u0131mlar\u0131 ve entegre \u00e7\u00f6z\u00fcmlerinin rakipsiz kalitesi ve kullan\u0131\u015fl\u0131l\u0131\u011f\u0131yla tan\u0131nmaktad\u0131r. Daikin T\u00fcrkiye&#8217;nin de b\u00fcnyesinde yer ald\u0131\u011f\u0131 Daikin Europe NV, 1972 y\u0131l\u0131nda Avrupa pazar\u0131na yenilik\u00e7i \u00fcr\u00fcnlerini sunmak i\u00e7in Bel\u00e7ika Oostende\u2019de kurulmu\u015ftur. Daikin Industries Ltd.\u2019in y\u00fczde 100 i\u015ftiraki olan Daikin Europe NV, 5.500 \u00e7al\u0131\u015fan\u0131, Bel\u00e7ika, T\u00fcrkiye, \u00c7ek Cumhuriyeti (2), Almanya, \u0130talya ve \u0130ngiltere&#8217;deki 7 \u00fcretim tesisiyle Avrupa&#8217;n\u0131n en b\u00fcy\u00fck klima, \u0131s\u0131 pompas\u0131 ve so\u011futma cihaz\u0131 \u00fcreticisidir. Bug\u00fcne kadar 500.000\u2019in \u00fczerinde kurulumu ger\u00e7ekle\u015ftirilen Daikin Altherma, Avrupa&#8217;da en \u00e7ok satan \u0131s\u0131 pompas\u0131 sistemleridir.<\/p>\n<p>www.daikin.com.tr<\/p>\n","protected":false},"excerpt":{"rendered":"<p>DAIKIN, B\u00dcY\u00dcKYALI \u0130STANBUL\u2019UN \u0130KL\u0130MLEND\u0130RME \u00c7\u00d6Z\u00dcM ORTA\u011eI OLDU \u0130klimlendirmenin Japon devi Daikin, \u00d6zak GYO, Ziylan Gayrimenkul ve Yenig\u00fcn \u0130n\u015faat ortakl\u0131\u011f\u0131nda, Emlak Konut g\u00fcvencesiyle hayata ge\u00e7irilen markal\u0131 konut ve rezidans projesi B\u00fcy\u00fckyal\u0131 \u0130stanbul\u2019un so\u011futma sistemleri \u00e7\u00f6z\u00fcm orta\u011f\u0131 oldu. Tarihi Yar\u0131mada\u2019n\u0131n yan\u0131 ba\u015f\u0131nda yer alan B\u00fcy\u00fckyal\u0131 \u0130stanbul\u2019un sakinleri, Daikin\u2019in \u00fcst\u00fcn teknolojiye sahip VRV IV sistemleri sayesinde s\u0131caklara meydan [&hellip;]<\/p>\n","protected":false},"author":1,"featured_media":5564,"comment_status":"open","ping_status":"open","sticky":false,"template":"","format":"standard","meta":{"ngg_post_thumbnail":0},"categories":[26,97,5388],"tags":[5074,2647,1626,459,73,80,9977,11193],"_links":{"self":[{"href":"https:\/\/emlaktuel.com\/index.php?rest_route=\/wp\/v2\/posts\/20552"}],"collection":[{"href":"https:\/\/emlaktuel.com\/index.php?rest_route=\/wp\/v2\/posts"}],"about":[{"href":"https:\/\/emlaktuel.com\/index.php?rest_route=\/wp\/v2\/types\/post"}],"author":[{"embeddable":true,"href":"https:\/\/emlaktuel.com\/index.php?rest_route=\/wp\/v2\/users\/1"}],"replies":[{"embeddable":true,"href":"https:\/\/emlaktuel.com\/index.php?rest_route=%2Fwp%2Fv2%2Fcomments&post=20552"}],"version-history":[{"count":1,"href":"https:\/\/emlaktuel.com\/index.php?rest_route=\/wp\/v2\/posts\/20552\/revisions"}],"predecessor-version":[{"id":20553,"href":"https:\/\/emlaktuel.com\/index.php?rest_route=\/wp\/v2\/posts\/20552\/revisions\/20553"}],"wp:featuredmedia":[{"embeddable":true,"href":"https:\/\/emlaktuel.com\/index.php?rest_route=\/wp\/v2\/media\/5564"}],"wp:attachment":[{"href":"https:\/\/emlaktuel.com\/index.php?rest_route=%2Fwp%2Fv2%2Fmedia&parent=20552"}],"wp:term":[{"taxonomy":"category","embeddable":true,"href":"https:\/\/emlaktuel.com\/index.php?rest_route=%2Fwp%2Fv2%2Fcategories&post=20552"},{"taxonomy":"post_tag","embeddable":true,"href":"https:\/\/emlaktuel.com\/index.php?rest_route=%2Fwp%2Fv2%2Ftags&post=20552"}],"curies":[{"name":"wp","href":"https:\/\/api.w.org\/{rel}","templated":true}]}}