{"id":20533,"date":"2018-02-26T13:45:36","date_gmt":"2018-02-26T10:45:36","guid":{"rendered":"http:\/\/emlaktuel.com\/?p=20533"},"modified":"2018-07-05T17:51:28","modified_gmt":"2018-07-05T14:51:28","slug":"torkam-yeni-projesi-ile-fark-yaratacak","status":"publish","type":"post","link":"https:\/\/emlaktuel.com\/?p=20533","title":{"rendered":"Torkam yeni projesi ile fark yaratacak"},"content":{"rendered":"<p><img loading=\"lazy\" class=\"size-full wp-image-20534 aligncenter\" src=\"http:\/\/emlaktuel.com\/wp-content\/uploads\/2018\/02\/1519633536_TorkamLogo.jpg\" alt=\"\" width=\"3317\" height=\"619\" \/><\/p>\n<p><strong>Torkam \u0130n\u015faat\u2019\u0131n Florya &#8211; Sefak\u00f6y aks\u0131nda in\u015fa etmeye haz\u0131rland\u0131\u011f\u0131 yeni karma projesi Torkam E5, \u0130stanbul\u2019un \u00f6nemli can damarlar\u0131ndan biri olan E5 Karayolu\u2019na cepheli iddial\u0131 konumu ile dikkat \u00e7ekiyor.<\/strong><\/p>\n<p>30 y\u0131la yakla\u015fan ge\u00e7mi\u015fi ile gayrimenkul sekt\u00f6r\u00fcn\u00fcn k\u00f6kl\u00fc \u015firketleri aras\u0131nda yer alan Torkam \u0130n\u015faat, \u0130stanbul\u2019un yan\u0131 s\u0131ra\u00a0<strong>T\u00fcrkiye\u2019nin farkl\u0131 illerinde in\u015fa etti\u011fi\u00a0<\/strong>projelerine bir yenisini daha eklemeye haz\u0131rlan\u0131yor. Torkam \u0130n\u015faat\u2019\u0131n yeni projesi \u201cTorkam E5\u201d, toplu ula\u015f\u0131m noktalar\u0131na kolay ula\u015f\u0131lmas\u0131n\u0131 sa\u011flayan transfer merkezine yak\u0131nl\u0131\u011f\u0131 ve E5 Karayolu\u2019na cepheli konumuyla \u00f6ne \u00e7\u0131k\u0131yor.<\/p>\n<p><img loading=\"lazy\" class=\"alignleft  wp-image-20535\" src=\"http:\/\/emlaktuel.com\/wp-content\/uploads\/2018\/02\/1519633540_Olkan_G__ne__.jpg\" alt=\"\" width=\"182\" height=\"538\" \/>Torkam E5\u2019e ili\u015fkin bilgi veren Torkam \u0130n\u015faat Pazarlama ve Sat\u0131\u015f Koordinat\u00f6r\u00fc Olkan G\u00fcne\u015f, projenin Atat\u00fcrk Havaliman\u0131\u2019n\u0131n hemen yan\u0131 ba\u015f\u0131nda, Florya &#8211; Sefak\u00f6y aks\u0131nda in\u015fa edilece\u011fini s\u00f6yledi. \u201cRezidans, ofis ve \u00e7ar\u015f\u0131dan olu\u015fan karma projede, yatay mimarinin \u0130stanbul\u2019daki en iddial\u0131 \u00f6rneklerinden birini hayata ge\u00e7irmek i\u00e7in \u00e7al\u0131\u015f\u0131yoruz\u201d diye konu\u015fan Olkan G\u00fcne\u015f, \u201cProjemizin konumu bug\u00fcn bile son derece iddial\u0131 iken, yap\u0131m\u0131 s\u00fcren Yenikap\u0131 &#8211; Sefak\u00f6y metro hatt\u0131n\u0131n tamamlanmas\u0131 ile birlikte kelimenin tam anlam\u0131yla \u2018her yere yak\u0131n\u2019 diyebilece\u011fimiz bir konuma sahip olacak. Torkam E5\u2019in sakinleri, toplu ula\u015f\u0131m olanaklar\u0131 ile trafi\u011fe tak\u0131lmadan \u0130stanbul\u2019un hemen her noktas\u0131na kolayca ula\u015fabilecek\u201d dedi.<\/p>\n","protected":false},"excerpt":{"rendered":"<p>Torkam \u0130n\u015faat\u2019\u0131n Florya &#8211; Sefak\u00f6y aks\u0131nda in\u015fa etmeye haz\u0131rland\u0131\u011f\u0131 yeni karma projesi Torkam E5, \u0130stanbul\u2019un \u00f6nemli can damarlar\u0131ndan biri olan E5 Karayolu\u2019na cepheli iddial\u0131 konumu ile dikkat \u00e7ekiyor. 30 y\u0131la yakla\u015fan ge\u00e7mi\u015fi ile gayrimenkul sekt\u00f6r\u00fcn\u00fcn k\u00f6kl\u00fc \u015firketleri aras\u0131nda yer alan Torkam \u0130n\u015faat, \u0130stanbul\u2019un yan\u0131 s\u0131ra\u00a0T\u00fcrkiye\u2019nin farkl\u0131 illerinde in\u015fa etti\u011fi\u00a0projelerine bir yenisini daha eklemeye haz\u0131rlan\u0131yor. Torkam [&hellip;]<\/p>\n","protected":false},"author":1,"featured_media":0,"comment_status":"open","ping_status":"open","sticky":false,"template":"","format":"standard","meta":{"ngg_post_thumbnail":0},"categories":[26,97,5388],"tags":[1923,73,106,112,11503,502,10521,10522,11117,2733],"_links":{"self":[{"href":"https:\/\/emlaktuel.com\/index.php?rest_route=\/wp\/v2\/posts\/20533"}],"collection":[{"href":"https:\/\/emlaktuel.com\/index.php?rest_route=\/wp\/v2\/posts"}],"about":[{"href":"https:\/\/emlaktuel.com\/index.php?rest_route=\/wp\/v2\/types\/post"}],"author":[{"embeddable":true,"href":"https:\/\/emlaktuel.com\/index.php?rest_route=\/wp\/v2\/users\/1"}],"replies":[{"embeddable":true,"href":"https:\/\/emlaktuel.com\/index.php?rest_route=%2Fwp%2Fv2%2Fcomments&post=20533"}],"version-history":[{"count":1,"href":"https:\/\/emlaktuel.com\/index.php?rest_route=\/wp\/v2\/posts\/20533\/revisions"}],"predecessor-version":[{"id":20536,"href":"https:\/\/emlaktuel.com\/index.php?rest_route=\/wp\/v2\/posts\/20533\/revisions\/20536"}],"wp:attachment":[{"href":"https:\/\/emlaktuel.com\/index.php?rest_route=%2Fwp%2Fv2%2Fmedia&parent=20533"}],"wp:term":[{"taxonomy":"category","embeddable":true,"href":"https:\/\/emlaktuel.com\/index.php?rest_route=%2Fwp%2Fv2%2Fcategories&post=20533"},{"taxonomy":"post_tag","embeddable":true,"href":"https:\/\/emlaktuel.com\/index.php?rest_route=%2Fwp%2Fv2%2Ftags&post=20533"}],"curies":[{"name":"wp","href":"https:\/\/api.w.org\/{rel}","templated":true}]}}