{"id":20354,"date":"2018-02-16T11:00:55","date_gmt":"2018-02-16T08:00:55","guid":{"rendered":"http:\/\/emlaktuel.com\/?p=20354"},"modified":"2018-07-05T17:49:20","modified_gmt":"2018-07-05T14:49:20","slug":"insaat-malzemeleri-sanayisinde-guven-ve-beklentilerdeki-artis-kuvvetli-toparlanma-isaretleri-veriyor","status":"publish","type":"post","link":"https:\/\/emlaktuel.com\/?p=20354","title":{"rendered":"\u0130n\u015faat malzemeleri sanayisinde, g\u00fcven ve beklentilerdeki art\u0131\u015f, kuvvetli toparlanma i\u015faretleri veriyor"},"content":{"rendered":"<p><img loading=\"lazy\" class=\"size-full wp-image-18828\" src=\"http:\/\/emlaktuel.com\/wp-content\/uploads\/2017\/10\/1509449003_imsad_logo_png.png\" alt=\"imsad\" width=\"1672\" height=\"628\" \/><\/p>\n<p><strong>\u0130n\u015faat Malzemeleri Sanayi Bile\u015fik Endeksi, 2018\u2019in ilk ay\u0131nda, \u00e7ok s\u0131n\u0131rl\u0131 \u00f6l\u00e7\u00fcde geriledi ve 98,96 puan olarak ger\u00e7ekle\u015fti. Mevsimsellik ile birlikte faaliyetlerin geriledi\u011fi Ocak ay\u0131nda, g\u00fcven ve beklentilerde iyile\u015fme devam etti. Bu geli\u015fmelerin ard\u0131ndan Bile\u015fik Endeks, ge\u00e7en y\u0131l\u0131n Ocak ay\u0131na g\u00f6re 10 puan daha y\u00fcksek ger\u00e7ekle\u015firken, t\u00fcm alt endeksler de ge\u00e7en y\u0131l\u0131n Ocak ay\u0131n\u0131n \u00fczerinde kapand\u0131. Raporda, g\u00fcven ve beklentilerdeki art\u0131\u015f\u0131n, yakla\u015fan yeni sezon faaliyetleri i\u00e7in kuvvetli toparlanma i\u015faretleri verdi\u011fi belirtildi.<\/strong><\/p>\n<p><strong><br \/>\nT\u00fcrkiye \u0130n\u015faat Malzemesi Sanayicileri Derne\u011fi (T\u00fcrkiye \u0130MSAD)<\/strong> taraf\u0131ndan her ay d\u00fczenli olarak yay\u0131nlanan <strong>\u0130n\u015faat Malzemeleri Sanayi Bile\u015fik Endeksi<\/strong>\u2019nin <strong>Ocak 2018 <\/strong>sonu\u00e7lar\u0131 a\u00e7\u0131kland\u0131. Ocak ay\u0131nda s\u0131n\u0131rl\u0131 \u00f6l\u00e7\u00fcde gerileyen Bile\u015fik Endeks, <strong>98,96 <\/strong>puan olarak ger\u00e7ekle\u015fti. Mevsimsellik ile birlikte faaliyetler gerilerken g\u00fcven ve beklentilerde iyile\u015fmenin devam etti\u011fi vurgulanan Bile\u015fik Endeks\u2019te \u015fu bilgiler yer ald\u0131:<\/p>\n<p><strong>Faaliyetler mevsimselli\u011fin etkisi ile geriledi<\/strong><\/p>\n<p>Faaliyetlerde beklentilere paralel olarak mevsimsellik ile birlikte t\u00fcm alt unsurlarda gerileme ya\u015fand\u0131. \u0130\u00e7 sat\u0131\u015flar ve ihracat birlikte d\u00fc\u015ft\u00fc, \u00fcretim ve cirolarda da gerileme oldu. Bu gerilemede mevsimselli\u011fin d\u0131\u015f\u0131nda ba\u015fka bir etken olmamas\u0131 nedeniyle \u015eubat ay\u0131ndan itibaren geleneksel toparlanman\u0131n ba\u015flamas\u0131 bekleniyor.<\/p>\n<p>\u0130n\u015faat malzemeleri sanayisinde faaliyetlerde Ocak ay\u0131nda bir \u00f6nceki aya g\u00f6re gerileme ger\u00e7ekle\u015fti. Ocak ay\u0131nda mevsimsellik in\u015faat faaliyetleri \u00fczerinde en kuvvetli etkisini g\u00f6sterdi.<\/p>\n<p>Faaliyet endeksi Ocak ay\u0131nda Aral\u0131k ay\u0131na g\u00f6re <strong>1,8<\/strong> puan d\u00fc\u015ft\u00fc. Buna ra\u011fmen Ocak ay\u0131nda faaliyet seviyesi ge\u00e7en y\u0131l\u0131n Ocak ay\u0131n\u0131n <strong>15,1<\/strong> puan \u00fczerine \u00e7\u0131kt\u0131. Yurti\u00e7i sat\u0131\u015flar Ocak ay\u0131nda \u00f6nemli \u00f6l\u00e7\u00fcde geriledi. \u0130hracat seviyesi Aral\u0131k ay\u0131ndan sonra Ocak ay\u0131nda da s\u0131n\u0131rl\u0131 \u00f6l\u00e7\u00fcde azald\u0131. \u00dcretimde mevsimsellik ile d\u00fc\u015f\u00fc\u015f ger\u00e7ekle\u015fti. Cirolar Ocak ay\u0131nda i\u00e7 ve d\u0131\u015f sat\u0131\u015flardaki gerilemeye ba\u011fl\u0131 olarak d\u00fc\u015ft\u00fc. Tahsilat h\u0131z\u0131ndaki gerilemenin ise yava\u015flamakla birlikte devam etti\u011fi g\u00f6r\u00fcld\u00fc.<\/p>\n<h3><strong>G\u00fcven endeksinde iyile\u015fme Ocak ay\u0131nda da s\u00fcrd\u00fc<\/strong><\/h3>\n<p>Ocak ay\u0131nda faaliyetlerin zay\u0131flamas\u0131 ve jeopolitik alanda ya\u015fanan risklere ra\u011fmen g\u00fcven art\u0131\u015f\u0131 sekt\u00f6r\u00fcn kendi dinamiklerinin sa\u011fl\u0131kl\u0131 oldu\u011funu g\u00f6sterdi. G\u00fcven endeksinde, Aral\u0131k ay\u0131ndaki s\u0131n\u0131rl\u0131 art\u0131\u015f\u0131n ard\u0131ndan Ocak ay\u0131nda da yine s\u0131n\u0131rl\u0131 bir art\u0131\u015f ya\u015fand\u0131. B\u00f6ylece g\u00fcvende kademeli ve yava\u015f bir iyile\u015fme ba\u015flad\u0131. Ocak ay\u0131nda g\u00fcvendeki art\u0131\u015f, mevsimsellik ile \u00f6nemli \u00f6l\u00e7\u00fcde d\u00fc\u015fen faaliyetlere ra\u011fmen ger\u00e7ekle\u015fti. G\u00fcven endeksinde iki ay \u00fcst \u00fcste ya\u015fanan art\u0131\u015f\u0131n \u00f6nemli bulundu\u011fu endekse g\u00f6re, g\u00fcven seviyesi bir \u00f6nceki aya g\u00f6re <strong>0,5<\/strong> puan artt\u0131. B\u00f6ylece g\u00fcven seviyesi, ge\u00e7en y\u0131l\u0131n ayn\u0131 ay\u0131ndaki g\u00fcven seviyesinin <strong>4,7<\/strong> puan \u00fczerinde kald\u0131. Uzun s\u00fcre sonra s\u0131n\u0131rl\u0131 da olsa Aral\u0131k ay\u0131nda artan T\u00fcrkiye ekonomisine ili\u015fkin g\u00fcven, Ocak ay\u0131nda dura\u011fanla\u015ft\u0131. Yurti\u00e7i pazarlar\u0131na y\u00f6nelik g\u00fcven de Ocak ay\u0131nda dura\u011fan kald\u0131. \u0130hracat pazarlar\u0131na y\u00f6nelik g\u00fcven ise Ocak ay\u0131nda da art\u0131\u015f\u0131na devam etti. En y\u00fcksek g\u00fcven art\u0131\u015f\u0131 ihracat pazarlar\u0131na y\u00f6nelik oldu. G\u00fcven unsurlar\u0131nda Aral\u0131k ay\u0131ndan sonra Ocak ay\u0131nda da ya\u015fanan art\u0131\u015f, s\u0131n\u0131rl\u0131 da olsa yakla\u015fan yeni sezon i\u00e7in \u00fcmit verdi.<\/p>\n<p><strong><br \/>\n\u00dcretim, yat\u0131r\u0131m ve istihdam beklentilerinde \u00f6nemli art\u0131\u015f<\/strong><\/p>\n<p>Beklenti endeksinde, Ocak ay\u0131ndaki kuvvetli mevsimsellik etkisine ra\u011fmen art\u0131\u015f ya\u015fand\u0131. Sadece i\u00e7 pazar sipari\u015f beklentileri gerilerken, ihracat sipari\u015fleri beklentilerinde hissedilir bir art\u0131\u015f ger\u00e7ekle\u015fti. \u00dcretim, yat\u0131r\u0131m ve istihdam beklentilerinde de art\u0131\u015f g\u00f6r\u00fcld\u00fc. Ocak ay\u0131nda beklentilerde Aral\u0131k ay\u0131nda oldu\u011fu gibi s\u0131n\u0131rl\u0131 bir iyile\u015fme oldu. Ocak ay\u0131nda faaliyetlerdeki d\u00fc\u015f\u00fc\u015fe ve ya\u015fanan d\u0131\u015f politika ile jeopolitik alan\u0131ndaki \u00f6nemli geli\u015fmelere ra\u011fmen beklentilerdeki iyile\u015fme sekt\u00f6r\u00fcn dinamiklerinin sa\u011fl\u0131kl\u0131 \u00e7al\u0131\u015ft\u0131\u011f\u0131n\u0131 g\u00f6sterdi.<\/p>\n<p>Beklenti endeksi Ocak ay\u0131nda bir \u00f6nceki aya g\u00f6re <strong>0,7<\/strong> puan artt\u0131. B\u00f6ylece beklenti endeksi ge\u00e7en y\u0131l\u0131n ayn\u0131 d\u00f6nemine g\u00f6re <strong>10,9<\/strong> puan daha y\u00fcksek ger\u00e7ekle\u015fti. Beklentiler Ocak ay\u0131nda ge\u00e7en y\u0131l\u0131n ayn\u0131 d\u00f6neminin \u00fczerinde kalmaya artarak devam etti.T\u00fcrkiye ekonomisine ili\u015fkin beklentiler, Ocak ay\u0131nda dura\u011fanla\u015ft\u0131. \u0130n\u015faat malzemeleri sanayisine ili\u015fkin beklentiler ise Ocak ay\u0131nda s\u0131n\u0131rl\u0131 \u00f6l\u00e7\u00fcde artt\u0131. \u00d6n\u00fcm\u00fczdeki \u00fc\u00e7 aya ili\u015fkin al\u0131nan yurti\u00e7i sipari\u015fler mevsimsellik ile s\u0131n\u0131rl\u0131 \u00f6l\u00e7\u00fcde d\u00fc\u015ft\u00fc. \u00d6n\u00fcm\u00fczdeki \u00fc\u00e7 aya ili\u015fkin ihracat sipari\u015flerindeki art\u0131\u015f, Ocak ay\u0131nda yeniden ivme kazand\u0131 ve olduk\u00e7a y\u00fcksek bir seviyede ger\u00e7ekle\u015fti. Yeni sezon yakla\u015f\u0131rken \u00f6n\u00fcm\u00fczdeki \u00fc\u00e7 ay\u0131n \u00fcretim, yat\u0131r\u0131m ve istihdam beklentilerinde \u00f6nemli art\u0131\u015flar ya\u015fand\u0131.<\/p>\n","protected":false},"excerpt":{"rendered":"<p>\u0130n\u015faat Malzemeleri Sanayi Bile\u015fik Endeksi, 2018\u2019in ilk ay\u0131nda, \u00e7ok s\u0131n\u0131rl\u0131 \u00f6l\u00e7\u00fcde geriledi ve 98,96 puan olarak ger\u00e7ekle\u015fti. Mevsimsellik ile birlikte faaliyetlerin geriledi\u011fi Ocak ay\u0131nda, g\u00fcven ve beklentilerde iyile\u015fme devam etti. Bu geli\u015fmelerin ard\u0131ndan Bile\u015fik Endeks, ge\u00e7en y\u0131l\u0131n Ocak ay\u0131na g\u00f6re 10 puan daha y\u00fcksek ger\u00e7ekle\u015firken, t\u00fcm alt endeksler de ge\u00e7en y\u0131l\u0131n Ocak ay\u0131n\u0131n \u00fczerinde kapand\u0131. [&hellip;]<\/p>\n","protected":false},"author":1,"featured_media":0,"comment_status":"open","ping_status":"open","sticky":false,"template":"","format":"standard","meta":{"ngg_post_thumbnail":0},"categories":[26,97,5388],"tags":[11148,67,8715,11377,11530,11159,2731,11539],"_links":{"self":[{"href":"https:\/\/emlaktuel.com\/index.php?rest_route=\/wp\/v2\/posts\/20354"}],"collection":[{"href":"https:\/\/emlaktuel.com\/index.php?rest_route=\/wp\/v2\/posts"}],"about":[{"href":"https:\/\/emlaktuel.com\/index.php?rest_route=\/wp\/v2\/types\/post"}],"author":[{"embeddable":true,"href":"https:\/\/emlaktuel.com\/index.php?rest_route=\/wp\/v2\/users\/1"}],"replies":[{"embeddable":true,"href":"https:\/\/emlaktuel.com\/index.php?rest_route=%2Fwp%2Fv2%2Fcomments&post=20354"}],"version-history":[{"count":1,"href":"https:\/\/emlaktuel.com\/index.php?rest_route=\/wp\/v2\/posts\/20354\/revisions"}],"predecessor-version":[{"id":20356,"href":"https:\/\/emlaktuel.com\/index.php?rest_route=\/wp\/v2\/posts\/20354\/revisions\/20356"}],"wp:attachment":[{"href":"https:\/\/emlaktuel.com\/index.php?rest_route=%2Fwp%2Fv2%2Fmedia&parent=20354"}],"wp:term":[{"taxonomy":"category","embeddable":true,"href":"https:\/\/emlaktuel.com\/index.php?rest_route=%2Fwp%2Fv2%2Fcategories&post=20354"},{"taxonomy":"post_tag","embeddable":true,"href":"https:\/\/emlaktuel.com\/index.php?rest_route=%2Fwp%2Fv2%2Ftags&post=20354"}],"curies":[{"name":"wp","href":"https:\/\/api.w.org\/{rel}","templated":true}]}}