{"id":20249,"date":"2018-02-12T22:06:04","date_gmt":"2018-02-12T19:06:04","guid":{"rendered":"http:\/\/emlaktuel.com\/?p=20249"},"modified":"2018-07-05T17:48:18","modified_gmt":"2018-07-05T14:48:18","slug":"studio-vertebradan-fark-yaratan-tasarim-validebag-konaklari-satis-ofisi","status":"publish","type":"post","link":"https:\/\/emlaktuel.com\/?p=20249","title":{"rendered":"Studio Vertebra\u2019dan Fark Yaratan Tasar\u0131m: Valideba\u011f Konaklar\u0131 Sat\u0131\u015f Ofisi"},"content":{"rendered":"<p><img loading=\"lazy\" class=\"size-full wp-image-20250 aligncenter\" src=\"http:\/\/emlaktuel.com\/wp-content\/uploads\/2018\/02\/1518421232_StudioVertebra_ValidebagKonaklariSatisOfisi__1_.jpg\" alt=\"\" width=\"4288\" height=\"2848\" \/><\/p>\n<h3>Studio Vertebra\u00a0taraf\u0131ndan Dap Yap\u0131\u2019n\u0131n giri\u015fimiyle \u0130stanbul \u00dcsk\u00fcdar\u2019da hayata ge\u00e7en Valideba\u011f Konaklar\u0131 projesi i\u00e7in tasarlanan \u201cValideba\u011f Konaklar\u0131 Sat\u0131\u015f Ofisi\u201d, tasar\u0131m\u0131yla ziyaret\u00e7ilere yaln\u0131zca evi de\u011fil, i\u00e7inde ya\u015fayacaklar\u0131 semti de deneyimleme \u015fans\u0131 tan\u0131rken, dikkat \u00e7ekici dikey formuyla kendi varl\u0131\u011f\u0131n\u0131 g\u00fc\u00e7l\u00fc bir bi\u00e7imde hissettiriyor.<\/h3>\n<p>Kurulu\u015fundan bu yana mimari, i\u00e7 mimari ve restorasyon alanlar\u0131nda ulusal ve uluslararas\u0131 \u00f6l\u00e7ekte \u2018\u00e7ok disiplinli\u2019 \u00e7al\u0131\u015fmalar y\u00fcr\u00fcten,\u00a0<strong>Ba\u015f<\/strong>\u00a0<strong>Mimar Gencer Yal\u00e7\u0131n, Y. Mimar Dil\u015fad \u00d6ktem Aslaner, Y. Mimar Bahar Y\u00fccel\u00a0<\/strong>ve\u00a0<strong>\u0130\u00e7 Mimar Efe Ka\u011fan H\u0131zar<\/strong>\u2019\u0131n ortakl\u0131\u011f\u0131ndaki \u0130stanbul merkezli tasar\u0131m ofisi\u00a0<strong>Studio Vertebra<\/strong>\u2019n\u0131n,\u00a0<strong>Dap Yap\u0131<\/strong>\u2019n\u0131n\u00a0<strong>\u00dcsk\u00fcdar\u2019daki Valideba\u011f Konaklar\u0131 projesi<\/strong>\u00a0i\u00e7in tasarlad\u0131\u011f\u0131 730 m\u00b2 in\u015faat alan\u0131na sahip\u00a0<strong>Valideba\u011f Konaklar\u0131 Sat\u0131\u015f Ofisi<\/strong>, ev sahibi olmay\u0131 d\u00fc\u015f\u00fcnenlere sadece evi de\u011fil i\u00e7erisinde ya\u015fayacaklar\u0131 semti de deneyimleme f\u0131rsat\u0131 sunan tasar\u0131m\u0131 ve dikey formuyla sat\u0131\u015f ofisi yap\u0131lar\u0131 aras\u0131nda fark yarat\u0131yor.<\/p>\n<p><strong>Studio Vertebra<\/strong>, sat\u0131\u015f ofislerinin do\u011falar\u0131 gere\u011fi ge\u00e7ici yap\u0131lar olarak k\u0131sa s\u00fcreli bir \u00f6m\u00fcrleri olmas\u0131 nedeniyle,\u00a0<strong>Valideba\u011f Konaklar\u0131 Sat\u0131\u015f Ofisi<\/strong>\u2019nin tasar\u0131m\u0131n\u0131n m\u00fcmk\u00fcn oldu\u011funca dikkat \u00e7ekici olmas\u0131n\u0131 ama\u00e7lam\u0131\u015f. Dikey d\u00fc\u015f\u00fcn\u00fclm\u00fc\u015f formuyla kendi varl\u0131\u011f\u0131n\u0131 g\u00fc\u00e7l\u00fc bir \u015fekilde hissettiren, \u201cben buraday\u0131m\u201d hissi veren bir tasar\u0131m kurgulam\u0131\u015f. B\u00f6ylece, yap\u0131n\u0131n k\u0131sa s\u00fcreli varl\u0131\u011f\u0131 boyunca b\u00f6lge \u00e7evresini etkilemesi hedeflenmi\u015f.<span class=\"m_-7012801261078956734redactor-invisible-space\"><br \/>\n<\/span><\/p>\n<p><span class=\"m_-7012801261078956734redactor-invisible-space\"><strong>Valideba\u011f Konaklar\u0131 Sat\u0131\u015f Ofisi<\/strong>, i\u00e7 mek\u00e2nda kullan\u0131c\u0131n\u0131n in\u015faat sahas\u0131n\u0131 ve proje \u00e7evresini alg\u0131lamas\u0131na yard\u0131mc\u0131 olurken, ev sahibi olacaklar\u0131n mahalleyi ve lokasyonu g\u00f6zlemlemesine de olanak sa\u011fl\u0131yor. B\u00f6ylelikle kullan\u0131c\u0131 sadece evi de\u011fil i\u00e7erisinde ya\u015fayaca\u011f\u0131 semti de tecr\u00fcbe etmi\u015f oluyor.\u00a0<strong>Valideba\u011f Konaklar\u0131 Sat\u0131\u015f Ofisi<\/strong>\u2019nde olu\u015fturulan teras alan\u0131 ise projeyle ilgilenenlere\u00a0<strong>Valideba\u011f Korusu<\/strong>\u00a0ve\u00a0<strong>Tarihi Adile Sultan Saray\u0131<\/strong>\u2019n\u0131n seyir keyfini ya\u015fat\u0131yor.<\/span><\/p>\n<h3><strong><i>Studio Vertebra Hakk\u0131nda:<\/i><\/strong><\/h3>\n<p><strong><i>Studio Vertebra<\/i><\/strong><i>\u00a02009 y\u0131l\u0131nda d\u00f6rt orta\u011f\u0131n birlikte kurdu\u011fu bir mimari tasar\u0131m ofisidir. Mimari, i\u00e7 mimari ve eski eser proje hizmetleri alanlar\u0131nda \u201c\u00e7ok disiplinli\u201d \u00e7al\u0131\u015fmalar yapmaktad\u0131r.<\/i><\/p>\n<p><i>Projelerinde; kentsel, mimari ve i\u00e7 mimari fakt\u00f6rler bir arada g\u00f6zetilerek \u201cb\u00fct\u00fcnsel\u201d bir yakla\u015f\u0131m benimsemektedir. Tasar\u0131m s\u00fcreci bireysel kanaatlerden uzakt\u0131r, ekipteki t\u00fcm tasar\u0131mc\u0131lar s\u00fcrecin geli\u015fmesine katk\u0131 sa\u011flar. \u0130\u015fveren talepleri, tasar\u0131mda \u00f6nemli bir fakt\u00f6r olarak de\u011ferlendirilir ve i\u015fveren de ekibin bir par\u00e7as\u0131 olarak g\u00f6r\u00fcl\u00fcr. S\u00f6z konusu \u201c\u00e7ok girdili\u201d yakla\u015f\u0131m, \u201ct\u00fcmel\u201d proje anlay\u0131\u015f\u0131n\u0131n uzant\u0131s\u0131d\u0131r.<\/i><\/p>\n<p><i>\u00c7al\u0131\u015fma \u00f6l\u00e7ekleri, y\u00fcksek metrajl\u0131 kentsel d\u00fczenlemelerden ba\u015flay\u0131p farkl\u0131 tip ve \u00f6l\u00e7eklere sahip t\u00fcm mimari yap\u0131lard\u0131r. \u0130\u00e7 mimari projeler, mimari tipolojilerle e\u015f sesli olmakla beraber, mekan\u0131n niteliklerine g\u00f6re butik ve noktasal \u00f6l\u00e7eklerde de form\u00fcle edilmektedir.<\/i><\/p>\n<p><strong><i>Studio Vertebra,\u00a0<\/i><\/strong><i>kentsel planla do\u011fru ili\u015fki kurabilen iyi \u00e7\u00f6z\u00fcmlenmi\u015f i\u00e7 hacimler olu\u015fturur. \u0130nsan mekan oran\u0131n\u0131 baz alarak s\u00fcrd\u00fcr\u00fclebilirli\u011fi de sa\u011flayan ve k\u00fcresel mimari de\u011ferleri bar\u0131nd\u0131ran projeler yapmay\u0131 esas kabul eder. B\u00fct\u00fcn \u00e7al\u0131\u015fmalar\u0131n\u0131 \u201ct\u00fcmel\u201d yakla\u015f\u0131m merkezinde olu\u015fturur.<\/i><\/p>\n","protected":false},"excerpt":{"rendered":"<p>Studio Vertebra\u00a0taraf\u0131ndan Dap Yap\u0131\u2019n\u0131n giri\u015fimiyle \u0130stanbul \u00dcsk\u00fcdar\u2019da hayata ge\u00e7en Valideba\u011f Konaklar\u0131 projesi i\u00e7in tasarlanan \u201cValideba\u011f Konaklar\u0131 Sat\u0131\u015f Ofisi\u201d, tasar\u0131m\u0131yla ziyaret\u00e7ilere yaln\u0131zca evi de\u011fil, i\u00e7inde ya\u015fayacaklar\u0131 semti de deneyimleme \u015fans\u0131 tan\u0131rken, dikkat \u00e7ekici dikey formuyla kendi varl\u0131\u011f\u0131n\u0131 g\u00fc\u00e7l\u00fc bir bi\u00e7imde hissettiriyor. Kurulu\u015fundan bu yana mimari, i\u00e7 mimari ve restorasyon alanlar\u0131nda ulusal ve uluslararas\u0131 \u00f6l\u00e7ekte \u2018\u00e7ok disiplinli\u2019 [&hellip;]<\/p>\n","protected":false},"author":1,"featured_media":20250,"comment_status":"open","ping_status":"open","sticky":false,"template":"","format":"standard","meta":{"ngg_post_thumbnail":0},"categories":[26,97,5388],"tags":[11575,11148,11198,106,11098,11406,11211,6586],"_links":{"self":[{"href":"https:\/\/emlaktuel.com\/index.php?rest_route=\/wp\/v2\/posts\/20249"}],"collection":[{"href":"https:\/\/emlaktuel.com\/index.php?rest_route=\/wp\/v2\/posts"}],"about":[{"href":"https:\/\/emlaktuel.com\/index.php?rest_route=\/wp\/v2\/types\/post"}],"author":[{"embeddable":true,"href":"https:\/\/emlaktuel.com\/index.php?rest_route=\/wp\/v2\/users\/1"}],"replies":[{"embeddable":true,"href":"https:\/\/emlaktuel.com\/index.php?rest_route=%2Fwp%2Fv2%2Fcomments&post=20249"}],"version-history":[{"count":1,"href":"https:\/\/emlaktuel.com\/index.php?rest_route=\/wp\/v2\/posts\/20249\/revisions"}],"predecessor-version":[{"id":20251,"href":"https:\/\/emlaktuel.com\/index.php?rest_route=\/wp\/v2\/posts\/20249\/revisions\/20251"}],"wp:featuredmedia":[{"embeddable":true,"href":"https:\/\/emlaktuel.com\/index.php?rest_route=\/wp\/v2\/media\/20250"}],"wp:attachment":[{"href":"https:\/\/emlaktuel.com\/index.php?rest_route=%2Fwp%2Fv2%2Fmedia&parent=20249"}],"wp:term":[{"taxonomy":"category","embeddable":true,"href":"https:\/\/emlaktuel.com\/index.php?rest_route=%2Fwp%2Fv2%2Fcategories&post=20249"},{"taxonomy":"post_tag","embeddable":true,"href":"https:\/\/emlaktuel.com\/index.php?rest_route=%2Fwp%2Fv2%2Ftags&post=20249"}],"curies":[{"name":"wp","href":"https:\/\/api.w.org\/{rel}","templated":true}]}}