{"id":20157,"date":"2018-02-02T14:41:47","date_gmt":"2018-02-02T11:41:47","guid":{"rendered":"http:\/\/emlaktuel.com\/?p=20157"},"modified":"2018-07-05T17:47:13","modified_gmt":"2018-07-05T14:47:13","slug":"tum-cocuklara-yariyil-hediyesi-eston-sehir-korudan","status":"publish","type":"post","link":"https:\/\/emlaktuel.com\/?p=20157","title":{"rendered":"T\u00fcm \u00e7ocuklara yar\u0131y\u0131l hediyesi Eston \u015eehir Koru\u2019dan"},"content":{"rendered":"<p style=\"font-weight: 400;\"><strong>\u00a0<img loading=\"lazy\" class=\"size-full wp-image-12974 aligncenter\" src=\"http:\/\/emlaktuel.com\/wp-content\/uploads\/2017\/04\/ODk1MjkxMj-eston-sehir-mahallemde-son-50-daire-icin-yeni-kampanya.jpg\" alt=\"\" width=\"468\" height=\"300\" \/><\/strong><\/p>\n<p style=\"font-weight: 400;\"><strong>Bah\u00e7e\u015fehir\u2019in en g\u00fczel projesi Eston \u015eehir Koru, tatilin son g\u00fcn\u00fcnde Gymboree ile \u00e7ocuklara \u00e7ok \u00f6zel s\u00fcrprizler haz\u0131rlad\u0131. Birbirinden renkli ve e\u011flenceli aktivitelere sahne olacak organizasyon 4 \u015eubat Pazar g\u00fcn\u00fc 13.00\u2019te ba\u015flayacak.<\/strong><\/p>\n<p style=\"font-weight: 400;\"><strong>\u00a0<\/strong><\/p>\n<h3><strong><img loading=\"lazy\" class=\"alignleft wp-image-20158\" src=\"http:\/\/emlaktuel.com\/wp-content\/uploads\/2018\/02\/Eston-Sehir-Koru.jpg\" alt=\"\" width=\"398\" height=\"826\" \/><\/strong><\/h3>\n<p style=\"font-weight: 400;\">Nefes ald\u0131ran meydanlar\u0131, korular\u0131, a\u00e7\u0131k hava sinemas\u0131, amfi tiyatrosu, sebze meyve bah\u00e7eleri, g\u00f6leti ve k\u00f6pek park\u0131yla s\u0131ra d\u0131\u015f\u0131 bir proje olan Eston \u015eehir Koru, d\u00fczenledi\u011fi etkinliklerle de fark yarat\u0131yor. Eston \u015eehir Koru s\u00f6mestr tatilinin son g\u00fcn\u00fcnde \u00e7ok \u00f6zel bir etkinli\u011fe imza atacak. \u00c7ocuk etkinlikleri alan\u0131nda uzman Gymboree\u2019nin kat\u0131l\u0131m\u0131yla ger\u00e7ekle\u015fecek etkinlik, \u00e7e\u015fitli resim, m\u00fczik ve \u00f6\u011fretici aktivitelerle \u00e7ocuklar\u0131n geli\u015fimine katk\u0131 sa\u011flayacak.<\/p>\n<p style=\"font-weight: 400;\">\u201cGymbo shake it\u201d \u015fark\u0131s\u0131yla ba\u015flayacak etkinlik, \u201cBaget solo\u201d ritm \u015fovuyla devam edecek. \u0130ki ayr\u0131 sanat at\u00f6lyesiyle keyifli vakit ge\u00e7irecek \u00e7ocuklar, Gymboree Parkuru, Survivor Yar\u0131\u015fmas\u0131, \u00c7uval Yar\u0131\u015f\u0131 ve Karnaval Etkinlikleri\u2019yle \u00e7ok e\u011flenecek. Organizasyon para\u015f\u00fct ve Gymbo Dans\u0131\u2019yla sona erecek.<\/p>\n<h3 style=\"font-weight: 400;\"><strong>4 bin ki\u015filik kasaba<\/strong><\/h3>\n<p style=\"font-weight: 400;\">4 bin ki\u015filik bir kasaba olarak planlanan Eston \u015eehir Koru projesinde 1.700 adet b\u00fcy\u00fck a\u011fa\u00e7, 26 bin 400 bodur a\u011fa\u00e7 dikilecek. Eston \u015eehir Koru do\u011fa ile i\u00e7 i\u00e7e tenis kortu, futbol ve basketbol sahalar\u0131, bisiklet ve ko\u015fu yollar\u0131 ile sa\u011fl\u0131\u011f\u0131n\u0131z\u0131 koruyacak. Hayat enerjinizi koruyacak,\u00a0 gelece\u011finizi koruyacak, i\u00e7inizdeki \u00e7ocu\u011fu koruyacak. Avrupa \u015eehircilik \u00d6d\u00fcl\u00fc\u2019ne sahip ve y\u00fcksek prim potansiyelinin yan\u0131 s\u0131ra ticari imkanlar\u0131yla da dikkat \u00e7eken Eston \u015eehir Koru\u2019da yap\u0131lacak yat\u0131r\u0131m her g\u00fcn katlanarak de\u011fer kazanacak. 2019\u2019un ikinci yar\u0131s\u0131nda tamamlanmas\u0131 planlanan proje 2+1\u2019den ba\u015flayarak 5,5+1\u2019e kadar uzanan geni\u015f bir yelpazede konut tipleri 5 bin 500 TL\u2019den ba\u015flayan metrekare fiyat\u0131yla sat\u0131\u015fa sunuldu. En k\u00fc\u00e7\u00fck daire 126 metrekare ve 640 bin TL\u2019den sat\u0131lacak. Bah\u00e7eli evlerin fiyat\u0131 900 bin TL ile 1 milyon 500 bin TL aras\u0131nda de\u011fi\u015fiyor.<\/p>\n","protected":false},"excerpt":{"rendered":"<p>\u00a0 Bah\u00e7e\u015fehir\u2019in en g\u00fczel projesi Eston \u015eehir Koru, tatilin son g\u00fcn\u00fcnde Gymboree ile \u00e7ocuklara \u00e7ok \u00f6zel s\u00fcrprizler haz\u0131rlad\u0131. Birbirinden renkli ve e\u011flenceli aktivitelere sahne olacak organizasyon 4 \u015eubat Pazar g\u00fcn\u00fc 13.00\u2019te ba\u015flayacak. \u00a0 Nefes ald\u0131ran meydanlar\u0131, korular\u0131, a\u00e7\u0131k hava sinemas\u0131, amfi tiyatrosu, sebze meyve bah\u00e7eleri, g\u00f6leti ve k\u00f6pek park\u0131yla s\u0131ra d\u0131\u015f\u0131 bir proje olan Eston [&hellip;]<\/p>\n","protected":false},"author":1,"featured_media":20187,"comment_status":"open","ping_status":"open","sticky":false,"template":"","format":"standard","meta":{"ngg_post_thumbnail":0},"categories":[26,97,5388],"tags":[349,11543,5740,5741,10205,11130,741,11246,11266,11236],"_links":{"self":[{"href":"https:\/\/emlaktuel.com\/index.php?rest_route=\/wp\/v2\/posts\/20157"}],"collection":[{"href":"https:\/\/emlaktuel.com\/index.php?rest_route=\/wp\/v2\/posts"}],"about":[{"href":"https:\/\/emlaktuel.com\/index.php?rest_route=\/wp\/v2\/types\/post"}],"author":[{"embeddable":true,"href":"https:\/\/emlaktuel.com\/index.php?rest_route=\/wp\/v2\/users\/1"}],"replies":[{"embeddable":true,"href":"https:\/\/emlaktuel.com\/index.php?rest_route=%2Fwp%2Fv2%2Fcomments&post=20157"}],"version-history":[{"count":1,"href":"https:\/\/emlaktuel.com\/index.php?rest_route=\/wp\/v2\/posts\/20157\/revisions"}],"predecessor-version":[{"id":20159,"href":"https:\/\/emlaktuel.com\/index.php?rest_route=\/wp\/v2\/posts\/20157\/revisions\/20159"}],"wp:featuredmedia":[{"embeddable":true,"href":"https:\/\/emlaktuel.com\/index.php?rest_route=\/wp\/v2\/media\/20187"}],"wp:attachment":[{"href":"https:\/\/emlaktuel.com\/index.php?rest_route=%2Fwp%2Fv2%2Fmedia&parent=20157"}],"wp:term":[{"taxonomy":"category","embeddable":true,"href":"https:\/\/emlaktuel.com\/index.php?rest_route=%2Fwp%2Fv2%2Fcategories&post=20157"},{"taxonomy":"post_tag","embeddable":true,"href":"https:\/\/emlaktuel.com\/index.php?rest_route=%2Fwp%2Fv2%2Ftags&post=20157"}],"curies":[{"name":"wp","href":"https:\/\/api.w.org\/{rel}","templated":true}]}}