{"id":20037,"date":"2018-01-17T23:27:12","date_gmt":"2018-01-17T20:27:12","guid":{"rendered":"http:\/\/emlaktuel.com\/?p=20037"},"modified":"2018-07-05T17:45:23","modified_gmt":"2018-07-05T14:45:23","slug":"40-yillik-deneyimini-ve-turkiyenin-potansiyelini-korfezli-yatirimcilara-anlatti","status":"publish","type":"post","link":"https:\/\/emlaktuel.com\/?p=20037","title":{"rendered":"40 y\u0131ll\u0131k deneyimini ve T\u00fcrkiye&#8217;nin potansiyelini k\u00f6rfezli yat\u0131r\u0131mc\u0131lara anlatt\u0131"},"content":{"rendered":"<p><img loading=\"lazy\" class=\"size-full wp-image-20038 aligncenter\" src=\"http:\/\/emlaktuel.com\/wp-content\/uploads\/2018\/01\/ARTAS_KATAR-FUARI_1.jpg\" alt=\"\" width=\"4616\" height=\"3531\" \/><br \/>\nK\u00f6rfez b\u00f6lgesinin \u00f6nemli gayrimenkul fuarlar\u0131ndan Expo Turkey by Qatar\u2019a sat\u0131\u015f\u0131 devam eden<br \/>\nprojeleriyle kat\u0131lan Arta\u015f \u0130n\u015faat, T\u00fcrkiye\u2019nin y\u00fcksek yat\u0131r\u0131m potansiyelini K\u00f6rfezli yat\u0131r\u0131mc\u0131lara<br \/>\nsundu. Avrupa Konutlar\u0131 markas\u0131yla in\u015faat sekt\u00f6r\u00fcn\u00fcn en g\u00fcvenilir firmalar\u0131 aras\u0131nda \u00f6ne \u00e7\u0131kan<br \/>\nArta\u015f \u0130n\u015faat, ge\u00e7en y\u0131l oldu\u011fu gibi bu y\u0131l da K\u00f6rfezli yat\u0131r\u0131mc\u0131lar\u0131n ilgi oda\u011f\u0131ndayd\u0131.<br \/>\nUluslararas\u0131 alanda b\u00fcy\u00fck \u00f6l\u00e7ekli projeler geli\u015ftirien Arta\u015f \u0130n\u015faat, Expo Turkey by Qatar\u2019da K\u00f6rfez<br \/>\nb\u00f6lgesi yat\u0131r\u0131mc\u0131lar\u0131n\u0131n yo\u011fun ilgisiyle kar\u015f\u0131la\u015ft\u0131.<br \/>\nArta\u015f \u0130n\u015faat fuarda; Avrupa Konutlar\u0131 Yamanevler, Avrupa Konutlar\u0131 Ba\u015fak\u015fehir, Avrupa Residence<br \/>\n&amp;amp; Office Atak\u00f6y, Avrupa Office Ata\u015fehir, Avrupa Konutlar\u0131 Kale 2, Avrupa Konutlar\u0131 Atakent 4 ile<br \/>\nortak giri\u015fimlerle geli\u015ftirilen Vadistanbul ve Tema \u0130stanbul\u2019un tan\u0131t\u0131m\u0131n\u0131 yapt\u0131.<br \/>\nK\u00f6rfezli yat\u0131r\u0131mc\u0131lar\u0131n T\u00fcrkiye\u2019deki gayrimenkul piyasas\u0131yla yak\u0131ndan ilgili olduklar\u0131n\u0131 belirten<br \/>\nArta\u015f \u0130n\u015faat Y\u00f6netim Kurulu Ba\u015fkan\u0131 S\u00fcleyman \u00c7etinsaya; \u201cT\u00fcrkiye\u2019deki g\u00f6zde projelerimizi 40<br \/>\ny\u0131ll\u0131k deneyimimizle yabanc\u0131 yat\u0131r\u0131mc\u0131lara sunduk. \u015euana kadar toplamda 17.500 konut \u00fcrettik.<br \/>\nBug\u00fcn geldi\u011fimiz noktada markam\u0131z\u0131n ve \u00fclkemizin yat\u0131r\u0131m potansiyelini uluslararas\u0131 arenaya<br \/>\nta\u015f\u0131yarak en do\u011fru \u015fekilde tan\u0131t\u0131m\u0131n\u0131 ger\u00e7ekle\u015ftirdik.<\/p>\n<h3>T\u00fcrkiye Katar ili\u015fkileri fuarla dahada kuvvetlendi<\/h3>\n<p>Katar, h\u00fck\u00fcmetimizle ve Say\u0131n Cumhurba\u015fkan\u0131m\u0131zla olan ili\u015fkilerinden \u00f6t\u00fcr\u00fc bize s\u0131cak bak\u0131yor.<br \/>\nGe\u00e7en y\u0131l da fuara kat\u0131lm\u0131\u015ft\u0131k ve bir projeden yakla\u015f\u0131k 50\u2019ye yak\u0131n daire sat\u0131\u015f\u0131 yapm\u0131\u015ft\u0131k. Biz Arta\u015f<br \/>\n\u0130n\u015faat olarak blok sat\u0131\u015flar\u0131 yapm\u0131yoruz, genelde tek daire olarak sat\u0131\u015flar\u0131m\u0131z oluyor ve bloklar<br \/>\naras\u0131nda da\u011f\u0131l\u0131m\u0131n\u0131 yap\u0131yoruz. Tema \u0130stanbul\u2019da 56 tane yabanc\u0131 sat\u0131\u015f\u0131m\u0131z var, \u015fu anda<br \/>\noturuyorlar. En fazla Vadistanbul\u2019un 1. ve 3. etab\u0131nda yabanc\u0131 sat\u0131\u015f var. O projemizde fuardan bu<br \/>\ng\u00fcne kadar 70\u2019e yak\u0131n sat\u0131\u015f ger\u00e7ekle\u015ftirdik.<br \/>\nKatarla ilgili ge\u00e7mi\u015fteki ili\u015fkilere bakt\u0131\u011f\u0131m\u0131zda verimli bir d\u00f6nemdeyiz diyebilirim. Sekt\u00f6r olarak<br \/>\nbeklentimiz y\u00fcksek. \u0130stiyoruz ki yabanc\u0131ya sat\u0131\u015flar\u0131m\u0131z T\u00fcrkiye\u2019deki sat\u0131\u015flara bir \u00e7e\u015fit olsun. Katarla<br \/>\nticari ili\u015fkilerimizin \u00f6n\u00fcm\u00fczdeki d\u00f6nemlerde daha fazla g\u00fc\u00e7lenece\u011fine inanc\u0131m tamd\u0131r.<br \/>\nBu arada g\u00fczergah\u0131 netle\u015fen Kanal \u0130stanbul projesi bizi heyecanland\u0131rd\u0131. Kanal \u0130stanbul, ba\u015fta \u00fclke<br \/>\nekonomimiz olmak \u00fczere in\u015faat sekt\u00f6r\u00fcm\u00fcz a\u00e7\u0131s\u0131ndan \u00e7ok \u00f6nemli bir proje. Bizim de o b\u00f6lgede Kanal \u0130stanbul projesinin \u00e7ok daha \u00f6ncesinden Arta\u015f \u0130n\u015faat olarak yat\u0131r\u0131mlar\u0131m\u0131z vard\u0131. Arta\u015f \u0130n\u015faat\u2019\u0131n yan\u0131 s\u0131ra Emlak Pazarlama ile kurulmu\u015f \u00d6zta\u015f ve Biocity gibi \u015firketlerimizin yakla\u015f\u0131k 400-500 d\u00f6n\u00fcme yak\u0131n Kanal \u0130stanbul\u2019a kom\u015fu Resneli\u2019de arazilerimiz var. Kanal\u0131n \u015fekillenmesine ba\u011fl\u0131 olarak buradaki yat\u0131r\u0131mlar\u0131m\u0131z\u0131 hareketlendirece\u011fiz.<\/p>\n<h3>T\u00fcrkiye&#8217;nin dev projelerini Katar&#8217;a ta\u015f\u0131d\u0131k<\/h3>\n<p>Tema \u0130stanbul, T\u00fcrkiye\u2019nin ve Avrupa\u2019n\u0131n en b\u00fcy\u00fck gayrimenkul projesiyken, Vadistanbul\u2019da<br \/>\nT\u00fcrkiye\u2019nin en b\u00fcy\u00fck sanayi d\u00f6n\u00fc\u015f\u00fcm\u00fc ve en b\u00fcy\u00fck karma konseptli projesidir. Her iki proje de<br \/>\n\u00fclkemizin uluslararas\u0131 alandaki vitrin projeleridir. T\u00fcrkiye, gayrimenkul yat\u0131r\u0131m\u0131 anlam\u0131nda<br \/>\nyabanc\u0131lar\u0131n nezdinde de potansiyeli y\u00fcksek bir \u00fclke. Bu anlamda biz de sekt\u00f6rdeki deneyimimizi<br \/>\nve finansal g\u00fcc\u00fcm\u00fcz\u00fc ortaklar\u0131m\u0131zla da birle\u015ftirerek T\u00fcrk in\u015faat sekt\u00f6r\u00fcn\u00fcn sembol\u00fc olarak<br \/>\ng\u00f6sterilen Tema \u0130stanbul ve Vadistanbul projelerini hayata ge\u00e7irdik. Uluslararas\u0131 alandaki vitrin<br \/>\nprojemiz Tema \u0130stanbul ve Vadistanbul\u2019un yat\u0131r\u0131mc\u0131s\u0131 olmaktan b\u00fcy\u00fck keyif al\u0131yoruz.<\/p>\n<h3>1.2 milyar liral\u0131k Yamanevler projemizi Katarl\u0131 yat\u0131r\u0131mc\u0131lara tan\u0131tt\u0131k<\/h3>\n<p>Expo Turkey by Qatar fuar\u0131na; Ortak giri\u015fimlerle hayata ge\u00e7irdi\u011fimiz Vadistanbul, Tema \u0130stanbul<br \/>\nprojelerimizin yan\u0131 s\u0131ra Avrupa Konutlar\u0131 Ba\u015fak\u015fehir, Avrupa Konutlar\u0131 Yamanevler, Avrupa<br \/>\nKonutlar\u0131 Atakent 4, Avrupa Konutlar\u0131 Kale 2, Avrupa Office Ata\u015fehir ve Avrupa Residence Office<br \/>\nAtak\u00f6y projelerimizle kat\u0131larak fuar ziyaret\u00e7ilerine tan\u0131tt\u0131k. Yine Anadolu Yakas\u0131\u2019nda 1.2 milyar TL<br \/>\nyat\u0131r\u0131mla hayata ge\u00e7irdi\u011fimiz Yamanevler projemizi Katarl\u0131 yat\u0131r\u0131mc\u0131lar\u0131n be\u011fenisine sunduk .<br \/>\nAVRUPA KONUTLARI BA\u015eAK\u015eEH\u0130R\u2019DE TESL\u0130MLERE BA\u015eLADIK<br \/>\nAvrupa Yakas\u0131\u2019n\u0131n en planl\u0131 il\u00e7elerinden Ba\u015fak\u015fehir&amp;#39;de, Emlak Konut GYO g\u00fcvencesiyle hayata<br \/>\nge\u00e7irdi\u011fimiz 941 konut ve 27 ticari \u00fcniteden olu\u015fan Avrupa Konutlar\u0131 Ba\u015fak\u015fehir projemizde konut<br \/>\nteslimlerine ba\u015flad\u0131k. B\u00f6lgenin en b\u00fcy\u00fck \u015fehir park\u0131 olan Kuzey Yakas\u0131, Kent Meydan\u0131, \u015eehir<br \/>\nHastanesi, 3. havaliman\u0131, Yavuz Sultan Selim K\u00f6pr\u00fcs\u00fc, ba\u011flant\u0131 yollar\u0131 ve Metro gibi b\u00fcy\u00fck \u00e7apl\u0131<br \/>\ndevlet yat\u0131r\u0131mlar\u0131n\u0131n \u00e7evreledi\u011fi bir b\u00f6lgede yer alan bu projemize Katarl\u0131 yat\u0131r\u0131mc\u0131lar b\u00fcy\u00fck ilgi<br \/>\ng\u00f6sterdi.<\/p>\n","protected":false},"excerpt":{"rendered":"<p>K\u00f6rfez b\u00f6lgesinin \u00f6nemli gayrimenkul fuarlar\u0131ndan Expo Turkey by Qatar\u2019a sat\u0131\u015f\u0131 devam eden projeleriyle kat\u0131lan Arta\u015f \u0130n\u015faat, T\u00fcrkiye\u2019nin y\u00fcksek yat\u0131r\u0131m potansiyelini K\u00f6rfezli yat\u0131r\u0131mc\u0131lara sundu. Avrupa Konutlar\u0131 markas\u0131yla in\u015faat sekt\u00f6r\u00fcn\u00fcn en g\u00fcvenilir firmalar\u0131 aras\u0131nda \u00f6ne \u00e7\u0131kan Arta\u015f \u0130n\u015faat, ge\u00e7en y\u0131l oldu\u011fu gibi bu y\u0131l da K\u00f6rfezli yat\u0131r\u0131mc\u0131lar\u0131n ilgi oda\u011f\u0131ndayd\u0131. Uluslararas\u0131 alanda b\u00fcy\u00fck \u00f6l\u00e7ekli projeler geli\u015ftirien Arta\u015f \u0130n\u015faat, [&hellip;]<\/p>\n","protected":false},"author":1,"featured_media":20038,"comment_status":"open","ping_status":"open","sticky":false,"template":"","format":"standard","meta":{"ngg_post_thumbnail":0},"categories":[26,97,5388],"tags":[11505,131,130,11092,11468,459,11429,80,316,96,503],"_links":{"self":[{"href":"https:\/\/emlaktuel.com\/index.php?rest_route=\/wp\/v2\/posts\/20037"}],"collection":[{"href":"https:\/\/emlaktuel.com\/index.php?rest_route=\/wp\/v2\/posts"}],"about":[{"href":"https:\/\/emlaktuel.com\/index.php?rest_route=\/wp\/v2\/types\/post"}],"author":[{"embeddable":true,"href":"https:\/\/emlaktuel.com\/index.php?rest_route=\/wp\/v2\/users\/1"}],"replies":[{"embeddable":true,"href":"https:\/\/emlaktuel.com\/index.php?rest_route=%2Fwp%2Fv2%2Fcomments&post=20037"}],"version-history":[{"count":1,"href":"https:\/\/emlaktuel.com\/index.php?rest_route=\/wp\/v2\/posts\/20037\/revisions"}],"predecessor-version":[{"id":20039,"href":"https:\/\/emlaktuel.com\/index.php?rest_route=\/wp\/v2\/posts\/20037\/revisions\/20039"}],"wp:featuredmedia":[{"embeddable":true,"href":"https:\/\/emlaktuel.com\/index.php?rest_route=\/wp\/v2\/media\/20038"}],"wp:attachment":[{"href":"https:\/\/emlaktuel.com\/index.php?rest_route=%2Fwp%2Fv2%2Fmedia&parent=20037"}],"wp:term":[{"taxonomy":"category","embeddable":true,"href":"https:\/\/emlaktuel.com\/index.php?rest_route=%2Fwp%2Fv2%2Fcategories&post=20037"},{"taxonomy":"post_tag","embeddable":true,"href":"https:\/\/emlaktuel.com\/index.php?rest_route=%2Fwp%2Fv2%2Ftags&post=20037"}],"curies":[{"name":"wp","href":"https:\/\/api.w.org\/{rel}","templated":true}]}}