{"id":19850,"date":"2018-01-02T12:33:14","date_gmt":"2018-01-02T09:33:14","guid":{"rendered":"http:\/\/emlaktuel.com\/?p=19850"},"modified":"2018-07-05T17:42:40","modified_gmt":"2018-07-05T14:42:40","slug":"muteahhitlere-yeterlilik-kriterleri-getirilecek","status":"publish","type":"post","link":"https:\/\/emlaktuel.com\/?p=19850","title":{"rendered":"M\u00fcteahhitlere yeterlilik kriterleri getirilecek"},"content":{"rendered":"<div class=\"td-post-header\"><\/div>\n<div class=\"td-post-content\">\n<div class=\"td-post-featured-image\">\n<p><img loading=\"lazy\" class=\"size-full wp-image-9457\" src=\"http:\/\/emlaktuel.com\/wp-content\/uploads\/2016\/12\/a5e5422b846baeb18253ab47a6802865.jpg\" alt=\"in\u015faat\" width=\"1000\" height=\"613\" \/><\/p>\n<\/div>\n<p><strong>T\u00fcrk Standartlar\u0131 Enstit\u00fcs\u00fc (TSE) ve T\u00fcrkiye \u0130n\u015faat Sanayicileri \u0130\u015fveren Sendikas\u0131 (\u0130NTES) taraf\u0131ndan yap\u0131lan protokol \u00e7er\u00e7evesinde art\u0131k yap\u0131m sekt\u00f6r\u00fcndeki m\u00fcteahhitlerin yeterlilik kriterleri belirlenecek.\u00a0<\/strong><\/p>\n<p>TSE ve \u0130NTES, \u201cYap\u0131m M\u00fcteahhitlik \u0130\u015fletmelerinin Yeterlilik Kriterlerinin Belirlenmesi ve Belgelendirilmesi\u201d amac\u0131yla i\u015fbirli\u011fi protokol\u00fc imzalad\u0131. \u0130NTES taraf\u0131ndan konusunda yetkin ki\u015filerce kurulacak \u00e7al\u0131\u015fma grubu, yap\u0131m m\u00fcteahhitli\u011finin kriterlerini belirleyecek. Kriterlerin yay\u0131mlanmas\u0131 ile birlikte belgelendirme s\u00fcreci ba\u015flayacak. \u0130NTES Ba\u015fkan\u0131 Celal Kolo\u011flu, belgelendirme s\u00fcrecinin s\u0131k\u0131 denetimlere tabi olaca\u011f\u0131n\u0131 belirterek, \u201cM\u00fcteahhitlik sekt\u00f6r\u00fcnde TSE g\u00fcvencesiyle \u015feffaf, g\u00fcvenilir ve tarafs\u0131z bir sistem hayat bulacak\u201d dedi.<\/p>\n<h3><strong>Kontrols\u00fcz b\u00fcy\u00fcmenin \u00f6n\u00fcne ge\u00e7ilecek<\/strong><\/h3>\n<p><img loading=\"lazy\" class=\" wp-image-19851\" src=\"http:\/\/emlaktuel.com\/wp-content\/uploads\/2018\/01\/celalkologlu_132552_5cb8d-e1514879650821.jpg\" alt=\"celal kologlu\" width=\"504\" height=\"328\" \/><\/p>\n<p>Celal Kolo\u011flu, \u00fclkede in\u015faat m\u00fcteahhitli\u011finin kriterlerinin tam olarak tan\u0131mlanmam\u0131\u015f olmas\u0131, bu i\u015fi yapmak isteyenlerde yeterlilik ve lisans gibi belirleyici unsurlar\u0131n aranmamas\u0131n\u0131n, sekt\u00f6r\u00fc, isteyen hemen herkesin girebilece\u011fi bir i\u015f alan\u0131 haline d\u00f6n\u00fc\u015ft\u00fcrd\u00fc\u011f\u00fcn\u00fc s\u00f6yledi. Kolo\u011flu, m\u00fcteahhit say\u0131s\u0131nda net a\u00e7\u0131klanm\u0131\u015f bir veri olmad\u0131\u011f\u0131n\u0131 ancak say\u0131lar\u0131 y\u00fcz binlerle ifade edilen m\u00fcteahhit s\u0131fat\u0131yla i\u015f yapan firma bulundu\u011funu aktararak \u015f\u00f6yle konu\u015ftu:\u00a0\u201cSekt\u00f6re giri\u015fte bir s\u0131n\u0131rlama olmamas\u0131, i\u015fini gerektirdi\u011fi \u015fartlara g\u00f6re yapmayan m\u00fcteahhitlerin varl\u0131k g\u00f6stermesine neden oldu. Oysa ki m\u00fcteahhitlik bir m\u00fchendislik alan\u0131d\u0131r ve kutsal bir meslektir. M\u00fcteahhitler, m\u00fchendislik ve mimarl\u0131k eseri olan\u00a0ya\u015fam alanlar\u0131n\u0131 in\u015fa eden hayat\u0131n \u00f6nemli akt\u00f6rleridir. Sekt\u00f6rde kontrols\u00fcz b\u00fcy\u00fcmenin \u00f6n\u00fcne ge\u00e7menin zaman\u0131 geldi. Deprem ile ya\u015famak zorunda oldu\u011fumuz bir co\u011frafyada nitelikli, sa\u011flam, g\u00fcvenli ve s\u00fcrd\u00fcr\u00fclebilir yap\u0131lar in\u015fa edilmesinin gereklili\u011fi ka\u00e7\u0131n\u0131lmaz. Sekt\u00f6r\u00fcm\u00fczde i\u015fini lay\u0131k\u0131yla yapan firmalar\u0131m\u0131z bulunuyor. Bu firmalar\u0131m\u0131z finansman g\u00fcc\u00fc sa\u011flam, teknoloji ve yenilik\u00e7i, nitelikli i\u015f g\u00fcc\u00fc ile \u00e7al\u0131\u015fma kriterlerine sahip olarak d\u00fcnya standartlar\u0131nda i\u015f \u00fcstleniyor. Dolay\u0131s\u0131yla bu firmalar\u0131m\u0131z\u0131 di\u011fer firmalardan ay\u0131rabilmenin yolu yap\u0131m m\u00fcteahhitlerinin kriterlerinin belirlenmesi.\u201d<\/p>\n<p>Sekt\u00f6rde yeni bir d\u00f6nemin ba\u015flang\u0131c\u0131 olacak protokol ile \u0130NTES ve TSE\u2019nin, mesleki tecr\u00fcbelerinden ald\u0131klar\u0131 g\u00fc\u00e7le bir araya gelerek m\u00fcteahhitlik mesle\u011finin kriterlerini belirleyece\u011fini belirten Kolo\u011flu, \u201c\u0130NTES olarak konusunda yetkin ki\u015filerce bir \u00e7al\u0131\u015fma grubu kuraca\u011f\u0131z. Bu \u00e7al\u0131\u015fma grubu yap\u0131m m\u00fcteahhitlik i\u015fletmelerinin yeterlik kriterlerini belirleyecek. Kriterlerin yay\u0131mlanmas\u0131 ile birlikte belgelendirme s\u00fcreci ba\u015flayacak\u201d dedi.<\/p>\n<p>emlakrotasi.com<\/p>\n<\/div>\n","protected":false},"excerpt":{"rendered":"<p>T\u00fcrk Standartlar\u0131 Enstit\u00fcs\u00fc (TSE) ve T\u00fcrkiye \u0130n\u015faat Sanayicileri \u0130\u015fveren Sendikas\u0131 (\u0130NTES) taraf\u0131ndan yap\u0131lan protokol \u00e7er\u00e7evesinde art\u0131k yap\u0131m sekt\u00f6r\u00fcndeki m\u00fcteahhitlerin yeterlilik kriterleri belirlenecek.\u00a0 TSE ve \u0130NTES, \u201cYap\u0131m M\u00fcteahhitlik \u0130\u015fletmelerinin Yeterlilik Kriterlerinin Belirlenmesi ve Belgelendirilmesi\u201d amac\u0131yla i\u015fbirli\u011fi protokol\u00fc imzalad\u0131. \u0130NTES taraf\u0131ndan konusunda yetkin ki\u015filerce kurulacak \u00e7al\u0131\u015fma grubu, yap\u0131m m\u00fcteahhitli\u011finin kriterlerini belirleyecek. Kriterlerin yay\u0131mlanmas\u0131 ile birlikte belgelendirme s\u00fcreci [&hellip;]<\/p>\n","protected":false},"author":1,"featured_media":0,"comment_status":"open","ping_status":"open","sticky":false,"template":"","format":"standard","meta":{"ngg_post_thumbnail":0},"categories":[26,97,5388],"tags":[11392,67,10426,11359,11447,316,11539],"_links":{"self":[{"href":"https:\/\/emlaktuel.com\/index.php?rest_route=\/wp\/v2\/posts\/19850"}],"collection":[{"href":"https:\/\/emlaktuel.com\/index.php?rest_route=\/wp\/v2\/posts"}],"about":[{"href":"https:\/\/emlaktuel.com\/index.php?rest_route=\/wp\/v2\/types\/post"}],"author":[{"embeddable":true,"href":"https:\/\/emlaktuel.com\/index.php?rest_route=\/wp\/v2\/users\/1"}],"replies":[{"embeddable":true,"href":"https:\/\/emlaktuel.com\/index.php?rest_route=%2Fwp%2Fv2%2Fcomments&post=19850"}],"version-history":[{"count":1,"href":"https:\/\/emlaktuel.com\/index.php?rest_route=\/wp\/v2\/posts\/19850\/revisions"}],"predecessor-version":[{"id":19852,"href":"https:\/\/emlaktuel.com\/index.php?rest_route=\/wp\/v2\/posts\/19850\/revisions\/19852"}],"wp:attachment":[{"href":"https:\/\/emlaktuel.com\/index.php?rest_route=%2Fwp%2Fv2%2Fmedia&parent=19850"}],"wp:term":[{"taxonomy":"category","embeddable":true,"href":"https:\/\/emlaktuel.com\/index.php?rest_route=%2Fwp%2Fv2%2Fcategories&post=19850"},{"taxonomy":"post_tag","embeddable":true,"href":"https:\/\/emlaktuel.com\/index.php?rest_route=%2Fwp%2Fv2%2Ftags&post=19850"}],"curies":[{"name":"wp","href":"https:\/\/api.w.org\/{rel}","templated":true}]}}