{"id":19688,"date":"2017-12-20T12:33:47","date_gmt":"2017-12-20T09:33:47","guid":{"rendered":"http:\/\/emlaktuel.com\/?p=19688"},"modified":"2018-07-05T17:40:00","modified_gmt":"2018-07-05T14:40:00","slug":"kadikoyun-gozde-mahallelerinde-konut-fiyatlari-dustu","status":"publish","type":"post","link":"https:\/\/emlaktuel.com\/?p=19688","title":{"rendered":"Kad\u0131k\u00f6y\u2019\u00fcn g\u00f6zde mahallelerinde konut fiyatlar\u0131 d\u00fc\u015ft\u00fc"},"content":{"rendered":"<p><img loading=\"lazy\" class=\"size-full wp-image-19689\" src=\"http:\/\/emlaktuel.com\/wp-content\/uploads\/2017\/12\/1513760199_Kad__k__y__n_g__zde_mahallelerinde_konut_fiyatlar___d____t__.jpg\" alt=\"\" width=\"4223\" height=\"2810\" \/><\/p>\n<p>Kentsel d\u00f6n\u00fc\u015f\u00fcm projelerinin b\u00fcy\u00fck \u00f6l\u00e7\u00fcde tamamland\u0131\u011f\u0131, \u0130stanbul Anadolu Yakas\u0131\u2019n\u0131n g\u00f6zde yerle\u015fim merkezlerinden Caddebostan ve Suadiye\u2019de sat\u0131l\u0131k konut fiyatlar\u0131 son iki y\u0131lda y\u00fczde 25\u2019e varan oranlarda gerileme kaydederken, konutlar\u0131n kira fiyatlar\u0131 ise y\u00fczde 22 oran\u0131nda d\u00fc\u015ft\u00fc.<\/p>\n<p><strong>sahibinden.com Emlak Endeksi<\/strong>* 2017 Kas\u0131m ay\u0131 verilerine g\u00f6re, iki y\u0131l \u00f6ncesine oranla Suadiye\u2019de sat\u0131l\u0131k konut fiyatlar\u0131 y\u00fczde 25 oran\u0131nda d\u00fc\u015ferek ortalama 1 milyon 316 bin 480 TL\u2019ye geriledi. Kiral\u0131k konut fiyatlar\u0131 ise y\u00fczde 22 oran\u0131nda azald\u0131 ve ortalama 3 bin 416 TL oldu. Caddebostan\u2019da ise 2 y\u0131l i\u00e7inde sat\u0131l\u0131k konutlar\u0131n fiyat\u0131 y\u00fczde 18,6 d\u00fc\u015ft\u00fc ve ortalama 1 milyon 870 bin 784 TL\u2019den al\u0131c\u0131 buldu. Caddebostan\u2019da kiral\u0131k konut fiyatlar\u0131 da y\u00fczde 14,4 oran\u0131nda azalarak, ortalama 4 bin 301 TL oldu.<\/p>\n<p>&nbsp;<\/p>\n","protected":false},"excerpt":{"rendered":"<p>Kentsel d\u00f6n\u00fc\u015f\u00fcm projelerinin b\u00fcy\u00fck \u00f6l\u00e7\u00fcde tamamland\u0131\u011f\u0131, \u0130stanbul Anadolu Yakas\u0131\u2019n\u0131n g\u00f6zde yerle\u015fim merkezlerinden Caddebostan ve Suadiye\u2019de sat\u0131l\u0131k konut fiyatlar\u0131 son iki y\u0131lda y\u00fczde 25\u2019e varan oranlarda gerileme kaydederken, konutlar\u0131n kira fiyatlar\u0131 ise y\u00fczde 22 oran\u0131nda d\u00fc\u015ft\u00fc. sahibinden.com Emlak Endeksi* 2017 Kas\u0131m ay\u0131 verilerine g\u00f6re, iki y\u0131l \u00f6ncesine oranla Suadiye\u2019de sat\u0131l\u0131k konut fiyatlar\u0131 y\u00fczde 25 oran\u0131nda d\u00fc\u015ferek [&hellip;]<\/p>\n","protected":false},"author":1,"featured_media":19689,"comment_status":"open","ping_status":"open","sticky":false,"template":"","format":"standard","meta":{"ngg_post_thumbnail":0},"categories":[26,97,5388],"tags":[183,62,11364,11165,11166,107,80,11301,1275,11585,371],"_links":{"self":[{"href":"https:\/\/emlaktuel.com\/index.php?rest_route=\/wp\/v2\/posts\/19688"}],"collection":[{"href":"https:\/\/emlaktuel.com\/index.php?rest_route=\/wp\/v2\/posts"}],"about":[{"href":"https:\/\/emlaktuel.com\/index.php?rest_route=\/wp\/v2\/types\/post"}],"author":[{"embeddable":true,"href":"https:\/\/emlaktuel.com\/index.php?rest_route=\/wp\/v2\/users\/1"}],"replies":[{"embeddable":true,"href":"https:\/\/emlaktuel.com\/index.php?rest_route=%2Fwp%2Fv2%2Fcomments&post=19688"}],"version-history":[{"count":1,"href":"https:\/\/emlaktuel.com\/index.php?rest_route=\/wp\/v2\/posts\/19688\/revisions"}],"predecessor-version":[{"id":19690,"href":"https:\/\/emlaktuel.com\/index.php?rest_route=\/wp\/v2\/posts\/19688\/revisions\/19690"}],"wp:featuredmedia":[{"embeddable":true,"href":"https:\/\/emlaktuel.com\/index.php?rest_route=\/wp\/v2\/media\/19689"}],"wp:attachment":[{"href":"https:\/\/emlaktuel.com\/index.php?rest_route=%2Fwp%2Fv2%2Fmedia&parent=19688"}],"wp:term":[{"taxonomy":"category","embeddable":true,"href":"https:\/\/emlaktuel.com\/index.php?rest_route=%2Fwp%2Fv2%2Fcategories&post=19688"},{"taxonomy":"post_tag","embeddable":true,"href":"https:\/\/emlaktuel.com\/index.php?rest_route=%2Fwp%2Fv2%2Ftags&post=19688"}],"curies":[{"name":"wp","href":"https:\/\/api.w.org\/{rel}","templated":true}]}}