{"id":19619,"date":"2017-12-18T13:38:39","date_gmt":"2017-12-18T10:38:39","guid":{"rendered":"http:\/\/emlaktuel.com\/?p=19619"},"modified":"2018-07-05T17:39:09","modified_gmt":"2018-07-05T14:39:09","slug":"piazzada-yil-sonuna-ozel-kampanya","status":"publish","type":"post","link":"https:\/\/emlaktuel.com\/?p=19619","title":{"rendered":"Piazza\u2019da y\u0131l sonuna \u00f6zel kampanya!"},"content":{"rendered":"<p><strong><u><img loading=\"lazy\" class=\"size-full wp-image-19620 aligncenter\" src=\"http:\/\/emlaktuel.com\/wp-content\/uploads\/2017\/12\/Piazza.jpg\" alt=\"\" width=\"2800\" height=\"1575\" \/>\u00a0<\/u><\/strong><\/p>\n<p><strong>R\u00f6nesans Gayrimenkul<\/strong> imzal\u0131 Piazza\u2019da y\u0131l sonuna \u00f6zel pe\u015fin \u00f6demelerde y\u00fczde 12 indirime ek indirim \u00e7eki f\u0131rsat\u0131 da sunuluyor<\/p>\n<p>R\u00f6nesans Gayrimenkul taraf\u0131ndan 320 milyon Euro yat\u0131r\u0131m de\u011feriyle Maltepe\u2019de in\u015fa edilen Piazza; ofis, konut ve al\u0131\u015fveri\u015f merkezinden olu\u015fan karma bir proje olarak dikkat \u00e7ekiyor. Teslimine yakla\u015f\u0131k 6 ay kalan Piazza\u2019n\u0131n konut blo\u011funda ge\u00e7erli olmak \u00fczere y\u0131l sonuna \u00f6zel cazip bir kampanya haz\u0131rland\u0131. Fiyatlar\u0131 641 bin TL\u2019den ba\u015flayan konutlar\u0131 tarih s\u0131n\u0131r\u0131 koymadan pe\u015fin olarak sat\u0131n alan yat\u0131r\u0131mc\u0131lara y\u00fczde 12 indirim ve 50 bin TL\u2019ye kadar indirim \u00e7eki f\u0131rsat\u0131 sunuluyor. Adalar manzaras\u0131na sahip b\u00fcy\u00fckl\u00fckleri 60 ila 212 metrekare aras\u0131nda de\u011fi\u015fen 230 dairelik konut blo\u011funun yakla\u015f\u0131k y\u00fczde 85\u2019inde sat\u0131\u015flar tamamland\u0131.<\/p>\n<p>Piazza\u2019n\u0131n rezidans blo\u011funda alanlar\u0131 60 ila 95 metrekare aras\u0131nda de\u011fi\u015fen 1+1\u2019ler 641 bin TL ila 885 bin TL aras\u0131nda; alanlar\u0131 101 ila 205 metrekare aras\u0131nda de\u011fi\u015fen 2+1\u2019ler 940 bin TL ila 1 milyon 561 bin TL aras\u0131nda; alanlar\u0131 196 metrekare olan 3+1\u2019ler 1 milyon 933 bin TL\u2019ye sat\u0131l\u0131rken; alanlar\u0131 196 ila 212 metrekare aras\u0131nda de\u011fi\u015fen 3+1 dubleksler ise 1 milyon 627 bin TL ila 1 milyon 853 bin TL aras\u0131nda de\u011fi\u015fen fiyatlarla sat\u0131l\u0131yor.<\/p>\n<p>Konumu, mimarisi ve sahip oldu\u011fu ayr\u0131cal\u0131klarla karl\u0131 bir yat\u0131r\u0131m olarak dikkatleri \u00fczerine \u00e7eken projede toplam 34 bin metrekare kiralanabilir alan\u0131 olan ofis blo\u011fu ve a\u00e7\u0131k meydan katlar\u0131n\u0131n bulundu\u011fu, b\u00f6lgenin \u00e7ekim merkezi olacak bir al\u0131\u015fveri\u015f merkezi yer al\u0131yor. Y\u0131ll\u0131k ziyaret\u00e7i say\u0131s\u0131n\u0131n yakla\u015f\u0131k 16 milyon olmas\u0131 beklenen Piazza\u2019n\u0131n, al\u0131\u015fveri\u015f merkezi ve ofis b\u00f6l\u00fcm\u00fcnde ortalama 5 bin ki\u015finin \u00e7al\u0131\u015faca\u011f\u0131 \u00f6ng\u00f6r\u00fcl\u00fcyor. Projenin al\u0131\u015fveri\u015f merkezi k\u0131sm\u0131nda, konser ve etkinliklerin yap\u0131laca\u011f\u0131 a\u00e7\u0131k bir meydan, \u015f\u0131k yeme i\u00e7me mekanlar\u0131ndan tan\u0131nm\u0131\u015f moda markalar\u0131na kadar pek \u00e7ok ihtiyac\u0131 kar\u015f\u0131layacak ma\u011fazalar ve sinema bulunuyor.<\/p>\n<p>Direkt metro ba\u011flant\u0131s\u0131 ile ula\u015f\u0131m y\u00f6n\u00fcnden olduk\u00e7a rahat bir imkan sunan Piazza, metro ba\u011flant\u0131s\u0131yla Atat\u00fcrk Havaalan\u0131\u2019na 51, Sabiha G\u00f6k\u00e7en Havaalan\u0131\u2019na 24, Kad\u0131k\u00f6y\u2019e 30 dakika; sahil yoluna ise 3 km mesafede konumlan\u0131yor. E5 ula\u015f\u0131m hatt\u0131 \u00fczerinde yer alan Piazza, 2 bin 400 ara\u00e7l\u0131k kapal\u0131 otopark\u0131 ile ziyaret\u00e7ilerine kolayl\u0131k sunuyor.<\/p>\n","protected":false},"excerpt":{"rendered":"<p>\u00a0 R\u00f6nesans Gayrimenkul imzal\u0131 Piazza\u2019da y\u0131l sonuna \u00f6zel pe\u015fin \u00f6demelerde y\u00fczde 12 indirime ek indirim \u00e7eki f\u0131rsat\u0131 da sunuluyor R\u00f6nesans Gayrimenkul taraf\u0131ndan 320 milyon Euro yat\u0131r\u0131m de\u011feriyle Maltepe\u2019de in\u015fa edilen Piazza; ofis, konut ve al\u0131\u015fveri\u015f merkezinden olu\u015fan karma bir proje olarak dikkat \u00e7ekiyor. Teslimine yakla\u015f\u0131k 6 ay kalan Piazza\u2019n\u0131n konut blo\u011funda ge\u00e7erli olmak \u00fczere y\u0131l [&hellip;]<\/p>\n","protected":false},"author":1,"featured_media":19620,"comment_status":"open","ping_status":"open","sticky":false,"template":"","format":"standard","meta":{"ngg_post_thumbnail":0},"categories":[26,97,5388],"tags":[11171,544,80,11348,11257,4000,10370,5693,3999],"_links":{"self":[{"href":"https:\/\/emlaktuel.com\/index.php?rest_route=\/wp\/v2\/posts\/19619"}],"collection":[{"href":"https:\/\/emlaktuel.com\/index.php?rest_route=\/wp\/v2\/posts"}],"about":[{"href":"https:\/\/emlaktuel.com\/index.php?rest_route=\/wp\/v2\/types\/post"}],"author":[{"embeddable":true,"href":"https:\/\/emlaktuel.com\/index.php?rest_route=\/wp\/v2\/users\/1"}],"replies":[{"embeddable":true,"href":"https:\/\/emlaktuel.com\/index.php?rest_route=%2Fwp%2Fv2%2Fcomments&post=19619"}],"version-history":[{"count":1,"href":"https:\/\/emlaktuel.com\/index.php?rest_route=\/wp\/v2\/posts\/19619\/revisions"}],"predecessor-version":[{"id":19621,"href":"https:\/\/emlaktuel.com\/index.php?rest_route=\/wp\/v2\/posts\/19619\/revisions\/19621"}],"wp:featuredmedia":[{"embeddable":true,"href":"https:\/\/emlaktuel.com\/index.php?rest_route=\/wp\/v2\/media\/19620"}],"wp:attachment":[{"href":"https:\/\/emlaktuel.com\/index.php?rest_route=%2Fwp%2Fv2%2Fmedia&parent=19619"}],"wp:term":[{"taxonomy":"category","embeddable":true,"href":"https:\/\/emlaktuel.com\/index.php?rest_route=%2Fwp%2Fv2%2Fcategories&post=19619"},{"taxonomy":"post_tag","embeddable":true,"href":"https:\/\/emlaktuel.com\/index.php?rest_route=%2Fwp%2Fv2%2Ftags&post=19619"}],"curies":[{"name":"wp","href":"https:\/\/api.w.org\/{rel}","templated":true}]}}