{"id":19555,"date":"2017-12-12T13:33:24","date_gmt":"2017-12-12T10:33:24","guid":{"rendered":"http:\/\/emlaktuel.com\/?p=19555"},"modified":"2018-07-05T17:38:14","modified_gmt":"2018-07-05T14:38:14","slug":"akzirve-challenge-off-road-final-etabi-17-aralikta","status":"publish","type":"post","link":"https:\/\/emlaktuel.com\/?p=19555","title":{"rendered":"Akzirve Challenge Off Road Final Etab\u0131 17 Aral\u0131k&#8217;ta"},"content":{"rendered":"<p><img loading=\"lazy\" class=\" wp-image-19556\" src=\"http:\/\/emlaktuel.com\/wp-content\/uploads\/2017\/12\/1512990883_Akzirve_ChallengeFinalEtab___111217.jpg\" alt=\"Akzirve Challenge Final Etab\u0131\" width=\"325\" height=\"515\" \/><\/p>\n<p>Akzirve sponsorlu\u011funda 3 etap olarak planlanan off-road yar\u0131\u015fmas\u0131n\u0131n final etab\u0131 17 Aral\u0131k Pazar g\u00fcn\u00fc ger\u00e7ekle\u015fecek. \u0130SOFF i\u015f birli\u011fi ile haz\u0131rlanan Akzirve Challenge\u2019da yine de\u011fi\u015fik kategorilerde, farkl\u0131 g\u00fc\u00e7lerdeki 4&#215;4 ara\u00e7lar ikili kalk\u0131\u015flarla start al\u0131p, i\u00e7 i\u00e7e ge\u00e7ecek \u015fekilde haz\u0131rlanm\u0131\u015f iki parkurda zamana kar\u015f\u0131 yar\u0131\u015facaklar. 20 ara\u00e7 ve 20 hakemin yer alaca\u011f\u0131 yar\u0131\u015fmada her turda en iyi zaman\u0131 yapan yar\u0131\u015f\u00e7\u0131lar s\u0131ralamaya girecek. Bu etap sonunda hem 2017 birincisi hem de \u0130stanbul Off Road \u015eampiyonas\u0131\u2019n\u0131n \u015fampiyonu belli olacak.<\/p>\n<p><strong>Program<\/strong><\/p>\n<p><strong>Tarih:<\/strong> 17 Aral\u0131k 2017 Pazar<\/p>\n<p><strong>Yer:<\/strong> Akzirve Gayrimenkul Strada Projesi D Parseli \/ Bah\u00e7e\u015fehir<\/p>\n<p><strong>Saat:<\/strong> 11:30 \u2013 17:00<\/p>\n","protected":false},"excerpt":{"rendered":"<p>Akzirve sponsorlu\u011funda 3 etap olarak planlanan off-road yar\u0131\u015fmas\u0131n\u0131n final etab\u0131 17 Aral\u0131k Pazar g\u00fcn\u00fc ger\u00e7ekle\u015fecek. \u0130SOFF i\u015f birli\u011fi ile haz\u0131rlanan Akzirve Challenge\u2019da yine de\u011fi\u015fik kategorilerde, farkl\u0131 g\u00fc\u00e7lerdeki 4&#215;4 ara\u00e7lar ikili kalk\u0131\u015flarla start al\u0131p, i\u00e7 i\u00e7e ge\u00e7ecek \u015fekilde haz\u0131rlanm\u0131\u015f iki parkurda zamana kar\u015f\u0131 yar\u0131\u015facaklar. 20 ara\u00e7 ve 20 hakemin yer alaca\u011f\u0131 yar\u0131\u015fmada her turda en iyi [&hellip;]<\/p>\n","protected":false},"author":1,"featured_media":19556,"comment_status":"open","ping_status":"open","sticky":false,"template":"","format":"standard","meta":{"ngg_post_thumbnail":0},"categories":[26,97,5388],"tags":[4728,9578,10354,4695,11431,168,73,11342],"_links":{"self":[{"href":"https:\/\/emlaktuel.com\/index.php?rest_route=\/wp\/v2\/posts\/19555"}],"collection":[{"href":"https:\/\/emlaktuel.com\/index.php?rest_route=\/wp\/v2\/posts"}],"about":[{"href":"https:\/\/emlaktuel.com\/index.php?rest_route=\/wp\/v2\/types\/post"}],"author":[{"embeddable":true,"href":"https:\/\/emlaktuel.com\/index.php?rest_route=\/wp\/v2\/users\/1"}],"replies":[{"embeddable":true,"href":"https:\/\/emlaktuel.com\/index.php?rest_route=%2Fwp%2Fv2%2Fcomments&post=19555"}],"version-history":[{"count":1,"href":"https:\/\/emlaktuel.com\/index.php?rest_route=\/wp\/v2\/posts\/19555\/revisions"}],"predecessor-version":[{"id":19557,"href":"https:\/\/emlaktuel.com\/index.php?rest_route=\/wp\/v2\/posts\/19555\/revisions\/19557"}],"wp:featuredmedia":[{"embeddable":true,"href":"https:\/\/emlaktuel.com\/index.php?rest_route=\/wp\/v2\/media\/19556"}],"wp:attachment":[{"href":"https:\/\/emlaktuel.com\/index.php?rest_route=%2Fwp%2Fv2%2Fmedia&parent=19555"}],"wp:term":[{"taxonomy":"category","embeddable":true,"href":"https:\/\/emlaktuel.com\/index.php?rest_route=%2Fwp%2Fv2%2Fcategories&post=19555"},{"taxonomy":"post_tag","embeddable":true,"href":"https:\/\/emlaktuel.com\/index.php?rest_route=%2Fwp%2Fv2%2Ftags&post=19555"}],"curies":[{"name":"wp","href":"https:\/\/api.w.org\/{rel}","templated":true}]}}