{"id":19515,"date":"2017-12-09T11:57:41","date_gmt":"2017-12-09T08:57:41","guid":{"rendered":"http:\/\/emlaktuel.com\/?p=19515"},"modified":"2018-07-05T17:37:27","modified_gmt":"2018-07-05T14:37:27","slug":"216-yapi-istanbul-ve-ankaraya-yeni-projeler-yapacak","status":"publish","type":"post","link":"https:\/\/emlaktuel.com\/?p=19515","title":{"rendered":"216 Yap\u0131, \u0130stanbul ve Ankara&#8217;ya yeni projeler yapacak"},"content":{"rendered":"<div class=\"centerAd\"><img loading=\"lazy\" class=\"size-full wp-image-7003 aligncenter\" src=\"http:\/\/emlaktuel.com\/wp-content\/uploads\/2016\/10\/bilent-du\u0308ndar.jpg\" alt=\"\" width=\"660\" height=\"330\" \/><\/div>\n<p class=\"topP\">216 Yap\u0131&#8217;n\u0131n \u00c7ekmek\u00f6y&#8217;de ya\u015fama sundu\u011fu yeni projesi 216 Koru Plus&#8217;\u0131n lansman toplant\u0131s\u0131nda konu\u015fan 216 Yap\u0131 Y\u00f6netim Kurulu Ba\u015fkan\u0131 Bilent D\u00fcndar, \u0130stanbul ve Ankara&#8217;ya yeni proje yapacaklar\u0131n\u0131 s\u00f6yledi..<\/p>\n<div class=\"soc2 nmobilw\"><\/div>\n<div class=\"centerAd\"><\/div>\n<div class=\"clear\"><\/div>\n<div>\n<p>216 Yap\u0131 taraf\u0131ndan \u0130stanbul \u00c7ekmek\u00f6y&#8217;de hayata ge\u00e7irdi\u011fi 216 Koru Plus&#8217;\u0131n lansman toplant\u0131s\u0131 Bebek Hotel&#8217;de yap\u0131ld\u0131. Lansmana 216 Yap\u0131 Y\u00f6netim Kurulu Ba\u015fkan\u0131 Bilent D\u00fcndar ve 216 Yap\u0131 Sat\u0131\u015f ve Pazarlama M\u00fcd\u00fcr\u00fc Bilal Duman kat\u0131ld\u0131.<\/p>\n<p>Yap\u0131lan toplant\u0131da 216 Koru Plus projesine dair bilgiler veren 216 Yap\u0131 Y\u00f6netim Kurulu Ba\u015fkan\u0131 Bilent D\u00fcndar, mevcut arsa stoklar\u0131 hakk\u0131nda da konu\u015ftu.<\/p>\n<p>Bilent D\u00fcndar, \u0130stanbul ve Ankara&#8217;da kendi arazilerinin bulundu\u011funu bu arsalarda yak\u0131n zamanda yeni proje projelendireceklerini de belirten D\u00fcndar, Kad\u0131k\u00f6y&#8217;e de yeni proje yapabileceklerini belirtti.<\/p>\n<p>D\u00fcndar, ayr\u0131ca \u00c7ekmek\u00f6y b\u00f6lgesinde 150 dairelik projelerinin oldu\u011fu ve \u00f6n\u00fcm\u00fczdeki sene planlayacaklar\u0131n\u0131 dile getirdi.<\/p>\n<h3>Fenerbah\u00e7e Dalyan projesi yak\u0131nda sat\u0131\u015fa \u00e7\u0131kacak<\/h3>\n<p>216 Koru Plus da olmak \u00fczere son 3 projesinin kentsel d\u00f6n\u00fc\u015f\u00fcm projesi oldu\u011funu s\u00f6yleyen D\u00fcndar &#8220;Son d\u00f6nemlerde kentsel d\u00f6n\u00fc\u015f\u00fcm projesi yap\u0131yoruz. Kad\u0131k\u00f6y ve Fenerbah\u00e7e&#8217;deki projelerimiz de kentsel d\u00f6n\u00fc\u015f\u00fcm projesi.&#8221; dedi. \u00a0216 Yap\u0131&#8217;n\u0131n \u0130stanbul Fenerbah\u00e7e Dalyan&#8217;da konumland\u0131rd\u0131\u011f\u0131 projesi butik bir proje olarak tasarland\u0131. Kentsel d\u00f6n\u00fc\u015f\u00fcm projesi olarak hayata ge\u00e7irilen Fenerbah\u00e7e Dalyan&#8217;da 54 daireye yer veriliyor. B\u00f6lgedeki tek site olma niteli\u011fi ta\u015f\u0131yan Fenerbah\u00e7e Dalyan projesinde sat\u0131\u015flar yak\u0131nda ba\u015flayacak. Dalyan projesinin \u015fuanda 12 milyon TL maliyeti oldu\u011funu belirten D\u00fcndar, &#8220;Fenerbah\u00e7e Dalyan&#8217;da daha sat\u0131\u015fa \u00e7\u0131kmad\u0131k. Onun bir zaman\u0131 var.&#8221; dedi.<\/p>\n<p>444 4 216<br \/>\nhttp:\/\/www.216yapi.com<\/p>\n<\/div>\n","protected":false},"excerpt":{"rendered":"<p>216 Yap\u0131&#8217;n\u0131n \u00c7ekmek\u00f6y&#8217;de ya\u015fama sundu\u011fu yeni projesi 216 Koru Plus&#8217;\u0131n lansman toplant\u0131s\u0131nda konu\u015fan 216 Yap\u0131 Y\u00f6netim Kurulu Ba\u015fkan\u0131 Bilent D\u00fcndar, \u0130stanbul ve Ankara&#8217;ya yeni proje yapacaklar\u0131n\u0131 s\u00f6yledi.. 216 Yap\u0131 taraf\u0131ndan \u0130stanbul \u00c7ekmek\u00f6y&#8217;de hayata ge\u00e7irdi\u011fi 216 Koru Plus&#8217;\u0131n lansman toplant\u0131s\u0131 Bebek Hotel&#8217;de yap\u0131ld\u0131. Lansmana 216 Yap\u0131 Y\u00f6netim Kurulu Ba\u015fkan\u0131 Bilent D\u00fcndar ve 216 Yap\u0131 Sat\u0131\u015f ve [&hellip;]<\/p>\n","protected":false},"author":1,"featured_media":7003,"comment_status":"open","ping_status":"open","sticky":false,"template":"","format":"standard","meta":{"ngg_post_thumbnail":0},"categories":[26,97,5388],"tags":[4452,10342,11189,2210,11527,73,88,6829,106,825,1813],"_links":{"self":[{"href":"https:\/\/emlaktuel.com\/index.php?rest_route=\/wp\/v2\/posts\/19515"}],"collection":[{"href":"https:\/\/emlaktuel.com\/index.php?rest_route=\/wp\/v2\/posts"}],"about":[{"href":"https:\/\/emlaktuel.com\/index.php?rest_route=\/wp\/v2\/types\/post"}],"author":[{"embeddable":true,"href":"https:\/\/emlaktuel.com\/index.php?rest_route=\/wp\/v2\/users\/1"}],"replies":[{"embeddable":true,"href":"https:\/\/emlaktuel.com\/index.php?rest_route=%2Fwp%2Fv2%2Fcomments&post=19515"}],"version-history":[{"count":1,"href":"https:\/\/emlaktuel.com\/index.php?rest_route=\/wp\/v2\/posts\/19515\/revisions"}],"predecessor-version":[{"id":19516,"href":"https:\/\/emlaktuel.com\/index.php?rest_route=\/wp\/v2\/posts\/19515\/revisions\/19516"}],"wp:featuredmedia":[{"embeddable":true,"href":"https:\/\/emlaktuel.com\/index.php?rest_route=\/wp\/v2\/media\/7003"}],"wp:attachment":[{"href":"https:\/\/emlaktuel.com\/index.php?rest_route=%2Fwp%2Fv2%2Fmedia&parent=19515"}],"wp:term":[{"taxonomy":"category","embeddable":true,"href":"https:\/\/emlaktuel.com\/index.php?rest_route=%2Fwp%2Fv2%2Fcategories&post=19515"},{"taxonomy":"post_tag","embeddable":true,"href":"https:\/\/emlaktuel.com\/index.php?rest_route=%2Fwp%2Fv2%2Ftags&post=19515"}],"curies":[{"name":"wp","href":"https:\/\/api.w.org\/{rel}","templated":true}]}}