{"id":19504,"date":"2017-12-08T14:13:00","date_gmt":"2017-12-08T11:13:00","guid":{"rendered":"http:\/\/emlaktuel.com\/?p=19504"},"modified":"2018-07-05T17:37:19","modified_gmt":"2018-07-05T14:37:19","slug":"nefin-ticari-uniteleri-21-aralikta-acik-artirma-ile-satista","status":"publish","type":"post","link":"https:\/\/emlaktuel.com\/?p=19504","title":{"rendered":"Nef\u2019in ticari \u00fcniteleri, 21 Aral\u0131k\u2019ta a\u00e7\u0131k art\u0131rma ile sat\u0131\u015fta"},"content":{"rendered":"<p><strong>\u00a0<\/strong><\/p>\n<p><img loading=\"lazy\" class=\"size-full wp-image-19505\" src=\"http:\/\/emlaktuel.com\/wp-content\/uploads\/2017\/12\/NEF.jpg\" alt=\"NEF ticari alanlar\u0131\" width=\"1000\" height=\"500\" \/><\/p>\n<p><strong>Sat\u0131\u015f ve finansal b\u00fcy\u00fckl\u00fc\u011f\u00fcn\u00fcn yan\u0131 s\u0131ra, yenilik\u00e7i \u00e7\u00f6z\u00fcmleriyle de gayrimenkul sekt\u00f6r\u00fcn\u00fcn lideri olan Nef, emlak yat\u0131r\u0131m\u0131 yapmak isteyenler i\u00e7in etkili bir sat\u0131\u015f y\u00f6ntemi sunuyor. \u0130stanbul\u2019un en prestijli b\u00f6lgelerinde yer alan Nef projelerindeki ma\u011faza ve ofisler, 21 Aral\u0131k Per\u015fembe g\u00fcn\u00fc saat 13:00\u2019te Hali\u00e7 Kongre Merkezi\u2019nde a\u00e7\u0131k art\u0131rmayla sat\u0131\u015fa sunuluyor. <\/strong><\/p>\n<p><strong>Atak\u00f6y, Topkap\u0131 ve Levent gibi \u0130stanbul\u2019un en merkezi lokasyonlar\u0131nda, tapusu haz\u0131r, hemen teslim ve garanti kira destekli Nef ticari \u00fcniteleri, %10\u2019dan ba\u015flayan pe\u015finatlar ve 36 aya varan \u00f6deme planlar\u0131yla ilk defa a\u00e7\u0131k art\u0131rmaya \u00e7\u0131k\u0131yor.<\/strong><\/p>\n<p><strong>\u00a0<\/strong><\/p>\n<p>Son 3 y\u0131ld\u0131r sekt\u00f6r lideri olan Nef, \u0130stanbul\u2019un en prestijli b\u00f6lgelerindeki 141 adet ticari gayrimenkul\u00fc, \u00a0a\u00e7\u0131k art\u0131rma ile sat\u0131\u015fa \u00e7\u0131kar\u0131yor. Atak\u00f6y, Bah\u00e7elievler, Levent, Topkap\u0131, Bas\u0131n Ekspres, Sancaktepe, Ka\u011f\u0131thane, Merter, Kemerburgaz gibi merkezi lokasyonlarda yer alan Nef projelerindeki ma\u011faza ve ofislerin dahil olaca\u011f\u0131 a\u00e7\u0131k art\u0131rma, 21 Aral\u0131k Per\u015fembe g\u00fcn\u00fc saat 13:00\u2019te Hali\u00e7 Kongre Merkezi\u2019nde ger\u00e7ekle\u015fecek.<\/p>\n<p><strong>14 ilden ve internet \u00fczerinden katilim imk\u00e2n\u0131<\/strong><\/p>\n<p>TURYAP taraf\u0131ndan d\u00fczenlenen ve ticari gayrimenkul dan\u0131\u015fmanl\u0131\u011f\u0131n\u0131 JLL\u2019in \u00fcstlendi\u011fi a\u00e7\u0131k art\u0131rmaya, <a href=\"http:\/\/www.turyap.com.tr\">www.turyap.com.tr<\/a> adresinden online olarak kat\u0131l\u0131nabildi\u011fi gibi; Adana, Ankara, Bursa, Denizli, Diyarbak\u0131r, Gaziantep, \u0130zmir, Kayseri, Konya, Mersin, Samsun, \u015eanl\u0131urfa ve Trabzon dahil 13 ilden de canl\u0131 yay\u0131nla kat\u0131l\u0131m sa\u011flanabiliyor.<\/p>\n<p><strong>290 bin TL\u2019den ba\u015flayan fiyatlara, 2023\u2019e kadar garanti kira destekli<\/strong><\/p>\n<p>Atak\u00f6y ve Levent gibi \u0130stanbul\u2019un cazibesi en y\u00fcksek noktalar\u0131nda yer alan \u00f6d\u00fcll\u00fc Nef projelerindeki \u00fcniteler, 750 metre \u00e7evresinde 15 binden fazla ki\u015finin ya\u015fad\u0131\u011f\u0131 ve insan trafi\u011finin yo\u011fun oldu\u011fu b\u00f6lgelerde; metro, metrob\u00fcs ve ana ula\u015f\u0131m hatlar\u0131na y\u00fcr\u00fcme mesafesinde bulunuyor.<\/p>\n<p>290 bin TL ile 10 milyon TL aras\u0131nda de\u011fi\u015fen fiyatlarla a\u00e7\u0131k art\u0131rmaya \u00e7\u0131kacak tapulu ofis ve ma\u011fazalar, ayn\u0131 zamanda haz\u0131r kirac\u0131l\u0131 veya hemen kiralamaya haz\u0131r durumda olmalar\u0131 ile de yat\u0131r\u0131m\u0131n cazibesini art\u0131r\u0131yor. Nef ayr\u0131ca, a\u00e7\u0131k art\u0131rma kapsam\u0131nda sat\u0131lacak ticari gayrimenkullere 2023\u2019e kadar garantili kira deste\u011fi sa\u011fl\u0131yor.<\/p>\n<p><strong>A\u00e7\u0131k art\u0131rmada bir ilk; vadeli \u00f6deme plan\u0131 <\/strong><\/p>\n<p>Nef, 21 Aral\u0131k\u2019ta d\u00fczenlenecek a\u00e7\u0131k art\u0131rma ile bir ilke imza at\u0131yor ve sat\u0131lacak t\u00fcm gayrimenkuller i\u00e7in ilk defa bir a\u00e7\u0131k art\u0131rmada vadeli \u00f6deme plan\u0131 uyguluyor. A\u00e7\u0131k art\u0131rma kapsam\u0131nda, uzun s\u00fcredir beklenen Nef projelerindeki ma\u011faza ve ofisler, pe\u015fin \u00f6demede fiyat avantaj\u0131n\u0131n yan\u0131 s\u0131ra, %10\u2019dan ba\u015flayan pe\u015finatlar ve 36 aya varan vadeli \u00f6deme planlar\u0131yla yat\u0131r\u0131mc\u0131larla bulu\u015facak.<\/p>\n<p>A\u00e7\u0131k art\u0131rma ile sat\u0131\u015fa \u00e7\u0131kacak gayrimenkuller hakk\u0131nda her t\u00fcrl\u00fc detay ve \u015fartname i\u00e7in <a href=\"http:\/\/www.nefacikartirma.com\">www.nefacikartirma.com<\/a> sitesini ziyaret edebilirsiniz.<\/p>\n","protected":false},"excerpt":{"rendered":"<p>\u00a0 Sat\u0131\u015f ve finansal b\u00fcy\u00fckl\u00fc\u011f\u00fcn\u00fcn yan\u0131 s\u0131ra, yenilik\u00e7i \u00e7\u00f6z\u00fcmleriyle de gayrimenkul sekt\u00f6r\u00fcn\u00fcn lideri olan Nef, emlak yat\u0131r\u0131m\u0131 yapmak isteyenler i\u00e7in etkili bir sat\u0131\u015f y\u00f6ntemi sunuyor. \u0130stanbul\u2019un en prestijli b\u00f6lgelerinde yer alan Nef projelerindeki ma\u011faza ve ofisler, 21 Aral\u0131k Per\u015fembe g\u00fcn\u00fc saat 13:00\u2019te Hali\u00e7 Kongre Merkezi\u2019nde a\u00e7\u0131k art\u0131rmayla sat\u0131\u015fa sunuluyor. Atak\u00f6y, Topkap\u0131 ve Levent gibi \u0130stanbul\u2019un [&hellip;]<\/p>\n","protected":false},"author":1,"featured_media":19505,"comment_status":"open","ping_status":"open","sticky":false,"template":"","format":"standard","meta":{"ngg_post_thumbnail":0},"categories":[26,5217,97,5388],"tags":[11431,1923,11115,11356,420,11120,11098,11422],"_links":{"self":[{"href":"https:\/\/emlaktuel.com\/index.php?rest_route=\/wp\/v2\/posts\/19504"}],"collection":[{"href":"https:\/\/emlaktuel.com\/index.php?rest_route=\/wp\/v2\/posts"}],"about":[{"href":"https:\/\/emlaktuel.com\/index.php?rest_route=\/wp\/v2\/types\/post"}],"author":[{"embeddable":true,"href":"https:\/\/emlaktuel.com\/index.php?rest_route=\/wp\/v2\/users\/1"}],"replies":[{"embeddable":true,"href":"https:\/\/emlaktuel.com\/index.php?rest_route=%2Fwp%2Fv2%2Fcomments&post=19504"}],"version-history":[{"count":2,"href":"https:\/\/emlaktuel.com\/index.php?rest_route=\/wp\/v2\/posts\/19504\/revisions"}],"predecessor-version":[{"id":19507,"href":"https:\/\/emlaktuel.com\/index.php?rest_route=\/wp\/v2\/posts\/19504\/revisions\/19507"}],"wp:featuredmedia":[{"embeddable":true,"href":"https:\/\/emlaktuel.com\/index.php?rest_route=\/wp\/v2\/media\/19505"}],"wp:attachment":[{"href":"https:\/\/emlaktuel.com\/index.php?rest_route=%2Fwp%2Fv2%2Fmedia&parent=19504"}],"wp:term":[{"taxonomy":"category","embeddable":true,"href":"https:\/\/emlaktuel.com\/index.php?rest_route=%2Fwp%2Fv2%2Fcategories&post=19504"},{"taxonomy":"post_tag","embeddable":true,"href":"https:\/\/emlaktuel.com\/index.php?rest_route=%2Fwp%2Fv2%2Ftags&post=19504"}],"curies":[{"name":"wp","href":"https:\/\/api.w.org\/{rel}","templated":true}]}}