{"id":19491,"date":"2017-12-08T13:16:44","date_gmt":"2017-12-08T10:16:44","guid":{"rendered":"http:\/\/emlaktuel.com\/?p=19491"},"modified":"2018-07-05T17:37:03","modified_gmt":"2018-07-05T14:37:03","slug":"1-trilyon-dolari-yoneten-dunyanin-en-buyuk-fonlari-turkiyede","status":"publish","type":"post","link":"https:\/\/emlaktuel.com\/?p=19491","title":{"rendered":"1 Trilyon dolar\u0131 y\u00f6neten d\u00fcnyan\u0131n en b\u00fcy\u00fck fonlar\u0131 T\u00fcrkiye&#8217;de"},"content":{"rendered":"<h3>CUMHURBA\u015eKANI RECEP TAYY\u0130P ERDO\u011eAN: \u201cT\u00dcRK\u0130YE\u2019N\u0130N D\u00dcNYAYA A\u00c7ILMASI Y\u00d6N\u00dcNDE S\u00dcRD\u00dcR\u00dcLEN T\u00dcM HAREKETLER\u0130, YATIRIM VE YATIRIMCI ANLAMINDA DEVLET\u0130M\u0130Z HER ZAMAN DESTEKLEYECEKT\u0130R\u201d<\/h3>\n<h3>CUMHURBA\u015eKANI RECEP TAYY\u0130P ERDO\u011eAN: \u201cREEL EKONOM\u0130 DED\u0130KODULARA DE\u011e\u0130L GER\u00c7EKLERE VE FIRSATLARA \u0130T\u0130BAR ED\u0130YOR\u201d<\/h3>\n<h3>1 TR\u0130LYON DOLARI Y\u00d6NETEN D\u00dcNYANIN EN B\u00dcY\u00dcK FONLARI T\u00dcRK\u0130YE\u2019DE BULU\u015eTU<\/h3>\n<p><strong>Globalturk Capital taraf\u0131ndan, EMPEA i\u015f birli\u011finde bu sene 3\u2019\u00fcnc\u00fcs\u00fc ger\u00e7ekle\u015ftirilen \u201cT\u00fcrkiye ve \u00c7evresindeki \u00d6zel Sermaye Fonlar\u0131 Yat\u0131r\u0131mlar\u0131\u201d etkinli\u011finde, Cumhurba\u015fkan\u0131 Recep Tayyip Erdo\u011fan\u2019\u0131n yat\u0131r\u0131mc\u0131lara mesaj\u0131 damga vurdu. <\/strong><strong>65 y\u0131l sonra ilk kez cumhurba\u015fkan\u0131 seviyesinde ger\u00e7ekle\u015ftirilen Yunanistan ziyareti sebebiyle etkinli\u011fe kat\u0131lamayan Cumhurba\u015fkan\u0131 Recep Tayyip Erdo\u011fan, g\u00f6nderdi\u011fi yaz\u0131l\u0131 mesajda, T\u00fcrkiye\u2019nin son y\u0131llarda kar\u015f\u0131 kar\u015f\u0131ya geldi\u011fi t\u00fcrl\u00fc engellemeler ve s\u0131k\u0131nt\u0131lara ra\u011fmen, i\u00e7ine kapanmay\u0131p aksine d\u00fcnyaya daha da a\u00e7\u0131ld\u0131\u011f\u0131n\u0131 vurgulad\u0131. Erdo\u011fan, etkinli\u011fe kat\u0131lan yat\u0131r\u0131mc\u0131lara, \u201cYurtd\u0131\u015f\u0131ndaki b\u00fct\u00fcn olumsuz propagandalara ra\u011fmen, sizlerin bug\u00fcn burada olmas\u0131n\u0131 \u00f6nemli g\u00f6r\u00fcyoruz. Bu tavr\u0131n\u0131zla, reel ekonominin s\u00f6ylentiler ve dedikodulara de\u011fil, ger\u00e7eklere ve f\u0131rsatlara itibar etti\u011finin g\u00f6stermi\u015f oldunuz.\u201d diye seslendi.<\/strong><\/p>\n<p>Erdo\u011fan yaz\u0131l\u0131 olarak g\u00f6nderdi\u011fi mesaj\u0131nda \u015funlar\u0131 kaydetti:<\/p>\n<p>\u201cT\u00fcrkiye\u2019nin d\u00fcnyaya a\u00e7\u0131lma y\u00f6nl\u00fc hareketini \u00fclkemizin her k\u00f6\u015fesinde g\u00f6rmek m\u00fcmk\u00fcnd\u00fcr. Kulu\u00e7ka merkezleri, ara\u015ft\u0131rma merkezleri, say\u0131lar\u0131 h\u0131zla artan giri\u015fim sermayesi fonlar\u0131 ile devletimizin bunlar\u0131 destekleyen hibe, te\u015fvik ve yard\u0131m mekanizmalar\u0131, giri\u015fimcili\u011fe verdi\u011fimiz \u00f6nemi g\u00f6steriyor. Di\u011fer tarafta gittik\u00e7e artan say\u0131da \u015firketimiz yabanc\u0131larla ortakl\u0131klar kuruyor. Yine \u00e7ok say\u0131da yabanc\u0131 \u015firket \u00fclkemizde faaliyete ge\u00e7iyor veya faaliyet alanlar\u0131n\u0131 geni\u015fletiyor.<\/p>\n<p><strong>\u201cYat\u0131r\u0131mlar\u0131n d\u0131\u015f pazarlara entegrasyonu i\u00e7in maliyetleri d\u00fc\u015f\u00fcrd\u00fck\u201d<\/strong><\/p>\n<p>\u00d6zel sermaye ve giri\u015fim sermayesi yat\u0131r\u0131m fonlar\u0131n\u0131n ekonomide sa\u011flad\u0131\u011f\u0131 katk\u0131lara \u00e7ok \u00f6nem veriyoruz. Klasik yat\u0131r\u0131mlardan farkl\u0131 olarak fon yat\u0131r\u0131mlar\u0131n\u0131n g\u00fc\u00e7l\u00fc b\u00fcy\u00fcme i\u015ftahlar\u0131n\u0131n, bizim b\u00fcy\u00fcme hedeflerimizle \u00fcst \u00fcste geldi\u011fini, bunun da t\u00fcm taraflar i\u00e7in verimli ve k\u00e2rl\u0131 sonu\u00e7lar do\u011furabilece\u011fini biliyoruz.Bu kapsamda yat\u0131r\u0131mc\u0131lara, yak\u0131nda faaliyetlerini ba\u015flatacak olan Varl\u0131k Fonunun yan\u0131nda daha pek \u00e7ok imk\u00e2n sunuyoruz \u015eirket kurulumu s\u00fcre\u00e7lerini basitle\u015ftirerek yat\u0131r\u0131m yapmay\u0131 kolayla\u015ft\u0131r\u0131yor, yat\u0131r\u0131mlarla ilgili hukuki ve idari s\u00fcre\u00e7leri de h\u0131zland\u0131r\u0131yoruz. Yat\u0131r\u0131mlar\u0131n i\u00e7 pazar yan\u0131nda d\u0131\u015f pazarlara da entegrasyonunu kolayla\u015ft\u0131racak \u015fekilde d\u0131\u015f ticaret maliyetlerini d\u00fc\u015f\u00fcr\u00fcyoruz.\u201d<\/p>\n<p><strong>\u201cEkonomik kalk\u0131nma ter\u00f6r\u00fcn en etkili ila\u00e7lar\u0131ndan biri\u201d<\/strong><\/p>\n<p>Mesaj\u0131nda, etkinli\u011fe kat\u0131lan yat\u0131r\u0131mc\u0131lara \u201cYurtd\u0131\u015f\u0131ndaki b\u00fct\u00fcn olumsuz propagandalara ra\u011fmen, sizlerin bug\u00fcn burada olmas\u0131n\u0131 \u00f6nemli g\u00f6r\u00fcyoruz. Bu tavr\u0131n\u0131zla, reel ekonominin s\u00f6ylentiler ve dedikodulara de\u011fil, ger\u00e7eklere ve f\u0131rsatlara itibar etti\u011finin g\u00f6stermi\u015f oldunuz.\u201d diyerek te\u015fekk\u00fcr eden Erdo\u011fan, mesaj\u0131n\u0131 su s\u00f6zlerle sonland\u0131rd\u0131:<\/p>\n<p>\u201cEkonomik kalk\u0131nmay\u0131, bug\u00fcn d\u00fcnyan\u0131n kar\u015f\u0131s\u0131ndaki en b\u00fcy\u00fck bela olan ter\u00f6r\u00fcn en etkili ila\u00e7lar\u0131ndan biri olarak kabul ediyoruz. Gerek Amerika\u2019da sizlerden de kat\u0131l\u0131mc\u0131larla ger\u00e7ekle\u015ftirdi\u011fimiz toplant\u0131lar\u0131n, gerekse \u00fclkemizde faaliyet g\u00f6steren yat\u0131r\u0131mc\u0131larla s\u00fcrd\u00fcrd\u00fc\u011f\u00fcm\u00fcz yap\u0131c\u0131 diyaloglar\u0131n, olumlu sonu\u00e7lar verdi\u011fini g\u00f6r\u00fcyoruz. Bu etkinli\u011finizin t\u00fcm taraflar i\u00e7in hay\u0131rl\u0131 sonu\u00e7lar do\u011furmas\u0131n\u0131 diliyorum. Her ne kadar \u015fu anda yan\u0131n\u0131zda olamasam da devletimizin her konuda sizi destekledi\u011fini ve destekleyece\u011fini belirtmek istiyorum. \u201c<\/p>\n<p><strong>T\u00fcrk yat\u0131r\u0131mc\u0131larla ili\u015fki tazelediler<\/strong><\/p>\n<p>T\u00fcrkiye\u2019den ve d\u00fcnyadan 200\u2019\u00fcn \u00fczerinde \u00f6zel sermaye fonu temsilcisi, T\u00fcrk \u015firketlerinin ve yabanc\u0131 \u00f6zel sermaye fonlar\u0131n\u0131n giri\u015fim partneri olarak faaliyet g\u00f6steren Globalturk Capital taraf\u0131ndan, d\u00fcnyan\u0131n en b\u00fcy\u00fck y\u00fckselen pazarlar \u00f6zel sermaye olu\u015fumu EMPEA i\u015f birli\u011finde d\u00fcn ger\u00e7ekle\u015ftirilen \u201cT\u00fcrkiye ve \u00c7evresindeki \u00d6zel Sermaye Fonlar\u0131 Yat\u0131r\u0131mlar\u0131\u201d etkinli\u011finde bulu\u015ftu. Cumhurba\u015fkan\u0131 Recep Tayyip Erdo\u011fan\u2019\u0131n yak\u0131n zamanda ger\u00e7ekle\u015ftirdi\u011fi ABD ziyaretinde bir araya geldi\u011fi 1 trilyon dolar\u0131n \u00fczerinde fonu y\u00f6neten \u00f6zel sermaye fonu temsilcileri, T\u00fcrkiye yat\u0131r\u0131mlar\u0131n\u0131 de\u011ferlendirmek \u00fczere ili\u015fki tazeledi.<\/p>\n<p><strong>\u00dcst d\u00fczey y\u00f6neticiler ge\u00e7idi<\/strong><\/p>\n<p><strong>Globalturk Capital Kurucu ve Y\u00f6netici Orta\u011f\u0131 Bar\u0131\u015f \u00d6ney<\/strong>, <em><strong>EMPEA\u2019n\u0131n<\/strong><\/em><strong> Eski Ba\u015fkan\u0131 Y\u00f6netim Kurulu \u00dcyesi ve S\u00f6zc\u00fcs\u00fc<\/strong>, ayn\u0131 zamanda 25 y\u0131l\u0131 a\u015fk\u0131nd\u0131r faaliyet g\u00f6steren Global Environment Fund\u2019\u0131n da e\u015f kurucusu <strong>Jeffrey Leonard<\/strong>, <strong>Vodafone T\u00fcrkiye CEO\u2019su <\/strong><strong>Colman Deegan<\/strong>, <strong>EBDR Sermayeler Y\u00f6netici Direkt\u00f6r\u00fc <\/strong><strong>Hasan El Khatib<\/strong> gibi alan\u0131nda uzman 30 \u00fcst d\u00fczey yat\u0131r\u0131mc\u0131n\u0131n panelist ve konu\u015fmac\u0131 olarak, 200\u2019\u00fcn \u00fczerinde yat\u0131r\u0131mc\u0131 temsilcisinin de dinleyici olarak kat\u0131ld\u0131\u011f\u0131 etkinlikte; T\u00fcrkiye ekonomisi, giderek artan yabanc\u0131 yat\u0131r\u0131mc\u0131 ilgisi ve \u00f6zel sermaye fonlar\u0131ndaki hareketlilik masaya yat\u0131r\u0131ld\u0131.<\/p>\n<p>Etkinli\u011fin a\u00e7\u0131l\u0131\u015f\u0131nda konu\u015fan <strong>Globalturk Capital Kurucu ve Y\u00f6netici Orta\u011f\u0131 Bar\u0131\u015f \u00d6ney<\/strong>, Globalturk Capital taraf\u0131ndan EMPEA i\u015f birli\u011finde ger\u00e7ekle\u015ftirilen etkinli\u011fin, y\u00fckselen pazarlara yat\u0131r\u0131m yapan \u00f6zel sermaye fonlar\u0131n\u0131 bir araya getiren en \u00f6nemli platformlardan biri oldu\u011funu vurgulayarak, bu y\u0131l 3\u2019\u00fcnc\u00fcs\u00fc d\u00fczenlenen etkinli\u011fe yurt d\u0131\u015f\u0131ndan ve T\u00fcrkiye\u2019den 200\u2019\u00fcn \u00fczerinde \u00f6zel sermaye fonu temsilcisini a\u011f\u0131rlamaktan mutluluk duyduklar\u0131n\u0131 s\u00f6yledi. Bu etkinli\u011fe kat\u0131lan uluslararas\u0131 fon sahiplerinin bug\u00fcne kadar T\u00fcrkiye\u2019ye 30 milyar dolar\u0131n \u00fczerinde kaynak sa\u011flad\u0131\u011f\u0131n\u0131 belirterek, \u201cGlobalturk Capital\u2019in yapt\u0131\u011f\u0131 ara\u015ft\u0131rmaya g\u00f6re, T\u00fcrkiye\u2019de son 10 y\u0131lda ger\u00e7ekle\u015fen yabanc\u0131 do\u011frudan yat\u0131r\u0131m i\u015flemlerinin %65\u2019i, \u00f6zel sermaye fonlar\u0131 taraf\u0131ndan do\u011frudan ya da onlar\u0131n y\u00f6netimlerinde oldu\u011fu yabanc\u0131 \u015firketler taraf\u0131ndan yap\u0131l\u0131yor.\u201ddedi.<\/p>\n<p><strong>D\u00fcnyada ilk kez T\u00fcrkiye\u2019de temsilci atad\u0131<\/strong><\/p>\n<p>Konu\u015fmas\u0131nda 100\u2019\u00fcn \u00fczerinde \u00fclkede 1 trilyon dolar\u0131n \u00fczerinde varl\u0131\u011f\u0131 y\u00f6neten \u00f6zel sermaye fonlar\u0131 birli\u011fi EMPEA\u2019n\u0131n d\u00fcnyada ilk kez T\u00fcrkiye\u2019de bir \u00fclke temsilcisi atad\u0131\u011f\u0131n\u0131 belirten \u00d6ney, \u201cKendileriyle s\u00fcrd\u00fcrd\u00fc\u011f\u00fcm\u00fcz yak\u0131n temaslar sonucu birlikte i\u015f birli\u011fi y\u00fcr\u00fctme noktas\u0131nda kar\u015f\u0131l\u0131kl\u0131 bir \u00e7aba sarf ettik. Y\u00fcr\u00fctt\u00fc\u011f\u00fcm\u00fcz ba\u015far\u0131l\u0131 \u00e7al\u0131\u015fmalar sonucunda, bizim T\u00fcrkiye temsilcisi olmam\u0131z\u0131 arzu ettiler ve bu \u00fcnvan\u0131 verdiler. Bu \u00fcnvan\u0131 alm\u0131\u015f olmakla hem kendi a\u00e7\u0131mdan hem de T\u00fcrkiye a\u00e7\u0131s\u0131ndan onur duyuyorum. B\u00f6ylesi g\u00fc\u00e7l\u00fc bir kurumun d\u00fcnyada ilk kez T\u00fcrkiye\u2019de temsilcilik vermesini, T\u00fcrkiye\u2019nin y\u00fckselen pazarlardaki \u00f6neminin vurgulanmas\u0131 a\u00e7\u0131s\u0131ndan son derece de\u011ferli buluyorum. Bu T\u00fcrkiye\u2019ye yeni fonlar\u0131n gelmesinin de \u00f6n\u00fcn\u00fc a\u00e7abilecek bir geli\u015fme\u201d dedi.<\/p>\n<p><strong>EMPEA ve Globalturk Capital i\u015fbirli\u011fi<\/strong><\/p>\n<p>\u00d6ney, s\u00f6zlerini \u015f\u00f6yle s\u00fcrd\u00fcrd\u00fc: \u201cGe\u00e7ti\u011fimiz 1 y\u0131l i\u00e7inde EMPEA ve Globalturk Capital i\u015f birli\u011fi, \u00f6zel sermaye fonlar\u0131n\u0131n Cumhurba\u015fkan\u0131m\u0131z ile hem New York, hem Washington DC\u2019de \u00f6zel olarak bir araya gelmelerini, hem de Ba\u015fbakan Yard\u0131mc\u0131s\u0131, Bakanlar\u0131m\u0131z ve ISPAT y\u00f6neticileri ile g\u00f6r\u00fc\u015fme yapmalar\u0131n\u0131 sa\u011flad\u0131. Ayr\u0131ca her y\u0131l May\u0131s ay\u0131nda Washington DC\u2019de yap\u0131lan EMPEA\u2019n\u0131n y\u0131ll\u0131k toplant\u0131lar\u0131nda 4 y\u0131ldan sonra ilk kez T\u00fcrkiye oturumu yap\u0131labilmi\u015ftir.\u201d<\/p>\n<p><strong>\u201cT\u00fcrkiye i\u00e7in kilometre ta\u015f\u0131\u201d<\/strong><\/p>\n<p>Konu\u015fmas\u0131nda \u00f6zel sermaye fonlar\u0131n\u0131n yat\u0131r\u0131m y\u00f6ntemleri hakk\u0131nda bilgi veren \u00d6ney, \u015fu bilgileri payla\u015ft\u0131:<\/p>\n<p>\u201c\u00d6zel sermaye fonu y\u00f6neticileri fon sahiplerinden genelde 10 y\u0131l i\u00e7in fon toplay\u0131p bu fonlar\u0131 \u015firketlere 5 ile 8 y\u0131ll\u0131\u011f\u0131na yat\u0131r\u0131rlar. Onlar\u0131n y\u00f6netim kurullar\u0131na girerler. \u015eirketleri h\u0131zla b\u00fcy\u00fctmeye \u00e7al\u0131\u015f\u0131p daha sonra hisselerini sat\u0131p \u00e7\u0131kmay\u0131 hedeflerler. Yapt\u0131klar\u0131 yat\u0131r\u0131mlardan ne kadar kar edip \u00e7\u0131kabilirlerse bir sonraki seferde fon sahiplerinden daha fazla fon toplayabilirler. Yat\u0131r\u0131mlardan karl\u0131 bir \u015fekilde \u00e7\u0131kabilmeleri yat\u0131r\u0131m yapmalar\u0131ndan daha \u00f6nemli bir konudur. \u00c7\u0131karken hisselerini bir ba\u015fka \u015firkete, fona ya da \u015firketin mevcut ortaklar\u0131na satabilir, ya da halka a\u00e7arak \u00e7\u0131kabilirler. Bu y\u0131l ilke kez 3 adet halka arz yoluyla \u00e7\u0131k\u0131\u015f ya\u015fanmas\u0131, T\u00fcrkiye a\u00e7\u0131s\u0131ndan bir kilometre ta\u015f\u0131 olmu\u015ftur. \u00d6n\u00fcm\u00fczdeki y\u0131l T\u00fcrkiye i\u00e7in yeni \u00f6zel sermaye fonu kaynaklar\u0131n\u0131n T\u00fcrkiye\u2019ye akabilmesinin \u00f6n\u00fcn\u00fc a\u00e7an \u00e7ok \u00f6nemli bir geli\u015fmedir.\u201d<\/p>\n<p><strong>\u201cK\u00fcresel \u00f6zel sermaye end\u00fcstrisinde T\u00fcrkiye \u00f6nemli bir rol oynuyor\u201d<\/strong><\/p>\n<p>EMPEA olarak T\u00fcrkiye\u2019deki ba\u015far\u0131lar\u0131n\u0131n en \u00f6nemli nedenlerinden birini Globalturk ile geli\u015ftirilen i\u015f birli\u011fi modeli olarak g\u00f6steren <em><strong>EMPEA\u2019n\u0131n<\/strong><\/em><strong> Eski Ba\u015fkan\u0131 Y\u00f6netim Kurulu \u00dcyesi ve S\u00f6zc\u00fcs\u00fc Jeffrey Leonard<\/strong>, \u00f6zel sermaye a\u00e7\u0131s\u0131ndan T\u00fcrkiye\u2019ye y\u00f6nelik bak\u0131\u015f a\u00e7\u0131lar\u0131n\u0131n uzun soluklu oldu\u011funu s\u00f6yledi. K\u00fcresel \u00f6zel sermaye end\u00fcstrisinde T\u00fcrkiye\u2019nin \u00f6nemli bir rol oynad\u0131\u011f\u0131n\u0131n alt\u0131n\u0131 \u00e7izen Jeffrey Leonard, \u015funlar\u0131 s\u00f6yledi: \u201cT\u00fcrkiye gibi geli\u015fen pazarlar i\u00e7in yat\u0131r\u0131mc\u0131lar\u0131n hassasiyetleri bulunsa da bu ekonomiler y\u00fcz\u00fcm\u00fcz\u00fc kara \u00e7\u0131karm\u0131yor. 2012 y\u0131l\u0131nda T\u00fcrkiye yat\u0131r\u0131mlar a\u00e7\u0131s\u0131ndan en verimli zaman\u0131n\u0131 ya\u015fam\u0131\u015ft\u0131. O d\u00f6nemde Hindistan daha a\u015fa\u011f\u0131dayd\u0131. \u015eimdi ise yat\u0131r\u0131mc\u0131lar\u0131n g\u00f6zdesi Hindistan. Bu durum T\u00fcrkiye i\u00e7in bir f\u0131rsat asl\u0131nda. Zira yeniden yukar\u0131 \u00e7\u0131kmas\u0131 i\u00e7in bir \u015fans. Pazarda b\u00f6yle dalgalanmalar oluyor. Bu durumdan kayg\u0131 duymamak laz\u0131m.\u201d<\/p>\n<p><strong>\u201cT\u00fcrkiye \u00f6zel sermaye a\u00e7\u0131s\u0131ndan b\u00fcy\u00fck bir pazar\u201d<\/strong><\/p>\n<p>Etkinlikte konu\u015fma yapan <strong>EBDR Sermayeler Y\u00f6netici Direkt\u00f6r\u00fc Hasan El Khatib<\/strong>, EBDR olarak Rusya, Polonya, Mo\u011folistan, M\u0131s\u0131r ve T\u00fcrkiye\u2019nin de i\u00e7inde bulundu\u011fu 38 \u00fclkelik bir b\u00f6lgede enerji, kamu, altyap\u0131 sekt\u00f6rlerine yat\u0131r\u0131m yapt\u0131klar\u0131n\u0131 vurgulad\u0131. T\u00fcrkiye\u2019de de \u00f6nemli bir portf\u00f6ylerinin bulundu\u011funun alt\u0131n\u0131 \u00e7izen Hasan El Khatib, \u201cOperasyonlar\u0131m\u0131z aras\u0131nda T\u00fcrkiye en geni\u015f yeri kaps\u0131yor. T\u00fcrkiye \u00f6zel sermaye a\u00e7\u0131s\u0131ndan Polonya ile birlikte en b\u00fcy\u00fck pazar. T\u00fcrkiye\u2019de \u015fu an ya\u015fanan kur dengesizli\u011fine kar\u015f\u0131n \u00f6zel sermaye fonlar\u0131 \u00fczerine d\u00fc\u015fen g\u00f6revi yap\u0131yor ve T\u00fcrkiye\u2019nin sa\u011flam ekonomisine g\u00fcvenerek \u00e7al\u0131\u015fmaya devam ediyor. Biz de EBDR olarak yat\u0131r\u0131mlar\u0131m\u0131za devam ediyoruz.\u201c dedi.<\/p>\n<p><strong>\u201cT\u00fcrkiye Telekom pazar\u0131 i\u00e7in b\u00fcy\u00fck f\u0131rsat\u201d<\/strong><\/p>\n<p>T\u00fcrkiye\u2019nin di\u011fer telekom pazarlar\u0131ndan farkl\u0131 olarak s\u00fcrekli f\u0131rsatlar sa\u011flayan, b\u00fcy\u00fcmenin ya\u015fand\u0131\u011f\u0131 bir pazar oldu\u011funu kaydeden <strong>Vodafone T\u00fcrkiye CEO\u2019su Colman Deegan,<\/strong> bunun en \u00f6nemli nedeni olarak da gen\u00e7 ve teknoloji merakl\u0131 n\u00fcfusu g\u00f6sterdi. \u00d6zel sermaye yat\u0131r\u0131mlar\u0131na bak\u0131ld\u0131\u011f\u0131nda, telekom \u015firketlerine \u00e7ok fazla yat\u0131r\u0131m yap\u0131lmad\u0131\u011f\u0131na de\u011finen Deegan, \u201cOysa Internet T\u00fcrkiye\u2019de di\u011fer \u00fclkelere g\u00f6re \u00e7ok daha yo\u011fun bir \u015fekilde kullan\u0131l\u0131yor. Bu durum OTT, bulut bazl\u0131 servisler i\u00e7in bize alan a\u00e7\u0131yor. Dolay\u0131s\u0131yla bu konularda yap\u0131lacak daha \u00e7ok yat\u0131r\u0131m var. Bu alanlarda yat\u0131r\u0131mc\u0131larla daha yak\u0131n \u00e7al\u0131\u015fmam\u0131z gerekti\u011fine inan\u0131yorum.\u201d dedi.<\/p>\n<p><strong><i>Edit\u00f6re Not:<\/i><\/strong><\/p>\n<p><i>2011 y\u0131l\u0131 Ocak ay\u0131nda kurulan Globalturk Capital, T\u00fcrk ve yabanc\u0131 \u00f6zel sermaye fonu \u015firketlerinin giri\u015fim partneri olarak \u00e7al\u0131\u015f\u0131yor. Firma, T\u00fcrk \u015firketleri i\u00e7in \u00f6zel sermaye fonlar\u0131ndan veya yabanc\u0131 stratejik yat\u0131r\u0131mc\u0131lardan sermaye yaratarak, yat\u0131r\u0131m sonras\u0131nda da \u015firkette kalarak \u015firketlere destek oluyor. Ayn\u0131 zamanda \u00f6zel sermaye fonlar\u0131 ve yabanc\u0131 stratejik yat\u0131r\u0131mc\u0131larla T\u00fcrkiye ve yurtd\u0131\u015f\u0131nda birlikte yat\u0131r\u0131m yapma ve onlara \u015firket sat\u0131n alma ya da s\u0131f\u0131rdan i\u015f geli\u015ftirme konular\u0131nda da faaliyet g\u00f6steriyor. Bug\u00fcne kadar bu kapsamda 40 civar\u0131nda \u015firkete hizmet verdiklerini s\u00f6yleyen Globalturk Capital&#8217;in kurucu ve y\u00f6netici orta\u011f\u0131 Bar\u0131\u015f \u00d6ney, halen devam eden 15 ayr\u0131 projeleri bulundu\u011funu belirtiyor. 2018 y\u0131l\u0131 i\u00e7inde servis, \u00fcretim, bili\u015fim ve sa\u011fl\u0131k sekt\u00f6rlerinde 3-4 tane ortakl\u0131k ya da sat\u0131\u015f g\u00f6r\u00fc\u015fmelerinin sonu\u00e7lanabilece\u011fini ifade eden \u00d6ney, bu y\u0131l ayr\u0131ca Londra\u2019da ba\u015flatt\u0131klar\u0131 faaliyetleri kapsam\u0131nda yurtd\u0131\u015f\u0131nda da Kuzey ve Balt\u0131k \u00fclkeleri, Rusya, Ukrayna ve CIS \u00fclkeleri ile Asya\u2019dan 10 \u015firketin sat\u0131\u015f\u0131 \u00fczerinde \u00e7al\u0131\u015ft\u0131klar\u0131n\u0131 belirtiyor. T\u00fcrkiye\u2019ye yeni \u00f6zel sermaye fonlar\u0131 getirme kapsam\u0131nda da \u00f6zellikle KOB\u0130lere yat\u0131r\u0131m yapabilme kapasitesi olan fon olu\u015fumlar\u0131 \u00fczerinde de aktif olarak \u00e7al\u0131\u015fmalar y\u00fcr\u00fct\u00fcyor.<\/i><\/p>\n","protected":false},"excerpt":{"rendered":"<p>CUMHURBA\u015eKANI RECEP TAYY\u0130P ERDO\u011eAN: \u201cT\u00dcRK\u0130YE\u2019N\u0130N D\u00dcNYAYA A\u00c7ILMASI Y\u00d6N\u00dcNDE S\u00dcRD\u00dcR\u00dcLEN T\u00dcM HAREKETLER\u0130, YATIRIM VE YATIRIMCI ANLAMINDA DEVLET\u0130M\u0130Z HER ZAMAN DESTEKLEYECEKT\u0130R\u201d CUMHURBA\u015eKANI RECEP TAYY\u0130P ERDO\u011eAN: \u201cREEL EKONOM\u0130 DED\u0130KODULARA DE\u011e\u0130L GER\u00c7EKLERE VE FIRSATLARA \u0130T\u0130BAR ED\u0130YOR\u201d 1 TR\u0130LYON DOLARI Y\u00d6NETEN D\u00dcNYANIN EN B\u00dcY\u00dcK FONLARI T\u00dcRK\u0130YE\u2019DE BULU\u015eTU Globalturk Capital taraf\u0131ndan, EMPEA i\u015f birli\u011finde bu sene 3\u2019\u00fcnc\u00fcs\u00fc ger\u00e7ekle\u015ftirilen \u201cT\u00fcrkiye ve \u00c7evresindeki [&hellip;]<\/p>\n","protected":false},"author":1,"featured_media":19492,"comment_status":"open","ping_status":"open","sticky":false,"template":"","format":"standard","meta":{"ngg_post_thumbnail":0},"categories":[5213],"tags":[11122,258,11420,11114,89,316,96,7653],"_links":{"self":[{"href":"https:\/\/emlaktuel.com\/index.php?rest_route=\/wp\/v2\/posts\/19491"}],"collection":[{"href":"https:\/\/emlaktuel.com\/index.php?rest_route=\/wp\/v2\/posts"}],"about":[{"href":"https:\/\/emlaktuel.com\/index.php?rest_route=\/wp\/v2\/types\/post"}],"author":[{"embeddable":true,"href":"https:\/\/emlaktuel.com\/index.php?rest_route=\/wp\/v2\/users\/1"}],"replies":[{"embeddable":true,"href":"https:\/\/emlaktuel.com\/index.php?rest_route=%2Fwp%2Fv2%2Fcomments&post=19491"}],"version-history":[{"count":1,"href":"https:\/\/emlaktuel.com\/index.php?rest_route=\/wp\/v2\/posts\/19491\/revisions"}],"predecessor-version":[{"id":19493,"href":"https:\/\/emlaktuel.com\/index.php?rest_route=\/wp\/v2\/posts\/19491\/revisions\/19493"}],"wp:featuredmedia":[{"embeddable":true,"href":"https:\/\/emlaktuel.com\/index.php?rest_route=\/wp\/v2\/media\/19492"}],"wp:attachment":[{"href":"https:\/\/emlaktuel.com\/index.php?rest_route=%2Fwp%2Fv2%2Fmedia&parent=19491"}],"wp:term":[{"taxonomy":"category","embeddable":true,"href":"https:\/\/emlaktuel.com\/index.php?rest_route=%2Fwp%2Fv2%2Fcategories&post=19491"},{"taxonomy":"post_tag","embeddable":true,"href":"https:\/\/emlaktuel.com\/index.php?rest_route=%2Fwp%2Fv2%2Ftags&post=19491"}],"curies":[{"name":"wp","href":"https:\/\/api.w.org\/{rel}","templated":true}]}}