{"id":19409,"date":"2017-12-05T14:22:50","date_gmt":"2017-12-05T11:22:50","guid":{"rendered":"http:\/\/emlaktuel.com\/?p=19409"},"modified":"2018-07-05T17:36:03","modified_gmt":"2018-07-05T14:36:03","slug":"nef-sektorun-en-cok-satis-yapan-firmasi-oldu","status":"publish","type":"post","link":"https:\/\/emlaktuel.com\/?p=19409","title":{"rendered":"Nef, sekt\u00f6r\u00fcn en \u00e7ok sat\u0131\u015f yapan firmas\u0131 oldu"},"content":{"rendered":"<figure id=\"attachment_19411\" aria-describedby=\"caption-attachment-19411\" style=\"width: 1000px\" class=\"wp-caption alignleft\"><img loading=\"lazy\" class=\"size-full wp-image-19411\" src=\"http:\/\/emlaktuel.com\/wp-content\/uploads\/2017\/12\/Nef-I\u0307cra-Kurulu-Baskani-Erden-Timur_-1.jpg\" alt=\"\" width=\"1000\" height=\"676\" \/><figcaption id=\"caption-attachment-19411\" class=\"wp-caption-text\">Nef I\u0307cra Kurulu Baskani Erden Timur_<\/figcaption><\/figure>\n<p><strong>Gayrimenkul sekt\u00f6r\u00fcne getirdi\u011fi yenilikler ve inovasyonlarla ad\u0131ndan s\u00f6z ettiren Nef, Real Estate Stars \u00f6d\u00fcllerinde ciro baz\u0131nda T\u00fcrkiye\u2019nin en \u00e7ok sat\u0131\u015f yapan \u015firketi olarak 3 y\u0131ld\u0131r s\u00fcrd\u00fcrd\u00fc\u011f\u00fc birincili\u011fi ve sekt\u00f6r liderli\u011fini korudu.<\/strong><\/p>\n<p>Gayrimenkul sekt\u00f6r\u00fcne y\u00f6n veren \u015firketleri te\u015fvik etmeyi ama\u00e7layan ve Real Estate Stars &#8211; T\u00fcrkiye\u2019nin Gayrimenkul Liderleri \u00f6d\u00fcllerinin sahipleri belli oldu. T\u00fcrkiye\u2019nin lider gayrimenkul \u015firketi Nef, 3 y\u0131ld\u0131r s\u00fcrd\u00fcrd\u00fc\u011f\u00fc bu ba\u015far\u0131n\u0131, bu y\u0131l da koruyarak Real Estate Stars\u2019\u0131n en \u00f6nemli \u00f6d\u00fcl\u00fcn\u00fcn sahibi oldu. Y\u0131l boyunca sergiledi\u011fi ba\u015far\u0131l\u0131 b\u00fcy\u00fcme performans\u0131 ile Nef, Real Estate Stars\u2019da T\u00fcrkiye\u2019nin en \u00e7ok sat\u0131\u015f yapan \u015firketi olarak birincilik \u00f6d\u00fcl\u00fcyle ta\u00e7land\u0131r\u0131ld\u0131.<\/p>\n<p><a href=\"http:\/\/www.meydanardicli.com.tr\/landing\/?utm_source=emlak_sitesi&amp;utm_medium=display&amp;utm_term=08504609097&amp;utm_campaign=meydan\"><img loading=\"lazy\" class=\"alignleft size-full wp-image-17946\" src=\"http:\/\/emlaktuel.com\/wp-content\/uploads\/2017\/09\/300x250.jpg\" alt=\"\" width=\"300\" height=\"250\" \/><\/a>2014 y\u0131l\u0131ndan bu yana sergiledi\u011fi ba\u015far\u0131l\u0131 b\u00fcy\u00fcme grafi\u011fi ile T\u00fcrkiye\u2019nin en h\u0131zl\u0131 ve en \u00e7ok satan gayrimenkul \u015firketi olmay\u0131 ba\u015faran Nef, 1.3 milyar TL lira cirosu ile Real Estate Stars \u00f6d\u00fclleri kapsam\u0131nda sekt\u00f6rdeki liderli\u011fini de peki\u015ftirmi\u015f oldu.<\/p>\n<p>Real Estate Stars\u2019\u0131 de\u011ferlendiren Nef \u0130cra Kurulu Ba\u015fkan\u0131 Erden Timur, \u201c2017\u2019nin son zamanlar\u0131n\u0131 ya\u015fad\u0131\u011f\u0131m\u0131z \u015fu g\u00fcnlerde, g\u00f6n\u00fcl rahatl\u0131\u011f\u0131yla s\u00f6yleyebiliriz ki T\u00fcrkiye\u2019de gayrimenkul sekt\u00f6r\u00fc her y\u0131l h\u0131zla geli\u015ferek b\u00fcy\u00fcyor ve yeni rekorlara imza at\u0131yor. <strong>Nef<\/strong> olarak biz de, her projemizi daha iyi olmas\u0131 i\u00e7in ince ince d\u00fc\u015f\u00fcnerek planl\u0131yor ve hayata ge\u00e7iriyoruz. 2014 y\u0131l\u0131ndan bu yana sekt\u00f6r\u00fcn en h\u0131zl\u0131 ve en \u00e7ok sat\u0131\u015f yapan \u015firketiyiz. Biz Nef olarak, 5 y\u0131lda T\u00fcrkiye\u2019de sekt\u00f6r lideri olduk. \u015eimdi de 5 y\u0131lda, yurtd\u0131\u015f\u0131nda lider gayrimenkul firmas\u0131 olmak i\u00e7in strateji plan\u0131m\u0131z haz\u0131r durumda. \u00d6zg\u00fcrl\u00fc\u011f\u00fc temel alan, payla\u015f\u0131m ekonomisine y\u00f6nelik yeni konseptlerimizle, hedefimiz t\u00fcm d\u00fcnya olarak belirledik. 10 y\u0131l i\u00e7inde ABD ve Avrupa\u2019n\u0131n 10 metropol\u00fcnde yer almay\u0131 hedefliyoruz. Real Estate Stars \u00f6d\u00fcllerindeki ba\u015far\u0131l\u0131 performans\u0131m\u0131z, att\u0131\u011f\u0131m\u0131z ad\u0131mlar\u0131n do\u011fru y\u00f6nde oldu\u011funu g\u00f6steriyor. Ge\u00e7en sene oldu\u011fu gibi, bu sene de Real Estate Stars\u2019da T\u00fcrkiye\u2019nin en \u00e7ok sat\u0131\u015f yapan gayrimenkul \u015firketi kategorisinde birincilik \u00f6d\u00fcl\u00fcn\u00fcn sahibi olmam\u0131z, bizleri bu alanda cesaretlendiriyor ve gerekli ad\u0131mlar\u0131 atmak i\u00e7in te\u015fvik ediyor\u201d dedi.<\/p>\n<p>Son 3 y\u0131ld\u0131r konut sekt\u00f6r lideri olan Nef, kuruldu\u011fu 2010 y\u0131l\u0131ndan bu yana hayata ge\u00e7irdi\u011fi 28. proje olan Nef \u00c7aml\u0131tepe\u2019deki 497 dairenin 2 g\u00fcnde sat\u0131\u015f\u0131n\u0131 tamamlayarak rekor bir sat\u0131\u015fa imza att\u0131. Bu ba\u015far\u0131s\u0131n\u0131 noter ile de tasdikleyen Nef, \u0130stanbul\u2019un yeni ya\u015fam ve e\u011fitim vadisi \u00c7ekmek\u00f6y\u2019deki ilk projesi Nef \u00c7aml\u0131tepe\u2019nin ard\u0131ndan, ikinci projesi Nef Ormantepe\u2019yi, yo\u011fun talep \u00fczerine planlanan tarihten bir y\u0131l \u00f6nce sat\u0131\u015fa sundu.<\/p>\n<p>&nbsp;<\/p>\n","protected":false},"excerpt":{"rendered":"<p>Gayrimenkul sekt\u00f6r\u00fcne getirdi\u011fi yenilikler ve inovasyonlarla ad\u0131ndan s\u00f6z ettiren Nef, Real Estate Stars \u00f6d\u00fcllerinde ciro baz\u0131nda T\u00fcrkiye\u2019nin en \u00e7ok sat\u0131\u015f yapan \u015firketi olarak 3 y\u0131ld\u0131r s\u00fcrd\u00fcrd\u00fc\u011f\u00fc birincili\u011fi ve sekt\u00f6r liderli\u011fini korudu. Gayrimenkul sekt\u00f6r\u00fcne y\u00f6n veren \u015firketleri te\u015fvik etmeyi ama\u00e7layan ve Real Estate Stars &#8211; T\u00fcrkiye\u2019nin Gayrimenkul Liderleri \u00f6d\u00fcllerinin sahipleri belli oldu. T\u00fcrkiye\u2019nin lider gayrimenkul \u015firketi [&hellip;]<\/p>\n","protected":false},"author":1,"featured_media":19411,"comment_status":"open","ping_status":"open","sticky":false,"template":"","format":"standard","meta":{"ngg_post_thumbnail":0},"categories":[26,97,5388],"tags":[1923,11579,11214,98,11269,11098,556],"_links":{"self":[{"href":"https:\/\/emlaktuel.com\/index.php?rest_route=\/wp\/v2\/posts\/19409"}],"collection":[{"href":"https:\/\/emlaktuel.com\/index.php?rest_route=\/wp\/v2\/posts"}],"about":[{"href":"https:\/\/emlaktuel.com\/index.php?rest_route=\/wp\/v2\/types\/post"}],"author":[{"embeddable":true,"href":"https:\/\/emlaktuel.com\/index.php?rest_route=\/wp\/v2\/users\/1"}],"replies":[{"embeddable":true,"href":"https:\/\/emlaktuel.com\/index.php?rest_route=%2Fwp%2Fv2%2Fcomments&post=19409"}],"version-history":[{"count":2,"href":"https:\/\/emlaktuel.com\/index.php?rest_route=\/wp\/v2\/posts\/19409\/revisions"}],"predecessor-version":[{"id":19413,"href":"https:\/\/emlaktuel.com\/index.php?rest_route=\/wp\/v2\/posts\/19409\/revisions\/19413"}],"wp:featuredmedia":[{"embeddable":true,"href":"https:\/\/emlaktuel.com\/index.php?rest_route=\/wp\/v2\/media\/19411"}],"wp:attachment":[{"href":"https:\/\/emlaktuel.com\/index.php?rest_route=%2Fwp%2Fv2%2Fmedia&parent=19409"}],"wp:term":[{"taxonomy":"category","embeddable":true,"href":"https:\/\/emlaktuel.com\/index.php?rest_route=%2Fwp%2Fv2%2Fcategories&post=19409"},{"taxonomy":"post_tag","embeddable":true,"href":"https:\/\/emlaktuel.com\/index.php?rest_route=%2Fwp%2Fv2%2Ftags&post=19409"}],"curies":[{"name":"wp","href":"https:\/\/api.w.org\/{rel}","templated":true}]}}