{"id":19389,"date":"2017-12-05T12:52:25","date_gmt":"2017-12-05T09:52:25","guid":{"rendered":"http:\/\/emlaktuel.com\/?p=19389"},"modified":"2018-07-05T17:35:44","modified_gmt":"2018-07-05T14:35:44","slug":"mahall-bomonti-izmir-bir-osmanli-kentinin-modernlesme-adimlari-kitabiyla-kentin-tarihine-isik-tuttu","status":"publish","type":"post","link":"https:\/\/emlaktuel.com\/?p=19389","title":{"rendered":"Mahall Bomonti \u0130zmir, \u201cBir Osmanl\u0131 Kentinin Modernle\u015fme Ad\u0131mlar\u0131\u201d kitab\u0131yla kentin tarihine \u0131\u015f\u0131k tuttu"},"content":{"rendered":"<p><img loading=\"lazy\" class=\"size-full wp-image-19390 aligncenter\" src=\"http:\/\/emlaktuel.com\/wp-content\/uploads\/2017\/12\/1512464708_19._y__zy__lda___zmir_.jpg\" alt=\"\" width=\"1578\" height=\"1104\" \/><\/p>\n<p><strong>Mahall Bomonti \u0130zmir; Atlas Tarih Dergisi i\u015fbirli\u011fiyle \u00f6nemli bir \u00e7al\u0131\u015fmaya imza att\u0131 \u201cBir Osmanl\u0131 Kentinin Modernle\u015fme Ad\u0131mlar\u0131-19. Y\u00fczy\u0131lda \u0130zmir\u201d kitab\u0131, \u0130zmir\u2019in modern bir kent haline d\u00f6n\u00fc\u015fme yolunda att\u0131\u011f\u0131 ilk ad\u0131mlardan \u00f6zel kesitler sunuyor.<\/strong><\/p>\n<p>Enerji, sa\u011fl\u0131k ve in\u015faat projeleriyle son y\u0131llarda \u0130zmir\u2019e ciddi yat\u0131r\u0131mlar yapan T\u00fcrkerler Holding, kentin k\u00fclt\u00fcrel hayat\u0131na da katk\u0131 sunuyor. Bu \u00e7er\u00e7evede, T\u00fcrkerler Holding\u2019in gayrimenkul geli\u015ftirme projesi Mahall Bomonti \u0130zmir, Atlas Tarih dergisiyle \u00f6nemli bir \u00e7al\u0131\u015fmaya imza att\u0131.<\/p>\n<p>\u0130zmir\u2019in modern bir kent haline d\u00f6n\u00fc\u015fme yolunda att\u0131\u011f\u0131 ilk ad\u0131mlardan \u00f6zel kesitler sunan, \u201cBir Osmanl\u0131 Kentinin Modernle\u015fme Ad\u0131mlar\u0131-19. Y\u00fczy\u0131lda \u0130zmir\u201d ba\u015fl\u0131kl\u0131 kitap, foto\u011fraflar e\u015fli\u011finde kentin o d\u00f6nemdeki k\u00fclt\u00fcrel dokusuna da yer veriyor. Kitab\u0131n metinlerini Aybala Yent\u00fcrk yazd\u0131. G\u00f6rseller Aybala-Nejat Yent\u00fcrk koleksiyonu ve ar\u015fivinden kullan\u0131ld\u0131.<\/p>\n<p><strong>\u201cBu \u00e7al\u0131\u015fma Mahall Bomonti \u0130zmir\u2019in \u0130zmirliler\u2019e bir hediyesidir\u201d<\/strong><\/p>\n<p>Kitab\u0131n giri\u015finde T\u00fcrkerler Holding Y\u00f6netim Kurulu Ba\u015fkan\u0131 Kaz\u0131m T\u00fcrker imzas\u0131yla yay\u0131mlanan yaz\u0131da \u015fu ifadelere yer verildi:<\/p>\n<p>\u201cHolding olarak, \u00e7ok daha fazla ilgiyi haketti\u011fini d\u00fc\u015f\u00fcnd\u00fc\u011f\u00fcm\u00fcz g\u00fczel \u0130zmir\u2019e, son y\u0131llarda enerji, gayrimenkul ve sa\u011fl\u0131k projeleriyle pe\u015f pe\u015fe ciddi boyutta yat\u0131r\u0131mlar yapman\u0131n heyecan\u0131n\u0131 ya\u015f\u0131yoruz. T\u00fcrkerler Holding, k\u00f6kl\u00fc kurumsal ge\u00e7mi\u015finde sa\u011flad\u0131\u011f\u0131 ekonomik kazan\u0131mlar\u0131, g\u00fcc\u00fcn\u00fc ald\u0131\u011f\u0131 \u00fclkesi ve bu co\u011frafyan\u0131n insanlar\u0131yla payla\u015fmay\u0131 bir vefa borcu sayar. Bu felsefeyle; k\u00fclt\u00fcr, sanat, e\u011fitim, bilim ve spor alanlar\u0131nda toplumsal ya\u015fam\u0131n geli\u015fmesine katk\u0131da bulunmak ve toplumsal de\u011ferleri korumak T\u00fcrkerler Holding\u2019in temel hedefleri aras\u0131ndad\u0131r.<\/p>\n<p>Mahall Bomonti \u0130zmir projesi;1912 y\u0131l\u0131nda Bomonti Ailesi taraf\u0131ndan kurulan gazoz, bira fabrikas\u0131 ve as\u0131rl\u0131k a\u011fa\u00e7larla dolu bah\u00e7esinin sahip oldu\u011fu bu tarihi dokunun korunmas\u0131 hatta daha da \u00f6tesine ge\u00e7erek \u00f6ne \u00e7\u0131kar\u0131lmas\u0131 kayg\u0131s\u0131yla haz\u0131rland\u0131. Titiz \u00e7al\u0131\u015fmalar sonunda tarihle i\u00e7 i\u00e7e, \u0130zmir\u2019e de\u011fer katan yepyeni bir ya\u015fam alan\u0131 tasarland\u0131. Atlas Dergisi ile ger\u00e7ekle\u015ftirdi\u011fimiz bu \u00e7al\u0131\u015fma T\u00fcrkerler Holding ve Mahall Bomonti \u0130zmir\u2019in bu kentin insanlar\u0131na bir hediyesidir.\u201d<\/p>\n","protected":false},"excerpt":{"rendered":"<p>Mahall Bomonti \u0130zmir; Atlas Tarih Dergisi i\u015fbirli\u011fiyle \u00f6nemli bir \u00e7al\u0131\u015fmaya imza att\u0131 \u201cBir Osmanl\u0131 Kentinin Modernle\u015fme Ad\u0131mlar\u0131-19. Y\u00fczy\u0131lda \u0130zmir\u201d kitab\u0131, \u0130zmir\u2019in modern bir kent haline d\u00f6n\u00fc\u015fme yolunda att\u0131\u011f\u0131 ilk ad\u0131mlardan \u00f6zel kesitler sunuyor. Enerji, sa\u011fl\u0131k ve in\u015faat projeleriyle son y\u0131llarda \u0130zmir\u2019e ciddi yat\u0131r\u0131mlar yapan T\u00fcrkerler Holding, kentin k\u00fclt\u00fcrel hayat\u0131na da katk\u0131 sunuyor. Bu \u00e7er\u00e7evede, T\u00fcrkerler [&hellip;]<\/p>\n","protected":false},"author":1,"featured_media":19390,"comment_status":"open","ping_status":"open","sticky":false,"template":"","format":"standard","meta":{"ngg_post_thumbnail":0},"categories":[26,5217,97,5388],"tags":[11370,11317,11089,91,8733,10301,10302,4109,4372,11212,11129,95],"_links":{"self":[{"href":"https:\/\/emlaktuel.com\/index.php?rest_route=\/wp\/v2\/posts\/19389"}],"collection":[{"href":"https:\/\/emlaktuel.com\/index.php?rest_route=\/wp\/v2\/posts"}],"about":[{"href":"https:\/\/emlaktuel.com\/index.php?rest_route=\/wp\/v2\/types\/post"}],"author":[{"embeddable":true,"href":"https:\/\/emlaktuel.com\/index.php?rest_route=\/wp\/v2\/users\/1"}],"replies":[{"embeddable":true,"href":"https:\/\/emlaktuel.com\/index.php?rest_route=%2Fwp%2Fv2%2Fcomments&post=19389"}],"version-history":[{"count":1,"href":"https:\/\/emlaktuel.com\/index.php?rest_route=\/wp\/v2\/posts\/19389\/revisions"}],"predecessor-version":[{"id":19391,"href":"https:\/\/emlaktuel.com\/index.php?rest_route=\/wp\/v2\/posts\/19389\/revisions\/19391"}],"wp:featuredmedia":[{"embeddable":true,"href":"https:\/\/emlaktuel.com\/index.php?rest_route=\/wp\/v2\/media\/19390"}],"wp:attachment":[{"href":"https:\/\/emlaktuel.com\/index.php?rest_route=%2Fwp%2Fv2%2Fmedia&parent=19389"}],"wp:term":[{"taxonomy":"category","embeddable":true,"href":"https:\/\/emlaktuel.com\/index.php?rest_route=%2Fwp%2Fv2%2Fcategories&post=19389"},{"taxonomy":"post_tag","embeddable":true,"href":"https:\/\/emlaktuel.com\/index.php?rest_route=%2Fwp%2Fv2%2Ftags&post=19389"}],"curies":[{"name":"wp","href":"https:\/\/api.w.org\/{rel}","templated":true}]}}