{"id":19339,"date":"2017-11-28T15:27:45","date_gmt":"2017-11-28T12:27:45","guid":{"rendered":"http:\/\/emlaktuel.com\/?p=19339"},"modified":"2018-07-05T17:35:04","modified_gmt":"2018-07-05T14:35:04","slug":"reidin-turkiye-genelinde-konut-fiyatlari-1-07-yukseldi","status":"publish","type":"post","link":"https:\/\/emlaktuel.com\/?p=19339","title":{"rendered":"Reidin: T\u00fcrkiye genelinde konut fiyatlar\u0131 %1.07 y\u00fckseldi"},"content":{"rendered":"<h2><img loading=\"lazy\" class=\"size-full wp-image-6270 aligncenter\" src=\"http:\/\/emlaktuel.com\/wp-content\/uploads\/2016\/09\/OTU3MTAzMT-reidin-turkiye-konut-piyasasi-genel-bakis-eylul-raporu-yayinlandi.jpg\" alt=\"\" width=\"468\" height=\"300\" \/><br \/>\nEn \u00e7ok art\u0131\u015f %2.03 ile Bal\u0131kesir\u2019de ya\u015fand\u0131<\/h2>\n<h2>Yeni konutlarda stok erime h\u0131z\u0131 %3.4<br \/>\n<strong><br \/>\n<\/strong><strong>T\u00fcrkiye \u0130\u015f Bankas\u0131\u2019n\u0131n deste\u011fi ile haz\u0131rlanan \u2018REIDIN-GYODER Yeni Konut Fiyat Endeksi\u2019 ve \u2018REIDIN Emlak Endeksi\u2019 Ekim ay\u0131 sonu\u00e7lar\u0131 a\u00e7\u0131kland\u0131. \u2018REIDIN-GYODER Yeni Konut Fiyat Endeksi\u2019ne g\u00f6re; stok erime h\u0131z\u0131n\u0131n %3.4 oldu\u011fu Ekim ay\u0131nda, fiyat art\u0131\u015f\u0131 bir \u00f6nceki aya g\u00f6re 0.28, ge\u00e7en y\u0131l\u0131n ayn\u0131 d\u00f6nemine g\u00f6re ise %4.29 oran\u0131nda ger\u00e7ekle\u015fti.<\/strong><\/h2>\n<p><strong>T\u00fcrkiye genelinde 68 ili kapsayan \u2018REIDIN Emlak Endeksi\u2019 Ekim ay\u0131 sonu\u00e7lar\u0131na g\u00f6re ise konut fiyatlar\u0131nda, bir \u00f6nceki aya g\u00f6re %1.07 oran\u0131nda art\u0131\u015f ya\u015fand\u0131.<\/strong><strong>\u00a0<\/strong><strong>Ekim ay\u0131nda metrekare ba\u015f\u0131na konut sat\u0131\u015f fiyatlar\u0131\u00a0%2.03<\/strong><strong>\u00a0<\/strong><strong>oran\u0131nda artan Bal\u0131kesir, fiyatlar\u0131n en \u00e7ok y\u00fckseldi\u011fi \u015fehir oldu.<\/p>\n<p>Markal\u0131 konut \u00fcreticileri fiyat art\u0131\u015f\u0131na gitmedi<\/p>\n<p>\u2018REIDIN-GYODER Yeni Konut Fiyat Endeksi\u2019<\/strong>\u00a02017 y\u0131l\u0131 Ekim ay\u0131 sonu\u00e7lar\u0131n\u0131 de\u011ferlendiren\u00a0<strong>\u0130\u015f Bankas\u0131 Bireysel Krediler M\u00fcd\u00fcr\u00fc Recep Haki<\/strong>, \u0130\u015f Bankas\u0131\u2019n\u0131n 2017 Eyl\u00fcl sonu itibar\u0131yla ula\u015ft\u0131\u011f\u0131 20 milyar TL tutar\u0131ndaki ev kredisi hacmi ile y\u0131lsonuna k\u0131yasla sekt\u00f6r\u00fcn \u00fczerinde bir art\u0131\u015fla %13,21 oran\u0131nda geli\u015fme g\u00f6sterdi\u011fini ve sekt\u00f6rde konut finansman\u0131n\u0131n \u00f6nemli bir oyuncusu olma \u00f6zelli\u011fini s\u00fcrd\u00fcrd\u00fc\u011f\u00fcn\u00fc belirtti.<\/p>\n<p>Haki \u015f\u00f6yle dedi: \u201cT\u00fcrkiye\u2019de ilk kez \u0130\u015f Bankas\u0131 m\u00fc\u015fterisi olsun ya da olmas\u0131n ev sahibi olmak isteyenlere dijitalde An\u0131nda Ev Kredisi hizmeti veriyoruz. Ev almak isteyenler ve kredi ihtiyac\u0131 olanlar\u00a0<a href=\"http:\/\/isbank.com.tr\/\" target=\"_blank\" rel=\"noopener\" data-saferedirecturl=\"https:\/\/www.google.com\/url?hl=tr&amp;q=http:\/\/isbank.com.tr&amp;source=gmail&amp;ust=1511953357872000&amp;usg=AFQjCNETIp0r2kM4ZB9ZRkQW0RgqSrHyBQ\">isbank.com.tr<\/a>\u2019de An\u0131nda \u0130\u015flem alan\u0131nda ev kredisi ba\u015fvurusu yapt\u0131klar\u0131nda, talebin krediye d\u00f6n\u00fc\u015fmesine kadar ge\u00e7en b\u00fct\u00fcn s\u00fcreci dijitalde tamamlayabiliyorlar. Kredi hesaplama, ekspertiz, kredi tahsisine kadar t\u00fcm s\u00fcre\u00e7 dijitalde ger\u00e7ekle\u015fiyor ve en son \u0131slak imza atmak i\u00e7in \u015fubeye gidiliyor. Hizmet sunmaya ba\u015flad\u0131\u011f\u0131m\u0131z ilk g\u00fcnden bug\u00fcne 1 y\u0131l i\u00e7erisinde 32.000 adedi a\u015fan ba\u015fvuru ger\u00e7ekle\u015fti. Dijital ortamda An\u0131nda Ev Kredisine g\u00f6sterilen ilgi; h\u0131z, kolayl\u0131k, basitlik i\u00e7eren m\u00fc\u015fteri deneyimi oda\u011f\u0131 ile tasarlad\u0131\u011f\u0131m\u0131z dijital hizmetlerden duyulan memnuniyeti g\u00f6steriyor.\u201d<\/p>\n<p>\u0130\u015f Bankas\u0131\u2019n\u0131n deste\u011fi ile haz\u0131rlanan\u00a0<strong>REIDIN-GYODER Yeni Konut Fiyat Endeksi<\/strong>\u2019nde,<strong>\u00a0Ekim\u00a0<\/strong>ay\u0131nda bir \u00f6nceki aya g\u00f6re\u00a0<strong>%0.28\u00a0<\/strong>oran\u0131nda art\u0131\u015f ger\u00e7ekle\u015firken, ge\u00e7en y\u0131l\u0131n ayn\u0131 d\u00f6nemine g\u00f6re\u00a0<strong>%4.29\u00a0<\/strong>ve endeksin ba\u015flang\u0131\u00e7 d\u00f6nemi olan 2010 y\u0131l\u0131 Ocak ay\u0131na g\u00f6re ise\u00a0<strong>%77.50\u00a0<\/strong>oran\u0131nda art\u0131\u015f ya\u015fand\u0131.<\/p>\n<p><strong>Ekim<\/strong>\u00a0ay\u0131nda\u00a0<strong>\u0130stanbul Asya\u00a0<\/strong>yakas\u0131nda yer alan markal\u0131 konut projelerinde<strong>\u00a0%0.11\u00a0<\/strong>oran\u0131nda;\u00a0<strong>\u0130stanbul Avrupa<\/strong>\u00a0yakas\u0131nda yer alan markal\u0131 konut projelerinde ise\u00a0<strong>%0.34\u00a0<\/strong>oran\u0131nda fiyat art\u0131\u015f\u0131 oldu. Endeksin ba\u015flang\u0131\u00e7 d\u00f6nemine g\u00f6re ise\u00a0<strong>\u0130stanbul Asya<\/strong>\u00a0yakas\u0131ndaki projeler\u00a0<strong>Avrupa<\/strong>yakas\u0131na k\u0131yasla\u00a0<strong>11.20<\/strong>\u00a0puan fazla art\u0131\u015f g\u00f6sterdi.<\/p>\n<p><strong>Banka kredisi kullan\u0131m\u0131 oran\u0131 artt\u0131: %41<br \/>\n<\/strong><strong><br \/>\nEkim\u00a0<\/strong>ay\u0131nda yeni konut sat\u0131\u015flar\u0131nda pe\u015finat kullan\u0131m oran\u0131, Eyl\u00fcl ay\u0131na g\u00f6re\u00a0<strong>6<\/strong>\u00a0puan artarak\u00a0<strong>%29<\/strong>, banka kredisi kullan\u0131m oran\u0131\u00a0<strong>1<\/strong>\u00a0puan artarak\u00a0<strong>%41\u00a0<\/strong>oran\u0131nda ger\u00e7ekle\u015fti. Konut sat\u0131\u015f\u0131nda senet kullan\u0131m oran\u0131 ise\u00a0<strong>6<\/strong>\u00a0puan gerileyerek\u00a0<strong>%30<\/strong>\u00a0olarak ger\u00e7ekle\u015fti.<\/p>\n<p><strong>Stok erime h\u0131z\u0131 artt\u0131: %3.4<\/strong><strong><\/p>\n<p><\/strong>Ekim ay\u0131nda sat\u0131\u015f\u0131 ger\u00e7ekle\u015ftirilen konutlar\u0131n<strong>\u00a0%30<\/strong><strong>\u2019u bitmi\u015f,<\/strong><strong>\u00a0%70<\/strong><strong>\u2019i<\/strong><strong>\u00a0<\/strong>ise bitmemi\u015f konut stoklar\u0131ndan olu\u015ftu. Ekim ay\u0131 stok erime h\u0131z\u0131 de\u011ferlendirildi\u011finde, adet bazl\u0131<strong>\u00a0%3.4<\/strong><strong>,<\/strong><strong>\u00a0<\/strong>metrekare bazl\u0131 ise<strong>\u00a0%3.2\u00a0<\/strong>oran\u0131nda ger\u00e7ekle\u015fti.<\/p>\n<p><strong>4<\/strong><strong>+1\u00a0ve 151 metrekare \u00fczerindeki konutlar\u0131n sat\u0131\u015f\u0131nda azal\u0131\u015f<br \/>\n<\/strong><br \/>\nBir \u00f6nceki aya g\u00f6re, 1+1 konut tipi sat\u0131\u015f\u0131n\u0131n\u00a0<strong>%0.28\u00a0<\/strong>oran\u0131nda artt\u0131\u011f\u0131 Ekim ay\u0131nda, 2+1 konut tipinde\u00a0<strong>%0.17<\/strong>, 3+1 konut tipinde\u00a0<strong>%0.44<\/strong>\u00a0oran\u0131nda art\u0131\u015f, 4+1 konut tipinde ise\u00a0<strong>%0.06\u00a0<\/strong>oran\u0131nda azalma ya\u015fand\u0131. 51-75 metrekare b\u00fcy\u00fckl\u00fc\u011fe sahip konutlarda\u00a0<strong>%0.35\u00a0<\/strong>oran\u0131nda art\u0131\u015f ya\u015fanan Ekim ay\u0131nda, 76-100 metrekare b\u00fcy\u00fckl\u00fc\u011fe sahip konutlarda\u00a0<strong>%0.23\u00a0<\/strong>oran\u0131nda, 101-125 metrekare b\u00fcy\u00fckl\u00fc\u011fe sahip konutlarda\u00a0<strong>%0.33,\u00a0<\/strong>126-150 metrekare b\u00fcy\u00fckl\u00fc\u011fe sahip konutlarda\u00a0<strong>%0.06\u00a0<\/strong><strong>art\u0131\u015f<\/strong>,151 metrekare ve daha b\u00fcy\u00fck alana sahip konutlarda ise\u00a0<strong>%-0.07\u00a0<\/strong>oran\u0131nda azalma g\u00f6r\u00fcld\u00fc.<\/p>\n<p><strong><br \/>\nYabanc\u0131lara sat\u0131\u015f oran\u0131 2 puan artarak %5 oldu<\/p>\n<p><\/strong>Markal\u0131 konut projelerinde ger\u00e7ekle\u015ftirilen sat\u0131\u015flar\u0131n\u00a0<strong>%5<\/strong><strong>\u2019lik<\/strong><strong>\u00a0<\/strong>oran\u0131 yabanc\u0131 yat\u0131r\u0131mc\u0131lara yap\u0131ld\u0131. Tercih noktas\u0131nda a\u011f\u0131rl\u0131kl\u0131 olarak 3+1 \u00f6zellikteki konutlar\u0131n \u00f6ne \u00e7\u0131kt\u0131\u011f\u0131 g\u00f6zlendi. Son\u00a0<strong>6<\/strong>\u00a0ayl\u0131k ortalaman\u0131n\u00a0<strong>%4.8\u00a0<\/strong>oldu\u011fu yabanc\u0131 yat\u0131r\u0131mc\u0131lara sat\u0131\u015flar; Temmuz\u2019da %<strong>4<\/strong>,<strong>\u00a0<\/strong>A\u011fustos\u2019ta\u00a0<strong>%6,<\/strong>\u00a0Eyl\u00fcl\u2019de\u00a0<strong>%3\u00a0<\/strong>olarak ger\u00e7ekle\u015fmi\u015fti.<\/p>\n<p><strong>\u0130\u015e BANKASI DESTE\u011e\u0130 \u0130LE ENDEKSTE 107. SAYI<\/strong><\/p>\n<p>\u0130\u015f Bankas\u0131\u2019n\u0131n deste\u011fi ile haz\u0131rlanan T\u00fcrkiye genelinde\u00a0<strong>68\u00a0<\/strong>\u015fehrin tamam\u0131n\u0131 kapsayacak nitelikteki\u00a0<strong>T\u00fcrkiye Sat\u0131l\u0131k Konut Fiyat Endeksi, 107. Say\u0131s\u0131<\/strong>\u00a0ile gayrimenkul sekt\u00f6r\u00fcn\u00fcn nabz\u0131n\u0131 \u00f6l\u00e7meye devam ediyor.\u00a0<strong>REIDIN Emlak Endeksi\u00a0<\/strong>sonu\u00e7lar\u0131na g\u00f6re; Ekim ay\u0131nda, bir \u00f6nceki aya g\u00f6re\u00a0<strong>%1.07\u00a0<\/strong>oran\u0131nda ve ge\u00e7en y\u0131l\u0131n ayn\u0131 d\u00f6nemine g\u00f6re ise\u00a0<strong>%11.96\u00a0<\/strong>oran\u0131nda art\u0131\u015f ger\u00e7ekle\u015fti.<\/p>\n<p><strong>Konut sat\u0131\u015f fiyatlar\u0131n\u0131n en \u00e7ok y\u00fckseldi\u011fi \u015fehir Bal\u0131kesir<\/strong><\/p>\n<p>Ekim ay\u0131nda metrekare ba\u015f\u0131na konut sat\u0131\u015f fiyatlar\u0131\u00a0<strong>%2.03\u00a0<\/strong>oran\u0131nda artan\u00a0<strong>Bal\u0131kesir<\/strong>, fiyatlar\u0131n en \u00e7ok y\u00fckseldi\u011fi \u015fehir oldu. Ayn\u0131 d\u00f6nem i\u00e7erisinde konut sat\u0131\u015f fiyatlar\u0131n\u0131n en \u00e7ok azald\u0131\u011f\u0131 \u015fehir ise\u00a0<strong>%-1.17\u00a0<\/strong>oran\u0131 ile\u00a0<strong>Mardin\u00a0<\/strong>oldu.<br \/>\n<strong><br \/>\nSat\u0131l\u0131k konut fiyatlar\u0131n\u0131n en \u00e7ok y\u00fckseldi\u011fi ilk 5 il<\/strong><\/p>\n<p>Y\u0131ll\u0131k art\u0131\u015f oranlar\u0131 de\u011ferlendirildi\u011finde, Ekim ay\u0131nda sat\u0131l\u0131k konut fiyatlar\u0131n\u0131n en \u00e7ok y\u00fckseldi\u011fi\u00a0<strong>ilk 5 il<\/strong>;\u00a0<strong>Bal\u0131kesir\u00a0<\/strong>(%26.86)<strong>, Bursa\u00a0<\/strong>(%26.16),\u00a0<strong>Edirne<\/strong>\u00a0(23.60),\u00a0<strong>Aksaray<\/strong>\u00a0(22.02),\u00a0<strong>Zonguldak<\/strong>\u00a0(21.91) oldu.<\/p>\n<p><strong>Kirada en y\u00fcksek ayl\u0131k art\u0131\u015f Bursa\u2019da<br \/>\n<\/strong><br \/>\nT\u00fcrkiye genelinde\u00a0<strong>68<\/strong>\u00a0ilin tamam\u0131n\u0131 kapsayacak nitelikteki\u00a0<strong>T\u00fcrkiye Kiral\u0131k Konut Fiyat Endeksi<\/strong>\u2019nde ise bir \u00f6nceki aya g\u00f6re\u00a0<strong>%0.85\u00a0<\/strong>ve ge\u00e7en y\u0131l\u0131n ayn\u0131 d\u00f6nemine g\u00f6re\u00a0<strong>%5.84\u00a0<\/strong>oran\u0131nda art\u0131\u015f ger\u00e7ekle\u015fti. Metrekare ba\u015f\u0131na konut kira de\u011ferleri\u00a0<strong>%2.21\u00a0<\/strong>oran\u0131nda artan\u00a0<strong>Bursa<\/strong>, Ekim ay\u0131nda kiralar\u0131n en \u00e7ok y\u00fckseldi\u011fi \u015fehir oldu. Ayn\u0131 d\u00f6nem i\u00e7erisinde konut kira de\u011ferlerinin en \u00e7ok azald\u0131\u011f\u0131 \u015fehir ise\u00a0<strong>%-2<\/strong><strong>\u2019lik<\/strong><strong>\u00a0<\/strong>oranla\u00a0<strong>Kars\u00a0<\/strong>oldu.<\/p>\n<p><strong>Kiral\u0131k konut fiyatlar\u0131n\u0131n y\u0131ll\u0131k bazda en \u00e7ok y\u00fckseldi\u011fi\u00a05<\/strong><strong>\u00a0<\/strong><strong>\u015fehir<\/strong><\/p>\n<blockquote><p>\nKiral\u0131k konut fiyatlar\u0131n\u0131n y\u0131ll\u0131k bazda en \u00e7ok y\u00fckseldi\u011fi\u00a0<strong>5\u00a0<\/strong>\u015fehir ise s\u0131ras\u0131yla;\u00a0<strong>Ayd\u0131n\u00a0<\/strong>(%22.89),\u00a0<strong>K\u0131rklareli<\/strong>\u00a0(%20.79),\u00a0<strong>Yozgat\u00a0<\/strong>(%19.59),\u00a0<strong>Bal\u0131kesir<\/strong>\u00a0(%18.90),\u00a0<strong>Edirne\u00a0<\/strong>(%18.29) oldu.<\/p>\n<p><strong>En y\u00fcksek y\u0131ll\u0131k kira getirisi Ayd\u0131n, Van ve Bilecik\u2019te<\/strong><\/p>\n<p>Amortisman s\u00fcresi bak\u0131m\u0131ndan, sat\u0131n al\u0131nan evlerin kiraya verildi\u011finde al\u0131\u015f fiyat\u0131n\u0131 en k\u0131sa s\u00fcrede kar\u015f\u0131layabildi\u011fi illerin ba\u015f\u0131nda, Ekim ay\u0131 itibar\u0131yla\u00a0<strong>Ayd\u0131n,<\/strong>\u00a0<strong>Van<\/strong>\u00a0ve\u00a0<strong>Bilecik<\/strong>\u00a0geldi. Ayn\u0131 zamanda kira de\u011ferinin konutun sat\u0131\u015f fiyat\u0131na b\u00f6l\u00fcnmesiyle hesaplanan REIDIN Y\u0131ll\u0131k Br\u00fct Kira Getiri Oranlar\u0131 da, Ekim ay\u0131nda en y\u00fcksek\u00a0<strong>Ayd\u0131n, Van\u00a0<\/strong>ve<strong>\u00a0Bilecik<\/strong>\u2019te \u00f6l\u00e7\u00fcld\u00fc.<\/p><\/blockquote>\n<p>&nbsp;<\/p>\n","protected":false},"excerpt":{"rendered":"<p>En \u00e7ok art\u0131\u015f %2.03 ile Bal\u0131kesir\u2019de ya\u015fand\u0131 Yeni konutlarda stok erime h\u0131z\u0131 %3.4 T\u00fcrkiye \u0130\u015f Bankas\u0131\u2019n\u0131n deste\u011fi ile haz\u0131rlanan \u2018REIDIN-GYODER Yeni Konut Fiyat Endeksi\u2019 ve \u2018REIDIN Emlak Endeksi\u2019 Ekim ay\u0131 sonu\u00e7lar\u0131 a\u00e7\u0131kland\u0131. \u2018REIDIN-GYODER Yeni Konut Fiyat Endeksi\u2019ne g\u00f6re; stok erime h\u0131z\u0131n\u0131n %3.4 oldu\u011fu Ekim ay\u0131nda, fiyat art\u0131\u015f\u0131 bir \u00f6nceki aya g\u00f6re 0.28, ge\u00e7en y\u0131l\u0131n ayn\u0131 [&hellip;]<\/p>\n","protected":false},"author":1,"featured_media":6270,"comment_status":"open","ping_status":"open","sticky":false,"template":"","format":"standard","meta":{"ngg_post_thumbnail":0},"categories":[26,5217,97,5388],"tags":[11477,11165,11278,80,11301,1275,11585,316,11490,11418],"_links":{"self":[{"href":"https:\/\/emlaktuel.com\/index.php?rest_route=\/wp\/v2\/posts\/19339"}],"collection":[{"href":"https:\/\/emlaktuel.com\/index.php?rest_route=\/wp\/v2\/posts"}],"about":[{"href":"https:\/\/emlaktuel.com\/index.php?rest_route=\/wp\/v2\/types\/post"}],"author":[{"embeddable":true,"href":"https:\/\/emlaktuel.com\/index.php?rest_route=\/wp\/v2\/users\/1"}],"replies":[{"embeddable":true,"href":"https:\/\/emlaktuel.com\/index.php?rest_route=%2Fwp%2Fv2%2Fcomments&post=19339"}],"version-history":[{"count":1,"href":"https:\/\/emlaktuel.com\/index.php?rest_route=\/wp\/v2\/posts\/19339\/revisions"}],"predecessor-version":[{"id":19340,"href":"https:\/\/emlaktuel.com\/index.php?rest_route=\/wp\/v2\/posts\/19339\/revisions\/19340"}],"wp:featuredmedia":[{"embeddable":true,"href":"https:\/\/emlaktuel.com\/index.php?rest_route=\/wp\/v2\/media\/6270"}],"wp:attachment":[{"href":"https:\/\/emlaktuel.com\/index.php?rest_route=%2Fwp%2Fv2%2Fmedia&parent=19339"}],"wp:term":[{"taxonomy":"category","embeddable":true,"href":"https:\/\/emlaktuel.com\/index.php?rest_route=%2Fwp%2Fv2%2Fcategories&post=19339"},{"taxonomy":"post_tag","embeddable":true,"href":"https:\/\/emlaktuel.com\/index.php?rest_route=%2Fwp%2Fv2%2Ftags&post=19339"}],"curies":[{"name":"wp","href":"https:\/\/api.w.org\/{rel}","templated":true}]}}