{"id":19249,"date":"2017-11-21T12:57:13","date_gmt":"2017-11-21T09:57:13","guid":{"rendered":"http:\/\/emlaktuel.com\/?p=19249"},"modified":"2018-07-05T17:33:38","modified_gmt":"2018-07-05T14:33:38","slug":"millet-bahcesi-icin-geri-sayim-basladi","status":"publish","type":"post","link":"https:\/\/emlaktuel.com\/?p=19249","title":{"rendered":"Millet Bah\u00e7esi \u0130\u00e7in Geri Say\u0131m Ba\u015flad\u0131"},"content":{"rendered":"<p><img loading=\"lazy\" class=\"size-full wp-image-19250 aligncenter\" src=\"http:\/\/emlaktuel.com\/wp-content\/uploads\/2017\/11\/1511248143_1.jpg\" alt=\"\" width=\"1920\" height=\"1080\" \/><\/p>\n<p><strong>\u0130stanbul\u2019un en geni\u015f ye\u015fil alanlar\u0131 aras\u0131nda yer alacak olan Zeytinburnu Millet Bah\u00e7esi i\u00e7in geri say\u0131m ba\u015flad\u0131. Zeytinburnu\u2019ndaki askeri lojmanlarda ikamet eden ordu personelinin Ba\u015fak\u015fehir\u2019de yap\u0131m\u0131 devam eden yeni askeri lojmanlara tahliye i\u015flemi ger\u00e7ekle\u015ftirildikten sonra Millet Bah\u00e7esi i\u00e7in ilk kazma vurulacak.<\/strong><\/p>\n<p>Zeytinburnu Belediyesi ve Ba\u015fbakanl\u0131k Toplu Konut \u0130daresi (TOK\u0130), 94 bin metrekarelik ye\u015fil alana sahip \u0130stanbul\u2019un en \u00f6zg\u00fcn \u015fehir park\u0131, Zeytinburnu Millet Bah\u00e7esi i\u00e7in \u00e7al\u0131\u015fmalara aral\u0131ks\u0131z devam ediyor. Zeytinburnu Be\u015ftelsiz Mahallesi\u2019ndeki askeri lojmanlarda ikamet eden ordu personelinin Ba\u015fak\u015fehir 5\u2019inci Etap\u2019ta yap\u0131m\u0131 devam eden yeni askeri lojmanlara tahliye i\u015flemi ger\u00e7ekle\u015ftirildikten sonra in\u015faat\u0131na ba\u015flanacak olan Millet Bah\u00e7esi, tamamland\u0131\u011f\u0131nda T\u00fcrkiye\u2019nin en \u00f6zg\u00fcn sosyal donat\u0131 alanlar\u0131ndan biri olacak. B\u00fcy\u00fck \u00e7o\u011funlu\u011fu tamamlanan Ba\u015fak\u015fehir\u2019deki modern askeri lojmanlar\u0131n in\u015faat \u00e7al\u0131\u015fmalar\u0131n\u0131 yerinde inceleyen Zeytinburnu Belediye Ba\u015fkan\u0131 Murat Ayd\u0131n, projenin son durumu hakk\u0131nda yetkililerden bilgi ald\u0131.<\/p>\n<p><strong>ZEYT\u0130NBURNU FERAHLIYOR<\/strong><\/p>\n<p>Be\u015ftelsiz Mahallesi\u2019ndeki askeri lojmanlar\u0131n yerine yap\u0131lacak olan Millet Bah\u00e7esi i\u00e7in sene ba\u015f\u0131nda bir araya gelen Zeytinburnu Belediye Ba\u015fkan\u0131 Murat Ayd\u0131n ve TOK\u0130 Ba\u015fkan\u0131 Mehmet Erg\u00fcn Turan protokol anla\u015fmas\u0131n\u0131 imzalam\u0131\u015ft\u0131. Sadece Zeytinburnu\u2019na de\u011fil \u00e7evre il\u00e7elere de \u0130stanbul\u2019un en geni\u015f ye\u015fil alanlar\u0131ndan birini sunmay\u0131 ama\u00e7layan Millet Bah\u00e7esi, Zeytinburnu 15 Temmuz Meydan\u0131\u2019n\u0131n hemen kar\u015f\u0131s\u0131na yap\u0131lacak. Bah\u00e7e, ayn\u0131 zamanda olas\u0131 bir afet durumunda Zeytinburnulular\u0131n toplanaca\u011f\u0131 ortak alanlardan biri olacak.<\/p>\n<p><strong>B\u0130YOLOJ\u0130K G\u00d6LET, P\u0130KN\u0130K ALANI, B\u0130S\u0130KLET VE KO\u015eU YOLU<\/strong><\/p>\n<p>Zeytinburnu\u2019nun her noktas\u0131ndan rahatl\u0131kla ula\u015f\u0131labilecek Millet Bah\u00e7esi\u2019nde 3 bin 500 metrekarelik biyolojik g\u00f6let, renkli bitki deresi, spor sahalar\u0131, 420 metrekarelik 6 adet egzersiz (Fitness) istasyonu, 1.800 metrekarelik \u00e7e\u015fitli ya\u015f gruplar\u0131na uygun 3 adet \u00e7ocuk oyun alan\u0131, 3 metre geni\u015fli\u011finde 2 kilometrelik ko\u015fu parkuru, 2 metre geni\u015fli\u011finde 3 kilometrelik bisiklet yolu, 4 metre geni\u015fli\u011finde 2.800 metre uzunlu\u011funda y\u00fcr\u00fcy\u00fc\u015f yolu, piknik alan\u0131, toplam 33 metre geni\u015fli\u011finde \u00e7im tepeleri, 35 bin 300 metrekarelik ye\u015fil alan, 4D Sinevizyon Merkezi, 700 \u00e7e\u015fit bitki t\u00fcr\u00fcn\u00fcn koruma alt\u0131na al\u0131nd\u0131\u011f\u0131 T\u0131bbi Bitkiler Bah\u00e7esi\u2019nin \u00f6rne\u011fi say\u0131lan \u015eifal\u0131 Bitkiler Bah\u00e7esi, kaya bah\u00e7eleri, s\u00fcs havuzlar\u0131, dinlenme ve oturma alanlar\u0131, a\u00e7\u0131k terasl\u0131 b\u00fcfe, cami, bay, bayan ve engelli lavabolar\u0131, k\u00fclt\u00fcrel ve sosyal aktivitelerin yap\u0131labilece\u011fi bir\u00e7ok alanlar yer alacak.<\/p>\n<p><strong>4D S\u0130NEV\u0130ZYON MERKEZ\u0130<\/strong><\/p>\n<p>4D Sinevizyon Merkezi\u2019nin de yer alaca\u011f\u0131 bah\u00e7ede vatanda\u015flara her ay farkl\u0131 konular hakk\u0131nda belgesel filmler izletilecek. Sinevizyon Merkezi, a\u00e7\u0131l\u0131\u015f ay\u0131nda 27 May\u0131s darbesinden 15 Temmuz darbe giri\u015fimine kadar ya\u015fanan t\u00fcm darbeleri g\u00f6zler \u00f6n\u00fcne serecek. Millet Bah\u00e7esi\u2019ne itfaiye merkezi de tekrar in\u015fa edilecek. 7\/24 g\u00f6reve haz\u0131r halde bekleyecek olan itfaiye ekipleri, herhangi bir afette olay yerine \u00e7ok daha k\u0131sa s\u00fcrede ula\u015fabilecek.<\/p>\n<p><strong>15 TEMMUZ \u015eEH\u0130TLER\u0130NE \u00d6ZEL ANIT<\/strong><\/p>\n<p>15 Temmuz gecesi 66. Z\u0131rhl\u0131 Tugay\u2019da m\u00fccadele edip darbe giri\u015fimine verilen deste\u011fi engelleyerek \u0130stanbul i\u00e7in kilit rol oynayan \u015eehit Piyade Kurmay Albay Sait Ert\u00fcrk\u2019\u00fcn ad\u0131n\u0131 da Millet Bah\u00e7esi\u2019nde ya\u015fatacak olan Zeytinburnu Belediyesi, \u015fehit Albay Ert\u00fcrk ad\u0131na T\u00fcrk bayra\u011f\u0131 alt\u0131nda yer alacak olan \u015eehit Piyade Kurmay Albay Sait Ert\u00fcrk K\u00f6\u015fesi yapt\u0131racak.<\/p>\n<p><strong>\u0130STANBUL\u2019UN HER YER\u0130NDEN ULA\u015eIM KOLAYLI\u011eI<\/strong><\/p>\n<p>Ak\u015femseddin tramvay dura\u011f\u0131na 10 dakikal\u0131k y\u00fcr\u00fcme mesafesinde yer alan Millet Bah\u00e7esi, Zeytinburnu K\u00fclt\u00fcr ve Sanat Merkezi, kaymakaml\u0131k hizmet binas\u0131, belediye hizmet binas\u0131, AVM ve 58. Bulvar\u2019\u0131n hemen yan\u0131 ba\u015f\u0131nda yer alacak. Marmaray, otob\u00fcs ve minib\u00fcs duraklar\u0131na 5 dakikal\u0131k y\u00fcr\u00fcme mesafesinde olan Millet Bah\u00e7esi, \u00fcst ge\u00e7itle 15 Temmuz Meydan\u0131\u2019na ba\u011flanarak yayalar i\u00e7in de ge\u00e7i\u015f kolayl\u0131\u011f\u0131 sa\u011flanacak.<\/p>\n","protected":false},"excerpt":{"rendered":"<p>\u0130stanbul\u2019un en geni\u015f ye\u015fil alanlar\u0131 aras\u0131nda yer alacak olan Zeytinburnu Millet Bah\u00e7esi i\u00e7in geri say\u0131m ba\u015flad\u0131. Zeytinburnu\u2019ndaki askeri lojmanlarda ikamet eden ordu personelinin Ba\u015fak\u015fehir\u2019de yap\u0131m\u0131 devam eden yeni askeri lojmanlara tahliye i\u015flemi ger\u00e7ekle\u015ftirildikten sonra Millet Bah\u00e7esi i\u00e7in ilk kazma vurulacak. Zeytinburnu Belediyesi ve Ba\u015fbakanl\u0131k Toplu Konut \u0130daresi (TOK\u0130), 94 bin metrekarelik ye\u015fil alana sahip \u0130stanbul\u2019un [&hellip;]<\/p>\n","protected":false},"author":1,"featured_media":19250,"comment_status":"open","ping_status":"open","sticky":false,"template":"","format":"standard","meta":{"ngg_post_thumbnail":0},"categories":[26,97,5388],"tags":[2373,11375,67,73,80,11218,11258,11178,11181,2248],"_links":{"self":[{"href":"https:\/\/emlaktuel.com\/index.php?rest_route=\/wp\/v2\/posts\/19249"}],"collection":[{"href":"https:\/\/emlaktuel.com\/index.php?rest_route=\/wp\/v2\/posts"}],"about":[{"href":"https:\/\/emlaktuel.com\/index.php?rest_route=\/wp\/v2\/types\/post"}],"author":[{"embeddable":true,"href":"https:\/\/emlaktuel.com\/index.php?rest_route=\/wp\/v2\/users\/1"}],"replies":[{"embeddable":true,"href":"https:\/\/emlaktuel.com\/index.php?rest_route=%2Fwp%2Fv2%2Fcomments&post=19249"}],"version-history":[{"count":1,"href":"https:\/\/emlaktuel.com\/index.php?rest_route=\/wp\/v2\/posts\/19249\/revisions"}],"predecessor-version":[{"id":19251,"href":"https:\/\/emlaktuel.com\/index.php?rest_route=\/wp\/v2\/posts\/19249\/revisions\/19251"}],"wp:featuredmedia":[{"embeddable":true,"href":"https:\/\/emlaktuel.com\/index.php?rest_route=\/wp\/v2\/media\/19250"}],"wp:attachment":[{"href":"https:\/\/emlaktuel.com\/index.php?rest_route=%2Fwp%2Fv2%2Fmedia&parent=19249"}],"wp:term":[{"taxonomy":"category","embeddable":true,"href":"https:\/\/emlaktuel.com\/index.php?rest_route=%2Fwp%2Fv2%2Fcategories&post=19249"},{"taxonomy":"post_tag","embeddable":true,"href":"https:\/\/emlaktuel.com\/index.php?rest_route=%2Fwp%2Fv2%2Ftags&post=19249"}],"curies":[{"name":"wp","href":"https:\/\/api.w.org\/{rel}","templated":true}]}}