{"id":19243,"date":"2017-11-21T12:50:58","date_gmt":"2017-11-21T09:50:58","guid":{"rendered":"http:\/\/emlaktuel.com\/?p=19243"},"modified":"2018-07-05T17:33:32","modified_gmt":"2018-07-05T14:33:32","slug":"otv-ve-kdv-gelirlerinin-dortte-biri-akaryakittan-saglandi","status":"publish","type":"post","link":"https:\/\/emlaktuel.com\/?p=19243","title":{"rendered":"\u00d6TV ve KDV gelirlerinin d\u00f6rtte biri akaryak\u0131ttan sa\u011fland\u0131"},"content":{"rendered":"<p><img loading=\"lazy\" class=\"size-full wp-image-19244 aligncenter\" src=\"http:\/\/emlaktuel.com\/wp-content\/uploads\/2017\/11\/1511243743_TV_VE_KDV_GEL__R__N__N_D__RTTE_B__R___AKARYAKITTAN_SA__LANDI.jpeg\" alt=\"\" width=\"663\" height=\"398\" \/><\/p>\n<p>T\u00fcrkiye\u2019de \u00d6TV ve KDV\u2019den elde edilen gelirlerin yakla\u015f\u0131k d\u00f6rtte birlik k\u0131sm\u0131 akaryak\u0131ttan sa\u011flan\u0131yor.Bir litre benzinin y\u00fczde 60\u2019l\u0131k dilimini vergiler olu\u015ftururken, y\u00fczde 30&#8217;u \u00fcr\u00fcn ve geriye kalan y\u00fczde 8,6\u2019s\u0131 da\u011f\u0131t\u0131c\u0131-bayi, y\u00fczde 1,2\u2019si de toptanc\u0131n\u0131n kar marj\u0131nda olu\u015fuyor.<\/p>\n<p>Medya takibinin \u00f6nc\u00fc kurumu <strong>Ajans Press,<\/strong> vergi ve benzin fiyatlar\u0131 \u00fczerine medya incelemesi ger\u00e7ekle\u015ftirdi. Yap\u0131lan medya incelemesine g\u00f6re son zamanlarda meydana gelen art\u0131\u015fla, benzin ve mazot fiyatlar\u0131 T\u00fcrkiye tarihindeki en \u00fcst seviyeye ula\u015ft\u0131.<strong> Ajans Press\u2019in<\/strong> PETDER\u2019den elde etti\u011fi bilgilere g\u00f6re, T\u00fcrkiye y\u0131ll\u0131k ortalama 35 milyon ton akaryak\u0131t sat\u0131\u015f\u0131yla Avrupa \u00fclkeleri aras\u0131nda 6.s\u0131rada yer ald\u0131.Mazotun litre fiyat\u0131 ise tarihte ilk kez 5 liran\u0131n \u00fczerinde yer ald\u0131.Ge\u00e7ti\u011fimiz y\u0131l akaryak\u0131t da\u011f\u0131t\u0131m sekt\u00f6r\u00fc vergiler hari\u00e7 65 milyar lira ciroya ula\u015f\u0131rken, dolayl\u0131 vergiler eklendi\u011finde bu rakam 140 milyar liraya ula\u015ft\u0131.<\/p>\n<p><strong>AKARYAKIT F\u0130YATLARINA ZAM MEDYADA GEN\u0130\u015e YANSIMA BULDU<\/strong><\/p>\n<p>Akaryak\u0131ta yap\u0131lan son zamlarla birlikte 1 litre mazotun fiyat\u0131 \u0130stanbul Anadolu yakas\u0131nda ilk kez 5 liray\u0131 a\u015farken, benzin 5.50 liran\u0131n \u00fczerinde \u00e7\u0131kt\u0131 <strong>Ajans Press <\/strong>ve <strong>ITS Medya\u2019n\u0131n<\/strong> incelemesine g\u00f6re yap\u0131lan son zamlar \u00f6zellikle Kas\u0131m ay\u0131 i\u00e7erisinde bin 522 yaz\u0131l\u0131 bas\u0131n haberiyle konu\u015fulurken, internette 4 bin 891 haber yans\u0131mas\u0131 tespit edildi. Akaryak\u0131ta yap\u0131lan zamlar, T\u00fcrkiye\u2019nin Kas\u0131m ay\u0131nda en \u00e7ok konu\u015ftu\u011fu ba\u015fl\u0131klar aras\u0131nda yer ald\u0131.<\/p>\n","protected":false},"excerpt":{"rendered":"<p>T\u00fcrkiye\u2019de \u00d6TV ve KDV\u2019den elde edilen gelirlerin yakla\u015f\u0131k d\u00f6rtte birlik k\u0131sm\u0131 akaryak\u0131ttan sa\u011flan\u0131yor.Bir litre benzinin y\u00fczde 60\u2019l\u0131k dilimini vergiler olu\u015ftururken, y\u00fczde 30&#8217;u \u00fcr\u00fcn ve geriye kalan y\u00fczde 8,6\u2019s\u0131 da\u011f\u0131t\u0131c\u0131-bayi, y\u00fczde 1,2\u2019si de toptanc\u0131n\u0131n kar marj\u0131nda olu\u015fuyor. Medya takibinin \u00f6nc\u00fc kurumu Ajans Press, vergi ve benzin fiyatlar\u0131 \u00fczerine medya incelemesi ger\u00e7ekle\u015ftirdi. Yap\u0131lan medya incelemesine g\u00f6re son [&hellip;]<\/p>\n","protected":false},"author":1,"featured_media":19244,"comment_status":"open","ping_status":"open","sticky":false,"template":"","format":"standard","meta":{"ngg_post_thumbnail":0},"categories":[5213],"tags":[11438,183,11253,11157,511,11562,5751],"_links":{"self":[{"href":"https:\/\/emlaktuel.com\/index.php?rest_route=\/wp\/v2\/posts\/19243"}],"collection":[{"href":"https:\/\/emlaktuel.com\/index.php?rest_route=\/wp\/v2\/posts"}],"about":[{"href":"https:\/\/emlaktuel.com\/index.php?rest_route=\/wp\/v2\/types\/post"}],"author":[{"embeddable":true,"href":"https:\/\/emlaktuel.com\/index.php?rest_route=\/wp\/v2\/users\/1"}],"replies":[{"embeddable":true,"href":"https:\/\/emlaktuel.com\/index.php?rest_route=%2Fwp%2Fv2%2Fcomments&post=19243"}],"version-history":[{"count":1,"href":"https:\/\/emlaktuel.com\/index.php?rest_route=\/wp\/v2\/posts\/19243\/revisions"}],"predecessor-version":[{"id":19245,"href":"https:\/\/emlaktuel.com\/index.php?rest_route=\/wp\/v2\/posts\/19243\/revisions\/19245"}],"wp:featuredmedia":[{"embeddable":true,"href":"https:\/\/emlaktuel.com\/index.php?rest_route=\/wp\/v2\/media\/19244"}],"wp:attachment":[{"href":"https:\/\/emlaktuel.com\/index.php?rest_route=%2Fwp%2Fv2%2Fmedia&parent=19243"}],"wp:term":[{"taxonomy":"category","embeddable":true,"href":"https:\/\/emlaktuel.com\/index.php?rest_route=%2Fwp%2Fv2%2Fcategories&post=19243"},{"taxonomy":"post_tag","embeddable":true,"href":"https:\/\/emlaktuel.com\/index.php?rest_route=%2Fwp%2Fv2%2Ftags&post=19243"}],"curies":[{"name":"wp","href":"https:\/\/api.w.org\/{rel}","templated":true}]}}