{"id":19237,"date":"2017-11-21T12:45:18","date_gmt":"2017-11-21T09:45:18","guid":{"rendered":"http:\/\/emlaktuel.com\/?p=19237"},"modified":"2018-07-05T17:33:27","modified_gmt":"2018-07-05T14:33:27","slug":"incek-loft-sakinleri-brunch-etkinliginde-bulustu","status":"publish","type":"post","link":"https:\/\/emlaktuel.com\/?p=19237","title":{"rendered":"\u0130ncek Loft sakinleri brunch etkinli\u011finde bulu\u015ftu"},"content":{"rendered":"<p><img loading=\"lazy\" class=\"size-full wp-image-19238 aligncenter\" src=\"http:\/\/emlaktuel.com\/wp-content\/uploads\/2017\/11\/1511249534_Incek_Loft_Brunch.jpeg\" alt=\"\" width=\"1632\" height=\"1224\" \/><\/p>\n<p><strong>Ankara\u2019da Akfen \u0130n\u015faat taraf\u0131ndan hayata ge\u00e7irilen ve ya\u015fam\u0131n ba\u015flad\u0131\u011f\u0131 \u0130ncek Loft projesinde ya\u015fayan site sakinleri hafta sonu yap\u0131lan brunch etkinli\u011finde bir araya geldi. Yakla\u015f\u0131k 450 ki\u015finin kat\u0131ld\u0131\u011f\u0131 brunchda site sakinleri tan\u0131\u015fma ve kayna\u015fma f\u0131rsat\u0131 buldular<\/strong><\/p>\n<p>Ankara\u2019da Akfen \u0130n\u015faat taraf\u0131ndan hayata ge\u00e7irilen ve ya\u015fam\u0131n ba\u015flad\u0131\u011f\u0131 \u0130ncek Loft projesinde oturan site sakinleri hafta sonu brunch program\u0131nda bir araya geldi. \u0130ncek Loft BigChefs\u2019de ger\u00e7ekle\u015ftirilen ve yo\u011fun ilginin g\u00f6sterildi\u011fi brunch etkinli\u011fine yakla\u015f\u0131k 450 ki\u015fi kat\u0131ld\u0131. Keyifli bir etkinli\u011fe sahne olan brunchta site sakinleri birbirleriyle tan\u0131\u015fma ve keyifli zaman ge\u00e7irme f\u0131rsat\u0131 buldular.<\/p>\n<p><strong><a href=\"http:\/\/www.meydanardicli.com.tr\/landing\/?utm_source=emlak_sitesi&amp;utm_medium=display&amp;utm_term=08504609097&amp;utm_campaign=meydan\"><img loading=\"lazy\" class=\"alignleft size-full wp-image-17946\" src=\"http:\/\/emlaktuel.com\/wp-content\/uploads\/2017\/09\/300x250.jpg\" alt=\"\" width=\"300\" height=\"250\" \/><\/a>\u2018KOM\u015eULUK \u0130L\u0130\u015eK\u0130LER\u0130<\/strong><\/p>\n<p><strong>HER\u015eEYDEN \u00d6NEML\u0130\u2019<\/strong><\/p>\n<p>Konuyla ilgili bilgi veren Akfen Dan\u0131\u015fmanl\u0131k ve Proje Geli\u015ftirme Genel M\u00fcd\u00fcr\u00fc Bar\u0131\u015f Bar\u00e7ak, g\u00fcn\u00fcm\u00fczde insanlar\u0131n g\u00fcnl\u00fck ko\u015fu\u015fturmalar\u0131 i\u00e7erisinde kom\u015fuluk ili\u015fkilerine yeteri kadar zaman ay\u0131rma f\u0131rsat\u0131 bulamad\u0131klar\u0131na dikkat \u00e7ekti. Bar\u00e7ak, \u201cAkfen \u0130n\u015faat olarak \u015fimdiye kadar projelerimizde ya\u015fayan oturumcular\u0131n birbirleri ile daha fazla zaman ge\u00e7irmelerine y\u00f6nelik olarak bir\u00e7ok etkinlik d\u00fczenledik. \u00c7\u00fcnk\u00fc konut projelerinde insan fakt\u00f6r\u00fc ve bundan do\u011fan kom\u015fuluk ili\u015fkilerini her \u015feyden \u00f6nemli olarak g\u00f6r\u00fcyoruz. Projelere hayat veren asl\u0131nda bu t\u00fcr insan ili\u015fkileri. Bu kapsamda yeni aktiviteler i\u00e7in de planlamalar yap\u0131yoruz\u201d ifadelerini kulland\u0131.<\/p>\n","protected":false},"excerpt":{"rendered":"<p>Ankara\u2019da Akfen \u0130n\u015faat taraf\u0131ndan hayata ge\u00e7irilen ve ya\u015fam\u0131n ba\u015flad\u0131\u011f\u0131 \u0130ncek Loft projesinde ya\u015fayan site sakinleri hafta sonu yap\u0131lan brunch etkinli\u011finde bir araya geldi. Yakla\u015f\u0131k 450 ki\u015finin kat\u0131ld\u0131\u011f\u0131 brunchda site sakinleri tan\u0131\u015fma ve kayna\u015fma f\u0131rsat\u0131 buldular Ankara\u2019da Akfen \u0130n\u015faat taraf\u0131ndan hayata ge\u00e7irilen ve ya\u015fam\u0131n ba\u015flad\u0131\u011f\u0131 \u0130ncek Loft projesinde oturan site sakinleri hafta sonu brunch program\u0131nda bir [&hellip;]<\/p>\n","protected":false},"author":1,"featured_media":19238,"comment_status":"open","ping_status":"open","sticky":false,"template":"","format":"standard","meta":{"ngg_post_thumbnail":0},"categories":[26,97,5388],"tags":[937,3745,67,11354,1551,11292,106],"_links":{"self":[{"href":"https:\/\/emlaktuel.com\/index.php?rest_route=\/wp\/v2\/posts\/19237"}],"collection":[{"href":"https:\/\/emlaktuel.com\/index.php?rest_route=\/wp\/v2\/posts"}],"about":[{"href":"https:\/\/emlaktuel.com\/index.php?rest_route=\/wp\/v2\/types\/post"}],"author":[{"embeddable":true,"href":"https:\/\/emlaktuel.com\/index.php?rest_route=\/wp\/v2\/users\/1"}],"replies":[{"embeddable":true,"href":"https:\/\/emlaktuel.com\/index.php?rest_route=%2Fwp%2Fv2%2Fcomments&post=19237"}],"version-history":[{"count":2,"href":"https:\/\/emlaktuel.com\/index.php?rest_route=\/wp\/v2\/posts\/19237\/revisions"}],"predecessor-version":[{"id":19240,"href":"https:\/\/emlaktuel.com\/index.php?rest_route=\/wp\/v2\/posts\/19237\/revisions\/19240"}],"wp:featuredmedia":[{"embeddable":true,"href":"https:\/\/emlaktuel.com\/index.php?rest_route=\/wp\/v2\/media\/19238"}],"wp:attachment":[{"href":"https:\/\/emlaktuel.com\/index.php?rest_route=%2Fwp%2Fv2%2Fmedia&parent=19237"}],"wp:term":[{"taxonomy":"category","embeddable":true,"href":"https:\/\/emlaktuel.com\/index.php?rest_route=%2Fwp%2Fv2%2Fcategories&post=19237"},{"taxonomy":"post_tag","embeddable":true,"href":"https:\/\/emlaktuel.com\/index.php?rest_route=%2Fwp%2Fv2%2Ftags&post=19237"}],"curies":[{"name":"wp","href":"https:\/\/api.w.org\/{rel}","templated":true}]}}