{"id":19219,"date":"2017-11-18T12:09:13","date_gmt":"2017-11-18T09:09:13","guid":{"rendered":"http:\/\/emlaktuel.com\/?p=19219"},"modified":"2018-07-05T17:33:11","modified_gmt":"2018-07-05T14:33:11","slug":"nidapark-kucukyali-satis-ofisi-ve-ornek-dairelerinde-gonye-proje-tasarim-imzasi","status":"publish","type":"post","link":"https:\/\/emlaktuel.com\/?p=19219","title":{"rendered":"Nidapark K\u00fc\u00e7\u00fckyal\u0131 Sat\u0131\u015f Ofisi ve \u00d6rnek Dairelerinde G\u00f6nye Proje Tasar\u0131m \u0130mzas\u0131&#8230;"},"content":{"rendered":"<p><img loading=\"lazy\" class=\"size-full wp-image-19220\" src=\"http:\/\/emlaktuel.com\/wp-content\/uploads\/2017\/11\/1510743093_9._Sat_____Ofisi.jpg\" alt=\"\" width=\"6000\" height=\"4000\" \/><\/p>\n<h4><strong>\u0130n\u015faat ve gayrimenkul yat\u0131r\u0131m \u015firketleriyle \u00e7\u00f6z\u00fcm ortakl\u0131\u011f\u0131 yaparak, T\u00fcrkiye\u2019nin en \u00f6nemli rezidans, toplu konut ve ofis projelerinin i\u00e7 mimari tasar\u0131mlar\u0131na imza atan G\u00f6nye Proje Tasar\u0131m, Tahincio\u011flu taraf\u0131ndan hayata ge\u00e7irilen Nidapark K\u00fc\u00e7\u00fckyal\u0131 projesinin \u00f6rnek daire ve sat\u0131\u015f ofislerini tasarlad\u0131.<\/strong><\/h4>\n<p>Tahincio\u011flu yat\u0131r\u0131m\u0131yla Anadolu yakas\u0131n\u0131n en prestijli b\u00f6lgelerinden biri olan K\u00fc\u00e7\u00fckyal\u0131\u2019da hayata ge\u00e7irilecek olan <strong>Nidapark K\u00fc\u00e7\u00fckyal\u0131<\/strong> projesinin sat\u0131\u015f ofisi ve \u00f6rnek daireleri <strong>G\u00f6nye Proje Tasar\u0131m<\/strong> taraf\u0131ndan tasarland\u0131. <strong>G\u00f6nye Proje Tasar\u0131m<\/strong> ekibi, ticaret ve konut alanlar\u0131 ile birlikte okul, meydan ve park alanlar\u0131ndan olu\u015fan <strong>Nidapark K\u00fc\u00e7\u00fckyal\u0131<\/strong> projesinin yo\u011fun bir anayol \u00fczerinde konumlanan sat\u0131\u015f ofisinde, kullan\u0131c\u0131lar\u0131 beton g\u00f6r\u00fcnt\u00fcden ve trafik g\u00fcr\u00fclt\u00fcs\u00fcnden tamamen uzakla\u015ft\u0131ran ve nefes almalar\u0131n\u0131 sa\u011flayan, ye\u015fille i\u00e7 i\u00e7e, ferah bir tasar\u0131ma imza att\u0131.<\/p>\n<p>\u0130ki cepheden de g\u00fcne\u015f \u0131\u015f\u0131\u011f\u0131 alan <strong>Nidapark K\u00fc\u00e7\u00fckyal\u0131 Sat\u0131\u015f Ofisi<\/strong>\u2019nde olu\u015fturulan peyzaj alanlar\u0131yla birlikte malzemelerde do\u011fal dokulara yer vermeye \u00f6zen g\u00f6steren mimarlar, zeminde a\u00e7\u0131k renk mermer g\u00f6r\u00fcn\u00fcml\u00fc seramikler kullan\u0131rken duvarlarda dokulu boya ve a\u00e7\u0131k toprak tonlar\u0131nda duvar ka\u011f\u0131tlar\u0131n\u0131 tercih etmi\u015f.<\/p>\n<p>Sat\u0131\u015f birimlerine ayr\u0131 g\u00f6r\u00fc\u015fme alanlar\u0131 olu\u015ftururken aralar\u0131nda b\u00f6l\u00fcc\u00fc paneller yerine y\u00fcksek bitkiler kullanan <strong>Mimar Yelin Evcen<\/strong> ve <strong>\u0130\u00e7 Mimar G\u00f6n\u00fcl Ardal<\/strong>, b\u00f6ylelikle m\u00fc\u015fterilerin a\u011f\u0131rland\u0131\u011f\u0131 alanlar\u0131 \u00fc\u00e7 taraf\u0131ndan bitkilerle \u00e7evreleyerek d\u0131\u015f atmosferden uzak, botanik ve samimi mekanlar olu\u015fturmu\u015f. Tavanlarda ise her sat\u0131\u015f birimine \u00f6zel olarak, neredeyse mekan b\u00fcy\u00fckl\u00fc\u011f\u00fcnde ayd\u0131nlatma \u015fapkalar\u0131 tasarlayan mimarlar, tavandan sark\u0131t\u0131lan bu \u00fcr\u00fcnlerle ikonik ve vurucu bir etki yaratmay\u0131 ba\u015farm\u0131\u015f.<\/p>\n<h4>\u015e\u0131k detaylarla zenginle\u015fen, modern \u00f6rnek daireler\u2026<\/h4>\n<p><strong>Nidapark K\u00fc\u00e7\u00fckyal\u0131<\/strong> projesinin \u00f6rnek dairelerini de tasarlayan <strong>G\u00f6nye Proje Tasar\u0131m<\/strong>, g\u00f6rsel tasar\u0131m zenginli\u011fi ile birlikte fonksiyonlar\u0131 da \u00f6ncelikli tutarak, modern bir tasar\u0131m \u00e7izgisini malzeme se\u00e7imi ve ince detaylarla zenginle\u015ftirmi\u015f.<\/p>\n<p>Banyo, mutfak ve vestiyer alanlar\u0131ndaki dolap say\u0131lar\u0131n\u0131n ve depolama alanlar\u0131n\u0131n \u00f6zel olarak kurguland\u0131\u011f\u0131 \u00f6rnek dairenin zeminlerinde, giri\u015f alan\u0131ndan oda i\u00e7lerine da\u011f\u0131larak devam edecek \u015fekilde parke kullan\u0131m\u0131na yer vererek s\u0131cak bir ev hissinin daha ilk ad\u0131mdan itibaren alg\u0131lanmas\u0131n\u0131 hedeflemi\u015f. Banyo zemin ve duvarlarda do\u011fal ta\u015f g\u00f6r\u00fcn\u00fcml\u00fc seramiklerle duvar ka\u011f\u0131tlar\u0131n\u0131 dengeli bir \u015fekilde kullanarak s\u0131cak etkiyi \u0131slak hacimlerde de s\u00fcrd\u00fcren G\u00f6nye Proje Tasar\u0131m, mobilyalarda ah\u015fap g\u00f6r\u00fcn\u00fcml\u00fc kapaklar kullanm\u0131\u015f; banyo aynalar\u0131n\u0131 ise dolapl\u0131 tasarlayarak depolama alanlar\u0131 artt\u0131rm\u0131\u015f.<\/p>\n<p>Ya\u015fama alanlar\u0131nda kanepelerde yer alan \u015f\u0131k deri detaylar, \u00fczerinde kullan\u0131lan \u00f6zel tasarlanm\u0131\u015f deri detayl\u0131 yast\u0131klarla tamamlanm\u0131\u015f. Zeminde kullan\u0131lan hal\u0131lar, mobilya renklerinden yola \u00e7\u0131karak \u00f6zel olarak tasarlan\u0131p, \u00fcretilmi\u015f. TV paneli ve yemek masas\u0131nda ise do\u011fal mermer tercih edilmi\u015f.<\/p>\n<p>\u00d6rnek dairenin ya\u015fam alanlar\u0131ndaki modern ve \u015f\u0131k \u00e7izgi yatak odalar\u0131na da ta\u015f\u0131nm\u0131\u015f. Ebeveyn yatak odas\u0131n\u0131n giyinme b\u00f6l\u00fcm\u00fc, f\u00fcme cam seperat\u00f6rle ayr\u0131larak bu b\u00f6l\u00fcmde do\u011fal \u0131\u015f\u0131ktan yararlan\u0131lm\u0131\u015f. Yatak ba\u015f\u0131nda, geni\u015f ah\u015fap paneller i\u00e7erisinde zarif bronz metal detaylara yer verilmi\u015f.<\/p>\n<p><strong>Nidapark K\u00fc\u00e7\u00fckyal\u0131<\/strong> projesinin \u00f6rnek dairelerinde kullan\u0131lan t\u00fcm ya\u011fl\u0131 boya tablolar <strong>Ressam Esra Y\u0131lmaz<\/strong>\u00a0taraf\u0131ndan bu projeye \u00f6zel olarak haz\u0131rlanm\u0131\u015f.<\/p>\n<p><strong><i>G\u00f6nye Proje Tasar\u0131m Hakk\u0131nda:<\/i><\/strong><\/p>\n<p><strong><i>Mimar Yelin Evcen<\/i><\/strong><i> ve <strong>\u0130\u00e7 Mimar G\u00f6n\u00fcl Ardal<\/strong> taraf\u0131ndan kurulan \u0130stanbul merkezli i\u00e7 mimarl\u0131k ofisi <strong>G\u00f6nye Proje Tasar\u0131m<\/strong>, \u00e7\u00f6z\u00fcm orta\u011f\u0131 olarak birlikte yol ald\u0131\u011f\u0131 in\u015faat ve gayrimenkul yat\u0131r\u0131m \u015firketleri ile rezidans, toplu konut ve ofis projeleri ba\u015fta olmak \u00fczere bir \u00e7ok i\u00e7 mimari projeye imza at\u0131yor.<\/i><\/p>\n<p><i>Tasarlad\u0131\u011f\u0131 mekanlarda ya\u015fayacak ki\u015filerin zevkleri, ya\u015fam tarzlar\u0131 ve ihtiya\u00e7lar\u0131 do\u011frultusunda ba\u015flad\u0131\u011f\u0131 projeleri, i\u015fverenin verilerine uygun olarak haz\u0131rlad\u0131\u011f\u0131 konsept sunumu, fiyat analizleri, uygulama projelerinin haz\u0131rlanmas\u0131, proje imalat takibi, kalite kontrol s\u00fcreci ve i\u015f program\u0131 ile zaman\u0131nda teslim etmenin \u00f6nemini bilerek ger\u00e7ekle\u015ftiren <strong>G\u00f6nye Proje Tasar\u0131m<\/strong>, projenin tasar\u0131m \u00f6yk\u00fcs\u00fcnden uygulaman\u0131n son noktas\u0131na kadar, bir yandan ince detaylarla olu\u015fan konsept b\u00fct\u00fcnl\u00fc\u011f\u00fcn\u00fc korumak i\u00e7in \u00f6zen g\u00f6sterirken di\u011fer yandan da belirlenen maliyet hesaplar\u0131 \u00e7er\u00e7evesinde projeyi tamamlamak ilkesiyle \u00e7al\u0131\u015f\u0131yor.<\/i><\/p>\n<p><i>\u00dcretimlerini hayal etti\u011fi mekanlara i\u015fveren memnuniyeti ile sonu\u00e7lanan konsept ruhunu tatt\u0131rma ve birbirini tekrar etmeyen kaliteli projelere imza atma hedefiyle ger\u00e7ekle\u015ftiren <strong>G\u00f6nye Proje Tasar\u0131m<\/strong>, ele ald\u0131\u011f\u0131 projeleri, i\u015flevsel ve estetik tasar\u0131m anlay\u0131\u015f\u0131 ile y\u00f6nlendirerek sekt\u00f6rde fark yarat\u0131yor.<\/i><\/p>\n","protected":false},"excerpt":{"rendered":"<p>\u0130n\u015faat ve gayrimenkul yat\u0131r\u0131m \u015firketleriyle \u00e7\u00f6z\u00fcm ortakl\u0131\u011f\u0131 yaparak, T\u00fcrkiye\u2019nin en \u00f6nemli rezidans, toplu konut ve ofis projelerinin i\u00e7 mimari tasar\u0131mlar\u0131na imza atan G\u00f6nye Proje Tasar\u0131m, Tahincio\u011flu taraf\u0131ndan hayata ge\u00e7irilen Nidapark K\u00fc\u00e7\u00fckyal\u0131 projesinin \u00f6rnek daire ve sat\u0131\u015f ofislerini tasarlad\u0131. Tahincio\u011flu yat\u0131r\u0131m\u0131yla Anadolu yakas\u0131n\u0131n en prestijli b\u00f6lgelerinden biri olan K\u00fc\u00e7\u00fckyal\u0131\u2019da hayata ge\u00e7irilecek olan Nidapark K\u00fc\u00e7\u00fckyal\u0131 projesinin sat\u0131\u015f [&hellip;]<\/p>\n","protected":false},"author":1,"featured_media":19220,"comment_status":"open","ping_status":"open","sticky":false,"template":"","format":"standard","meta":{"ngg_post_thumbnail":0},"categories":[26,5217,97,5388],"tags":[180,11318,11320,11198,11341,5268,9667,7382,106,11155,11098],"_links":{"self":[{"href":"https:\/\/emlaktuel.com\/index.php?rest_route=\/wp\/v2\/posts\/19219"}],"collection":[{"href":"https:\/\/emlaktuel.com\/index.php?rest_route=\/wp\/v2\/posts"}],"about":[{"href":"https:\/\/emlaktuel.com\/index.php?rest_route=\/wp\/v2\/types\/post"}],"author":[{"embeddable":true,"href":"https:\/\/emlaktuel.com\/index.php?rest_route=\/wp\/v2\/users\/1"}],"replies":[{"embeddable":true,"href":"https:\/\/emlaktuel.com\/index.php?rest_route=%2Fwp%2Fv2%2Fcomments&post=19219"}],"version-history":[{"count":2,"href":"https:\/\/emlaktuel.com\/index.php?rest_route=\/wp\/v2\/posts\/19219\/revisions"}],"predecessor-version":[{"id":19260,"href":"https:\/\/emlaktuel.com\/index.php?rest_route=\/wp\/v2\/posts\/19219\/revisions\/19260"}],"wp:featuredmedia":[{"embeddable":true,"href":"https:\/\/emlaktuel.com\/index.php?rest_route=\/wp\/v2\/media\/19220"}],"wp:attachment":[{"href":"https:\/\/emlaktuel.com\/index.php?rest_route=%2Fwp%2Fv2%2Fmedia&parent=19219"}],"wp:term":[{"taxonomy":"category","embeddable":true,"href":"https:\/\/emlaktuel.com\/index.php?rest_route=%2Fwp%2Fv2%2Fcategories&post=19219"},{"taxonomy":"post_tag","embeddable":true,"href":"https:\/\/emlaktuel.com\/index.php?rest_route=%2Fwp%2Fv2%2Ftags&post=19219"}],"curies":[{"name":"wp","href":"https:\/\/api.w.org\/{rel}","templated":true}]}}